{"id":113276,"date":"2025-12-11T04:36:08","date_gmt":"2025-12-11T04:36:08","guid":{"rendered":"https:\/\/www.europesays.com\/fi\/113276\/"},"modified":"2025-12-11T04:36:08","modified_gmt":"2025-12-11T04:36:08","slug":"trump-puhelussa-eurooppalaisten-kanssa-tiukka-savy","status":"publish","type":"post","link":"https:\/\/www.europesays.com\/fi\/113276\/","title":{"rendered":"Trump: Puhelussa eurooppalaisten kanssa tiukka s\u00e4vy"},"content":{"rendered":"<p><strong class=\"typography-bold\">Yhdysvaltain presidentti Donald Trump kertoo voimakassanaisesta puhelusta eurooppalaisjohtajien kanssa.<\/strong><\/p>\n<p>Yhdysvaltain presidentti <strong class=\"typography-bold\">Donald Trump<\/strong> kertoo keskustelleensa Ranskan, Britannian ja Saksan johtajien kanssa Ukrainasta voimakkaita sanoja k\u00e4ytt\u00e4en.<\/p>\n<p>Trump esitti kommenttinsa toimittajille sen j\u00e4lkeen, kun h\u00e4n oli puhunut puhelimessa Britannian p\u00e4\u00e4ministerin<strong class=\"typography-bold\"> Keir Starmerin<\/strong>, Ranskan presidentin <strong class=\"typography-bold\">Emmanuel Macronin<\/strong> ja Saksan liittokanslerin <strong class=\"typography-bold\">Friedrich Merzin<\/strong> kanssa.<\/p>\n<p>\u2013\u2009Keskustelimme Ukrainasta melko voimakkain sanoin, Trump sanoi puhelusta kysyneille toimittajille.<\/p>\n<p>Trumpin mukaan eurooppalaisjohtajat haluaisivat j\u00e4rjest\u00e4\u00e4 viikonloppuna tapaamisen Ukrainasta Euroopassa. Trump sanoi, ettei h\u00e4n ole viel\u00e4 tehnyt p\u00e4\u00e4t\u00f6st\u00e4 tapaamisesta.<\/p>\n<p>\u2013\u2009Emme halua haaskata aikaa, h\u00e4n lis\u00e4si.<\/p>\n<p><strong class=\"typography-bold\">Lue my\u00f6s: <\/strong><a class=\"underline\" data-testid=\"internal-link\" role=\"link\" data-sentry-element=\"Link\" data-sentry-component=\"InternalLink\" data-sentry-source-file=\"InternalLink.tsx\" href=\"https:\/\/www.mtvuutiset.fi\/artikkeli\/ukrainalaislahteet-ukraina-lahetti-usa-lle-paivitetyn-version-rauhansuunnitelmasta\/9268600\" rel=\"nofollow noopener\" target=\"_blank\"><strong class=\"typography-bold\">Ukraina l\u00e4hetti USA:lle p\u00e4ivitetyn version rauhansuunnitelmasta, kertovat ukrainalaisl\u00e4hteet<\/strong><\/a><a class=\"underline\" data-testid=\"internal-link\" role=\"link\" data-sentry-element=\"Link\" data-sentry-component=\"InternalLink\" data-sentry-source-file=\"InternalLink.tsx\" href=\"https:\/\/www.mtvuutiset.fi\/artikkeli\/usa-saa-tosissaan-tehdyn-ukraina-paperin-mutta-riittaako-se-putin-pitaa-trumpia-narrina\/9268126\" rel=\"nofollow noopener\" target=\"_blank\"><strong class=\"typography-bold\">USA saa &#8221;tosissaan&#8221; tehdyn Ukraina-paperin, mutta riitt\u00e4\u00e4k\u00f6 se? &#8221;Putin pit\u00e4\u00e4 Trumpia narrina&#8221;<\/strong><\/a><br \/><a class=\"underline\" data-testid=\"internal-link\" role=\"link\" data-sentry-element=\"Link\" data-sentry-component=\"InternalLink\" data-sentry-source-file=\"InternalLink.tsx\" href=\"https:\/\/www.mtvuutiset.fi\/artikkeli\/trumpin-ukraina-vaatimuksesta-suuri-uhka-siviileille-jokaiseen-ystavalliseen-eleeseen-putin-vastaa-ohjusiskulla\/9268212\" rel=\"nofollow noopener\" target=\"_blank\"><\/a><\/p>\n","protected":false},"excerpt":{"rendered":"Yhdysvaltain presidentti Donald Trump kertoo voimakassanaisesta puhelusta eurooppalaisjohtajien kanssa. Yhdysvaltain presidentti Donald Trump kertoo keskustelleensa Ranskan, Britannian ja&hellip;\n","protected":false},"author":2,"featured_media":113277,"comment_status":"","ping_status":"","sticky":false,"template":"","format":"standard","meta":{"footnotes":""},"categories":[14],"tags":[22,23,26,27,33,31,30,17,24,25,28,29,15,18,21,32,19,20,56,16,59,60,61],"class_list":{"0":"post-113276","1":"post","2":"type-post","3":"status-publish","4":"format-standard","5":"has-post-thumbnail","7":"category-ulkomaat","8":"tag-breaking-news","9":"tag-breakingnews","10":"tag-featured-news","11":"tag-featurednews","12":"tag-fi","13":"tag-finland","14":"tag-finnish","15":"tag-headlines","16":"tag-latest-news","17":"tag-latestnews","18":"tag-main-news","19":"tag-mainnews","20":"tag-news","21":"tag-otsikot","22":"tag-paauutiset","23":"tag-suomi","24":"tag-top-stories","25":"tag-topstories","26":"tag-ulkomaat","27":"tag-uutiset","28":"tag-world","29":"tag-world-news","30":"tag-worldnews"},"share_on_mastodon":{"url":"https:\/\/pubeurope.com\/@fi\/115699081811724291","error":""},"_links":{"self":[{"href":"https:\/\/www.europesays.com\/fi\/wp-json\/wp\/v2\/posts\/113276","targetHints":{"allow":["GET"]}}],"collection":[{"href":"https:\/\/www.europesays.com\/fi\/wp-json\/wp\/v2\/posts"}],"about":[{"href":"https:\/\/www.europesays.com\/fi\/wp-json\/wp\/v2\/types\/post"}],"author":[{"embeddable":true,"href":"https:\/\/www.europesays.com\/fi\/wp-json\/wp\/v2\/users\/2"}],"replies":[{"embeddable":true,"href":"https:\/\/www.europesays.com\/fi\/wp-json\/wp\/v2\/comments?post=113276"}],"version-history":[{"count":0,"href":"https:\/\/www.europesays.com\/fi\/wp-json\/wp\/v2\/posts\/113276\/revisions"}],"wp:featuredmedia":[{"embeddable":true,"href":"https:\/\/www.europesays.com\/fi\/wp-json\/wp\/v2\/media\/113277"}],"wp:attachment":[{"href":"https:\/\/www.europesays.com\/fi\/wp-json\/wp\/v2\/media?parent=113276"}],"wp:term":[{"taxonomy":"category","embeddable":true,"href":"https:\/\/www.europesays.com\/fi\/wp-json\/wp\/v2\/categories?post=113276"},{"taxonomy":"post_tag","embeddable":true,"href":"https:\/\/www.europesays.com\/fi\/wp-json\/wp\/v2\/tags?post=113276"}],"curies":[{"name":"wp","href":"https:\/\/api.w.org\/{rel}","templated":true}]}}