{"id":113278,"date":"2025-12-11T04:37:12","date_gmt":"2025-12-11T04:37:12","guid":{"rendered":"https:\/\/www.europesays.com\/fi\/113278\/"},"modified":"2025-12-11T04:37:12","modified_gmt":"2025-12-11T04:37:12","slug":"taalla-maksettiin-eniten-kela-tukia-ilta-sanomat","status":"publish","type":"post","link":"https:\/\/www.europesays.com\/fi\/113278\/","title":{"rendered":"T\u00e4\u00e4ll\u00e4 maksettiin eniten Kela-tukia &#8211; Ilta-Sanomat"},"content":{"rendered":"<p class=\"article-body mb-nof-24 px-nof-16\">Elinkustannusten nousu ja ty\u00f6tt\u00f6myysetuuksien heikkeneminen kasvattivat viime vuonna summia, joita Kela maksoi etuuksina henke\u00e4 kohti. T\u00e4m\u00e4 k\u00e4y ilmi juuri ilmestyneest\u00e4 Kelan vuosikirjasta.<\/p>\n<p class=\"article-body mb-nof-24 px-nof-16\">Maksettujen etuuksien m\u00e4\u00e4r\u00e4ss\u00e4 oli kuntien v\u00e4lill\u00e4 suuria eroja. Suurimmat etuussummat asukasta kohden maksettiin It\u00e4- ja Pohjois-Suomessa, kun taas Etel\u00e4-Suomessa ja l\u00e4nsirannikolla etuussummat olivat keskim\u00e4\u00e4rin pienempi\u00e4, Kela kertoo tiedotteessaan.<\/p>\n<p class=\"article-body mb-nof-24 px-nof-16\">V\u00e4hiten etuuksia saivat L\u00e4nsi-Uudellamaalla sijaitsevan Inkoon asukkaat, joille Kela maksoi keskim\u00e4\u00e4rin 1\u202f967 euroa henkil\u00f6\u00e4 kohden. Pohjois-Savon Rautavaaralla etuuksia maksettiin taas eniten eli 4\u202f085 euroa henkil\u00f6\u00e4 kohti.<\/p>\n<p><img decoding=\"async\" src=\"https:\/\/images.sanoma-sndp.fi\/643bc98a2a378128e32f9e969429c0af.svg\" alt=\"\" class=\"_Img_1rerz_1\" style=\"aspect-ratio:0.58\" loading=\"eager\"\/><\/p>\n<p class=\"article-body mb-nof-24 px-nof-16\">Koko maassa maksettujen Kelan etuuksien m\u00e4\u00e4r\u00e4 on keskim\u00e4\u00e4rin 2\u202f830 euroa henke\u00e4 kohti.<\/p>\n<p class=\"article-body mb-nof-24 px-nof-16\">Sairaanhoitokorvauksia sai viime vuonna yli 3,8 miljoonaa henkil\u00f6\u00e4 ja lapsilisi\u00e4kin liki miljoona henkil\u00f6\u00e4. El\u00e4kkeit\u00e4 sai 566\u202f000 henkil\u00f6\u00e4, yleist\u00e4 asumistukea 382\u202f000 ruokakuntaa ja sairausp\u00e4iv\u00e4rahaa 306\u202f000 henkil\u00f6\u00e4.<\/p>\n<p class=\"article-body mb-nof-24 px-nof-16\">Ty\u00f6tt\u00f6myysetuuksia Kela maksoi 210\u202f000 henkil\u00f6lle ja perustoimeentulotukea 135\u202f000 kotitaloudelle.<\/p>\n<p class=\"article-body mb-nof-24 px-nof-16\">Kelan etuusmenot olivat viime vuonna 17,3 miljardia euroa, kun kaikkiaan Suomen sosiaaliturvan menot olivat 90,9 miljardia euroa.<\/p>\n<p class=\"article-body mb-nof-24 px-nof-16\">Kelan maksamista etuuksista sairausvakuutus\u00adetuuksia oli 5,2 miljardia euroa ja el\u00e4ke-etuuksia 2,7 miljardia euroa. Ty\u00f6tt\u00f6myysetuuksia Kela maksoi 1,9 miljardia euroa.<\/p>\n","protected":false},"excerpt":{"rendered":"Elinkustannusten nousu ja ty\u00f6tt\u00f6myysetuuksien heikkeneminen kasvattivat viime vuonna summia, joita Kela maksoi etuuksina henke\u00e4 kohti. T\u00e4m\u00e4 k\u00e4y ilmi&hellip;\n","protected":false},"author":2,"featured_media":113279,"comment_status":"","ping_status":"","sticky":false,"template":"","format":"standard","meta":{"footnotes":""},"categories":[12],"tags":[22,23,26,27,33,31,30,17,34,24,25,28,29,15,18,21,32,19,20,16],"class_list":{"0":"post-113278","1":"post","2":"type-post","3":"status-publish","4":"format-standard","5":"has-post-thumbnail","7":"category-suomi","8":"tag-breaking-news","9":"tag-breakingnews","10":"tag-featured-news","11":"tag-featurednews","12":"tag-fi","13":"tag-finland","14":"tag-finnish","15":"tag-headlines","16":"tag-ilta-sanomat","17":"tag-latest-news","18":"tag-latestnews","19":"tag-main-news","20":"tag-mainnews","21":"tag-news","22":"tag-otsikot","23":"tag-paauutiset","24":"tag-suomi","25":"tag-top-stories","26":"tag-topstories","27":"tag-uutiset"},"share_on_mastodon":{"url":"https:\/\/pubeurope.com\/@fi\/115699085911341440","error":""},"_links":{"self":[{"href":"https:\/\/www.europesays.com\/fi\/wp-json\/wp\/v2\/posts\/113278","targetHints":{"allow":["GET"]}}],"collection":[{"href":"https:\/\/www.europesays.com\/fi\/wp-json\/wp\/v2\/posts"}],"about":[{"href":"https:\/\/www.europesays.com\/fi\/wp-json\/wp\/v2\/types\/post"}],"author":[{"embeddable":true,"href":"https:\/\/www.europesays.com\/fi\/wp-json\/wp\/v2\/users\/2"}],"replies":[{"embeddable":true,"href":"https:\/\/www.europesays.com\/fi\/wp-json\/wp\/v2\/comments?post=113278"}],"version-history":[{"count":0,"href":"https:\/\/www.europesays.com\/fi\/wp-json\/wp\/v2\/posts\/113278\/revisions"}],"wp:featuredmedia":[{"embeddable":true,"href":"https:\/\/www.europesays.com\/fi\/wp-json\/wp\/v2\/media\/113279"}],"wp:attachment":[{"href":"https:\/\/www.europesays.com\/fi\/wp-json\/wp\/v2\/media?parent=113278"}],"wp:term":[{"taxonomy":"category","embeddable":true,"href":"https:\/\/www.europesays.com\/fi\/wp-json\/wp\/v2\/categories?post=113278"},{"taxonomy":"post_tag","embeddable":true,"href":"https:\/\/www.europesays.com\/fi\/wp-json\/wp\/v2\/tags?post=113278"}],"curies":[{"name":"wp","href":"https:\/\/api.w.org\/{rel}","templated":true}]}}