{"id":113313,"date":"2025-12-11T05:28:08","date_gmt":"2025-12-11T05:28:08","guid":{"rendered":"https:\/\/www.europesays.com\/fi\/113313\/"},"modified":"2025-12-11T05:28:08","modified_gmt":"2025-12-11T05:28:08","slug":"yllatys-sumun-turvin-ukrainan-merijalkavaelta-vastaisku","status":"publish","type":"post","link":"https:\/\/www.europesays.com\/fi\/113313\/","title":{"rendered":"Yll\u00e4tys sumun turvin &#8211; Ukrainan merijalkav\u00e4elt\u00e4 vastaisku"},"content":{"rendered":"<p class=\"ai-optimize-6 ai-optimize-introduction\">Ukrainan rintaman kiivaimmat taistelut on k\u00e4yty syksyn mittaan Donetskin alueella sijaitsevan Pokrovskin l\u00e4hialueella. Ven\u00e4j\u00e4 pit\u00e4\u00e4 yll\u00e4 kovista tappioista huolimatta painetta my\u00f6s monilla muilla alueilla, kuten Harkovan alueen it\u00e4osissa.<\/p>\n<p class=\"ai-optimize-7\">Marraskuussa rintaman etel\u00e4osassa Zapori\u017e\u017ejan alueella syntyi paikallinen l\u00e4pimurto ylivoimaisten ven\u00e4l\u00e4isjoukkojen hy\u00f6k\u00e4tty\u00e4 Huljaipolen kaupungin l\u00e4hialuetta puolustaneen prikaatin asemiin.<\/p>\n<p class=\"ai-optimize-7\">Sen alaiset pataljoonat vet\u00e4ytyiv\u00e4t taisteluiden paineessa, kunnes paikalle saatiin Ukrainan vahvistusjoukkoja.<\/p>\n<p class=\"ai-optimize-8\">Ukraina on pystynyt tekem\u00e4\u00e4n monin paikoin my\u00f6s onnistuneita vastahy\u00f6kk\u00e4yksi\u00e4. Ne pakottivat Ven\u00e4j\u00e4n vet\u00e4ytym\u00e4\u00e4n muun muassa Pokrovskin koillispuolelle loppukes\u00e4st\u00e4 muodostuneesta kiilasta.<\/p>\n<p class=\"ai-optimize-6\">Ven\u00e4l\u00e4isjoukkojen kerrotaan menett\u00e4neen viime p\u00e4ivin\u00e4 yli 50 sotilasta kaatuneina ja 20 antautuneina Dnipropetrovskin alueella k\u00e4ydyiss\u00e4 taisteluissa. Ivanivkan kyl\u00e4\u00e4n edenneet ven\u00e4l\u00e4iset yrittiv\u00e4t vahvistaa sillanp\u00e4\u00e4asemaansa Vovcha-joen pohjoispuolella. T\u00e4m\u00e4 mahdollistaisi idemp\u00e4n\u00e4 sijaitsevan Novopavlivkan sivustan uhkaamisen.<\/p>\n<p class=\"ai-optimize-7\">Ukrainan asevoimat kertoo varautuneensa huolellisesti vastaiskuun kokoamalla alueelle panssarivaunuja ja r\u00e4j\u00e4hdedrooneja. L\u00e4heinen joki erotti Ven\u00e4j\u00e4n etujoukot p\u00e4\u00e4voimista ja vahvisti kyl\u00e4n ylle syntynytt\u00e4 sumua.<\/p>\n<p class=\"ai-optimize-7\">S\u00e4\u00e4olosuhteiden vuoksi ven\u00e4l\u00e4isjoukot eiv\u00e4t pystyneet k\u00e4ytt\u00e4m\u00e4\u00e4n drooneja, mik\u00e4 v\u00e4hensi Ukrainan panssareille koituvaa riski\u00e4. <a href=\"https:\/\/euromaidanpress.com\/2025\/12\/07\/frontline-report-2025-12-07\/\" target=\"_blank\" rel=\"noopener nofollow\">Euromaidanpress<\/a>-sivusto huomauttaa my\u00f6s maaston suosineen ukrainalaisia, sill\u00e4 Ivanivkan ymp\u00e4rill\u00e4 on useita kukkuloita.<\/p>\n<p class=\"ai-optimize-8\">Ukrainan merijalkav\u00e4en 37. prikaatin sotilaat l\u00e4htiv\u00e4t hy\u00f6kk\u00e4ykseen sumun keskell\u00e4 Leopard 1A5 -panssarivaunun ja tykist\u00f6n tukemina. Leopard moukaroi ven\u00e4l\u00e4isten asemia kyl\u00e4ss\u00e4 samalla kun FPV-droonit iskeytyiv\u00e4t kohteisiinsa.<\/p>\n<p class=\"ai-optimize-9\">Merijalkav\u00e4en sotilaat eteniv\u00e4t Ivanivkaa ymp\u00e4r\u00f6ivilt\u00e4 kukkuloilta ja rynn\u00e4k\u00f6iv\u00e4t l\u00e4hitaistelussa ven\u00e4l\u00e4isten poteroihin.<\/p>\n<p class=\"ai-optimize-9\">Ukrainalaiset eteniv\u00e4t lyhyess\u00e4 ajassa 1,5 kilometriin syvyyteen noin viiden kilometrin leveydelt\u00e4. Ven\u00e4j\u00e4n joukot joutuivat vet\u00e4ytym\u00e4\u00e4n h\u00e4t\u00e4isesti Vovcha-jouen taakse.<\/p>\n<p><img fetchpriority=\"high\" decoding=\"async\" class=\"size-full wp-image-776460\" src=\"https:\/\/www.europesays.com\/fi\/wp-content\/uploads\/2025\/12\/ivanivka.jpg\" alt=\"\" width=\"1610\" height=\"877\"  \/>Ukrainan vapauttama alue merkitty karttaan sinisell\u00e4. \/ deepstatemap.live<\/p>\n","protected":false},"excerpt":{"rendered":"Ukrainan rintaman kiivaimmat taistelut on k\u00e4yty syksyn mittaan Donetskin alueella sijaitsevan Pokrovskin l\u00e4hialueella. Ven\u00e4j\u00e4 pit\u00e4\u00e4 yll\u00e4 kovista tappioista&hellip;\n","protected":false},"author":2,"featured_media":113314,"comment_status":"","ping_status":"","sticky":false,"template":"","format":"standard","meta":{"footnotes":""},"categories":[14],"tags":[22,23,26,27,33,31,30,17,24,25,28,29,15,18,21,32,19,20,56,16,987,59,60,61],"class_list":{"0":"post-113313","1":"post","2":"type-post","3":"status-publish","4":"format-standard","5":"has-post-thumbnail","7":"category-ulkomaat","8":"tag-breaking-news","9":"tag-breakingnews","10":"tag-featured-news","11":"tag-featurednews","12":"tag-fi","13":"tag-finland","14":"tag-finnish","15":"tag-headlines","16":"tag-latest-news","17":"tag-latestnews","18":"tag-main-news","19":"tag-mainnews","20":"tag-news","21":"tag-otsikot","22":"tag-paauutiset","23":"tag-suomi","24":"tag-top-stories","25":"tag-topstories","26":"tag-ulkomaat","27":"tag-uutiset","28":"tag-venajan-hyokkays","29":"tag-world","30":"tag-world-news","31":"tag-worldnews"},"share_on_mastodon":{"url":"https:\/\/pubeurope.com\/@fi\/115699286432530741","error":""},"_links":{"self":[{"href":"https:\/\/www.europesays.com\/fi\/wp-json\/wp\/v2\/posts\/113313","targetHints":{"allow":["GET"]}}],"collection":[{"href":"https:\/\/www.europesays.com\/fi\/wp-json\/wp\/v2\/posts"}],"about":[{"href":"https:\/\/www.europesays.com\/fi\/wp-json\/wp\/v2\/types\/post"}],"author":[{"embeddable":true,"href":"https:\/\/www.europesays.com\/fi\/wp-json\/wp\/v2\/users\/2"}],"replies":[{"embeddable":true,"href":"https:\/\/www.europesays.com\/fi\/wp-json\/wp\/v2\/comments?post=113313"}],"version-history":[{"count":0,"href":"https:\/\/www.europesays.com\/fi\/wp-json\/wp\/v2\/posts\/113313\/revisions"}],"wp:featuredmedia":[{"embeddable":true,"href":"https:\/\/www.europesays.com\/fi\/wp-json\/wp\/v2\/media\/113314"}],"wp:attachment":[{"href":"https:\/\/www.europesays.com\/fi\/wp-json\/wp\/v2\/media?parent=113313"}],"wp:term":[{"taxonomy":"category","embeddable":true,"href":"https:\/\/www.europesays.com\/fi\/wp-json\/wp\/v2\/categories?post=113313"},{"taxonomy":"post_tag","embeddable":true,"href":"https:\/\/www.europesays.com\/fi\/wp-json\/wp\/v2\/tags?post=113313"}],"curies":[{"name":"wp","href":"https:\/\/api.w.org\/{rel}","templated":true}]}}