{"id":113315,"date":"2025-12-11T05:29:09","date_gmt":"2025-12-11T05:29:09","guid":{"rendered":"https:\/\/www.europesays.com\/fi\/113315\/"},"modified":"2025-12-11T05:29:09","modified_gmt":"2025-12-11T05:29:09","slug":"han-hakkasi-minua-koko-paivan-jens-kukan-menneisyys-nousee-oikeussaliin","status":"publish","type":"post","link":"https:\/\/www.europesays.com\/fi\/113315\/","title":{"rendered":"\u201dH\u00e4n hakkasi minua koko p\u00e4iv\u00e4n\u201d \u2013 Jens Kukan menneisyys nousee oikeussaliin"},"content":{"rendered":"<p>Anneli Auerin tapaus|K\u00e4r\u00e4j\u00e4oikeus kuulee t\u00e4n\u00e4\u00e4n torstaina nelj\u00e4\u00e4 todistajaa, jotka ovat aiemmin kuvanneet Jens Kukan v\u00e4kivaltaisuutta. HS seuraa oikeudenk\u00e4ynti\u00e4 hetki hetkelt\u00e4.<\/p>\n<p>Lue tiivistelm\u00e4<\/p>\n<p>Tiivistelm\u00e4 on teko\u00e4lyn tekem\u00e4 ja ihmisen tarkistama.<\/p>\n<p class=\"article-body mb-nof-24 px-nof-16 sndp-summary-bullet-point-font\">Varsinais-Suomen k\u00e4r\u00e4j\u00e4oikeus kuulee t\u00e4n\u00e4\u00e4n Jens Kukan entist\u00e4 vaimoa, entist\u00e4 naisyst\u00e4v\u00e4\u00e4 ja kahta poikaa todistajina Auer-oikeudenk\u00e4ynniss\u00e4.<\/p>\n<p class=\"article-body mb-nof-24 px-nof-16 sndp-summary-bullet-point-font\">Todistajat kertoivat vuonna 2011 poliisin kuulusteluissa Kukan v\u00e4kivaltaisesta ja manipuloivasta k\u00e4yt\u00f6ksest\u00e4.<\/p>\n<p class=\"article-body mb-nof-24 px-nof-16 sndp-summary-bullet-point-font\">Korkein oikeus purki joulukuussa 2024 Anneli Auerin ja Jens Kukan aiemmat seksuaalirikostuomiot, kun Auerin lapset aikuisina peruivat lapsina antamansa kertomukset.<\/p>\n<p class=\"article-body mb-nof-24 px-nof-16\">Varsinais-Suomen k\u00e4r\u00e4j\u00e4oikeus kuulee t\u00e4n\u00e4\u00e4n torstaina nelj\u00e4 todistajaa, jotka tunsivat <a class=\"article-personlink\" href=\"https:\/\/www.hs.fi\/haku\/?query=Jens%20Kukan\" rel=\"nofollow noopener\" target=\"_blank\">Jens Kukan<\/a> l\u00e4heisesti 2000-luvun alussa: h\u00e4nen kaksi poikaansa sek\u00e4 entist\u00e4 vaimoaan ja entist\u00e4 naisyst\u00e4v\u00e4\u00e4ns\u00e4. Kuuleminen alkaa kello yhdeks\u00e4n.<\/p>\n<p class=\"article-body mb-nof-24 px-nof-16\">T\u00e4n\u00e4\u00e4n kuultavat todistajat antoivat vuonna 2011 poliisin kuulusteluissa yksityiskohtaisia kertomuksia Kukan k\u00e4yt\u00f6ksest\u00e4. Heid\u00e4n kertomuksensa piirt\u00e4v\u00e4t kuvan v\u00e4kivaltaisesta, manipuloivasta ja hallitsevasta miehest\u00e4.<\/p>\n<p class=\"article-body mb-nof-24 px-nof-16\">\u201dIs\u00e4 on vuosien varrella huomannut, ett\u00e4 h\u00e4n voi tehd\u00e4 mit\u00e4 vaan\u201d, vuonna 1991 syntynyt vanhempi poika kertoi poliisille.<\/p>\n<p class=\"article-body mb-nof-24 px-nof-16\">Korkein oikeus purki joulukuussa 2024 <a class=\"article-personlink\" href=\"https:\/\/www.hs.fi\/haku\/?query=Anneli%20Auerin\" rel=\"nofollow noopener\" target=\"_blank\">Anneli Auerin<\/a> ja Jens Kukan aiemmat seksuaalirikostuomiot, kun Auerin lapset aikuisina peruivat lapsina antamansa kertomukset. Uusi oikeudenk\u00e4ynti alkoi Varsinais-Suomen k\u00e4r\u00e4j\u00e4oikeudessa lokakuussa 2025.<\/p>\n<p class=\"article-body mb-nof-24 px-nof-16\">Vanhempi poika kertoi my\u00f6s is\u00e4ns\u00e4 suhteesta Anneli Aueriin. H\u00e4nen mukaansa is\u00e4 haukkui Aueria jatkuvasti &#8221;tyhm\u00e4ksi idiootti naiseksi&#8221;, mutta tajusi ettei kannattanut j\u00e4tt\u00e4\u00e4 t\u00e4t\u00e4, koska &#8221;sill\u00e4 oli paljon rahaa ja sen lis\u00e4ksi is\u00e4n mielest\u00e4 se nainen oli tyhm\u00e4&#8221;.<\/p>\n<p class=\"article-body mb-nof-24 px-nof-16\">Pojan mukaan Kukka sai Auerin ostamaan h\u00e4nelle yli 10\u202f000 euron moottoripy\u00f6r\u00e4n, jonka sittemmin myi ja sai rahaa itselleen.<\/p>\n<p class=\"article-body mb-nof-24 px-nof-16\">Nuorempi poika antoi viel\u00e4kin synkemm\u00e4n kuvan is\u00e4st\u00e4\u00e4n. H\u00e4n kertoi is\u00e4n saaneen \u201draivareita jos vaikka olimme sotkeneet vaatteemme vahingossa pihaleikkien yhteydess\u00e4\u201d.<\/p>\n<p class=\"article-body mb-nof-24 px-nof-16\">Poika muisteli erityisen raa&#8217;an v\u00e4kivaltaepisodin, jossa is\u00e4 l\u00f6i h\u00e4nt\u00e4 nyrkill\u00e4 rintaan ja seuraavana p\u00e4iv\u00e4n\u00e4 \u201dhakkasi minua koko p\u00e4iv\u00e4n ajan\u201d remmill\u00e4 ja nyrkeill\u00e4.<\/p>\n<p class=\"article-body mb-nof-24 px-nof-16\">Kukan entinen vaimo kertoi poliisikuulustelussa avioliitostaan vuosina 1991\u20132001.<\/p>\n<p class=\"article-body mb-nof-24 px-nof-16\">Entisen vaimon mukaan Kukka oli alistava ja v\u00e4kivaltainen aviomies: Kun vaimo ei \u201dymm\u00e4rt\u00e4nyt paikkaansa\u201d, Kukka \u201dkoulutti\u201d h\u00e4nt\u00e4.<\/p>\n<p class=\"article-body mb-nof-24 px-nof-16\">\u201dKouluttaminen oli fyysist\u00e4 ja henkist\u00e4 v\u00e4kivaltaa, jonka tarkoituksena oli n\u00f6yryytt\u00e4\u00e4 minua ja saada minut ymm\u00e4rt\u00e4m\u00e4\u00e4n paikkani.\u201d<\/p>\n<p class=\"article-body mb-nof-24 px-nof-16\">Entisen vaimon mukaan Kukka muun muassa istutti tai seisotti h\u00e4nt\u00e4 tietyss\u00e4 paikassa, l\u00f6i tai potki h\u00e4nt\u00e4 tai tuolia ohi menness\u00e4\u00e4n ja solvasi. My\u00f6s n\u00e4l\u00e4ss\u00e4 pit\u00e4minen oli \u201dkoulutustapa\u201d. Vaimo arveli Kukan nauttivan \u201dvallantunteesta ja alistamisesta\u201d<\/p>\n<p class=\"article-body mb-nof-24 px-nof-16\">Nelj\u00e4s todistaja, vuonna 1969 syntynyt nainen tapasi Kukan Suomi24-sivustolla marraskuussa 2005 eli vuotta ennen kuin Kukka ja Auer tapasivat samaisella sivustolla. Poliisikuulustelussa nainen kertoi, ett\u00e4 Kukka pahoinpiteli h\u00e4nt\u00e4 rajusti hein\u00e4kuussa 2006. Naisyst\u00e4v\u00e4 pakeni naapuriin ja joutui hakemaan Kukalle h\u00e4\u00e4d\u00f6n.<\/p>\n<p class=\"article-body mb-nof-24 px-nof-16\">Kukka on kiist\u00e4nyt naisten kertomukset v\u00e4kivallasta vedoten siihen, ett\u00e4 n\u00e4m\u00e4 suhtautuivat h\u00e4neen vihamielisesti. H\u00e4n ei ole saanut tuomiota naisten kertomista v\u00e4kivaltaisuuksista.<\/p>\n<p class=\"article-body mb-nof-24 px-nof-16\">Auerin ja Kukan seksuaalirikossyytteit\u00e4 aiemmalla kierroksella k\u00e4sitellyt k\u00e4r\u00e4j\u00e4oikeus piti Kukan luonneprofiilia v\u00e4kivaltaisuuteen taipuvaisena ja dominoivana.<\/p>\n<p class=\"article-body mb-nof-24 px-nof-16\">Kukka sai sakkotuomion poikansa pahoinpitelyst\u00e4. Poliisikuulustelussa h\u00e4n v\u00e4itti molempien poikiensa k\u00e4yneen h\u00e4nen p\u00e4\u00e4llens\u00e4.<\/p>\n<p class=\"article-body mb-nof-24 px-nof-16\">HS seuraa oikeudenk\u00e4ynti\u00e4 salissa hetki hetkelt\u00e4.<\/p>\n","protected":false},"excerpt":{"rendered":"Anneli Auerin tapaus|K\u00e4r\u00e4j\u00e4oikeus kuulee t\u00e4n\u00e4\u00e4n torstaina nelj\u00e4\u00e4 todistajaa, jotka ovat aiemmin kuvanneet Jens Kukan v\u00e4kivaltaisuutta. HS seuraa oikeudenk\u00e4ynti\u00e4&hellip;\n","protected":false},"author":2,"featured_media":113316,"comment_status":"","ping_status":"","sticky":false,"template":"","format":"standard","meta":{"footnotes":""},"categories":[12],"tags":[22,23,26,27,33,31,30,17,46,24,25,28,29,15,18,21,32,19,20,16],"class_list":{"0":"post-113315","1":"post","2":"type-post","3":"status-publish","4":"format-standard","5":"has-post-thumbnail","7":"category-suomi","8":"tag-breaking-news","9":"tag-breakingnews","10":"tag-featured-news","11":"tag-featurednews","12":"tag-fi","13":"tag-finland","14":"tag-finnish","15":"tag-headlines","16":"tag-helsingin-sanomat","17":"tag-latest-news","18":"tag-latestnews","19":"tag-main-news","20":"tag-mainnews","21":"tag-news","22":"tag-otsikot","23":"tag-paauutiset","24":"tag-suomi","25":"tag-top-stories","26":"tag-topstories","27":"tag-uutiset"},"share_on_mastodon":{"url":"https:\/\/pubeurope.com\/@fi\/115699290286948982","error":""},"_links":{"self":[{"href":"https:\/\/www.europesays.com\/fi\/wp-json\/wp\/v2\/posts\/113315","targetHints":{"allow":["GET"]}}],"collection":[{"href":"https:\/\/www.europesays.com\/fi\/wp-json\/wp\/v2\/posts"}],"about":[{"href":"https:\/\/www.europesays.com\/fi\/wp-json\/wp\/v2\/types\/post"}],"author":[{"embeddable":true,"href":"https:\/\/www.europesays.com\/fi\/wp-json\/wp\/v2\/users\/2"}],"replies":[{"embeddable":true,"href":"https:\/\/www.europesays.com\/fi\/wp-json\/wp\/v2\/comments?post=113315"}],"version-history":[{"count":0,"href":"https:\/\/www.europesays.com\/fi\/wp-json\/wp\/v2\/posts\/113315\/revisions"}],"wp:featuredmedia":[{"embeddable":true,"href":"https:\/\/www.europesays.com\/fi\/wp-json\/wp\/v2\/media\/113316"}],"wp:attachment":[{"href":"https:\/\/www.europesays.com\/fi\/wp-json\/wp\/v2\/media?parent=113315"}],"wp:term":[{"taxonomy":"category","embeddable":true,"href":"https:\/\/www.europesays.com\/fi\/wp-json\/wp\/v2\/categories?post=113315"},{"taxonomy":"post_tag","embeddable":true,"href":"https:\/\/www.europesays.com\/fi\/wp-json\/wp\/v2\/tags?post=113315"}],"curies":[{"name":"wp","href":"https:\/\/api.w.org\/{rel}","templated":true}]}}