{"id":113317,"date":"2025-12-11T05:30:10","date_gmt":"2025-12-11T05:30:10","guid":{"rendered":"https:\/\/www.europesays.com\/fi\/113317\/"},"modified":"2025-12-11T05:30:10","modified_gmt":"2025-12-11T05:30:10","slug":"ylen-saastot-iskivat-jalleen-yhteen-suosikkiohjelmaan","status":"publish","type":"post","link":"https:\/\/www.europesays.com\/fi\/113317\/","title":{"rendered":"Ylen s\u00e4\u00e4st\u00f6t iskiv\u00e4t j\u00e4lleen yhteen suosikkiohjelmaan"},"content":{"rendered":"<p>Sohvaperunat j\u00e4\u00e4v\u00e4t hetkellisesti pois ruudusta Ylen s\u00e4\u00e4st\u00f6jen takia.<\/p>\n<p class=\"paragraph\">Ylen Sohvaperunat-ohjelma tiedotti maanantaina, <a href=\"https:\/\/www.iltalehti.fi\/tv-ja-leffat\/86bee614-86c8-4012-97c2-c27f936c27e2\" rel=\"nofollow noopener\" target=\"_blank\">ettei ohjelmasta n\u00e4hd\u00e4 kev\u00e4\u00e4ll\u00e4 uusia jaksoja<\/a>.<\/p>\n<p class=\"paragraph\">Ylelt\u00e4 kerrotaan nyt Iltalehdelle, ett\u00e4 p\u00e4\u00e4t\u00f6ksen syyn\u00e4 on kustannuss\u00e4\u00e4st\u00f6t.<\/p>\n<p class=\"paragraph\">\u2013 Sohvaperunat pit\u00e4v\u00e4t taukoa kev\u00e4\u00e4n verran Ylen kustannuss\u00e4\u00e4st\u00f6jen vuoksi. Syksyll\u00e4 2026 kuitenkin jatketaan tavalliseen tapaan, Ylelt\u00e4 viestitet\u00e4\u00e4n Iltalehdelle.<\/p>\n<p class=\"paragraph\">Sohvaperunat-ohjelmaa on tehty 10 vuoden aikana yhteens\u00e4 20 tuotantokautta. Ohjelman ensimm\u00e4inen kausi esitettiin Ylell\u00e4 kev\u00e4\u00e4ll\u00e4 2015. Vuodesta 2017 l\u00e4htien uusia kausia on esitetty niin kev\u00e4isin kuin syksyisin.<\/p>\n<p class=\"paragraph\">Ylell\u00e4 oli isot muutosneuvottelut viime talvena. <a href=\"https:\/\/www.iltalehti.fi\/kotimaa\/dfde402e-1e40-4283-90fa-46f53a813144\" rel=\"nofollow noopener\" target=\"_blank\">Toiset muutosneuvottelut k\u00e4ytiin kev\u00e4\u00e4ll\u00e4<\/a>. S\u00e4\u00e4st\u00f6toimenpiteiden my\u00f6t\u00e4 moni Ylen ty\u00f6ntekij\u00e4 on menett\u00e4nyt ty\u00f6paikkansa ja esimerkiksi <a href=\"https:\/\/www.iltalehti.fi\/tv-ja-leffat\/d660b097-4396-479f-b659-3a1648d7e3d2\" rel=\"nofollow noopener\" target=\"_blank\">radio- ja televisiokuuluttajista luovuttiin kokonaan<\/a>.<\/p>\n<p class=\"paragraph\">S\u00e4\u00e4st\u00f6toimet ovat n\u00e4kyneet my\u00f6s monissa katsojien suosimissa televisio-ohjelmissa. Kev\u00e4\u00e4ll\u00e4 uutisoitiin, ett\u00e4 <a href=\"https:\/\/www.iltalehti.fi\/tv-ja-leffat\/8ac16bd6-fb21-4244-a04c-aa626b5ca1c3\" rel=\"nofollow noopener\" target=\"_blank\">Yle lopettaa Str\u00f6ms\u00f6-sarjan perinteiset televisiol\u00e4hetykset<\/a>. Kev\u00e4\u00e4n 2025 Euroviisuissa Suomen selostaja <strong>Mikko Silvennoinen<\/strong> <a href=\"https:\/\/www.iltalehti.fi\/viihdeuutiset\/2db87d93-d30e-43ca-b7ef-e9b7a6b395da\" rel=\"nofollow noopener\" target=\"_blank\">selosti viisut poikkeuksellisesti Pasilasta<\/a>, ei paikan p\u00e4\u00e4lt\u00e4 Baselista. Yle kertoi molemmissa tapauksissa, ett\u00e4 syyn\u00e4 oli kustannuss\u00e4\u00e4st\u00f6t.<\/p>\n","protected":false},"excerpt":{"rendered":"Sohvaperunat j\u00e4\u00e4v\u00e4t hetkellisesti pois ruudusta Ylen s\u00e4\u00e4st\u00f6jen takia. Ylen Sohvaperunat-ohjelma tiedotti maanantaina, ettei ohjelmasta n\u00e4hd\u00e4 kev\u00e4\u00e4ll\u00e4 uusia jaksoja.&hellip;\n","protected":false},"author":2,"featured_media":113318,"comment_status":"","ping_status":"","sticky":false,"template":"","format":"standard","meta":{"footnotes":""},"categories":[5],"tags":[35,22,23,26,27,33,31,30,17,24,25,28,29,1616,15,18,21,979,32,19,20,140,860,862,16],"class_list":{"0":"post-113317","1":"post","2":"type-post","3":"status-publish","4":"format-standard","5":"has-post-thumbnail","7":"category-otsikot","8":"tag-24h","9":"tag-breaking-news","10":"tag-breakingnews","11":"tag-featured-news","12":"tag-featurednews","13":"tag-fi","14":"tag-finland","15":"tag-finnish","16":"tag-headlines","17":"tag-latest-news","18":"tag-latestnews","19":"tag-main-news","20":"tag-mainnews","21":"tag-media-viestinta","22":"tag-news","23":"tag-otsikot","24":"tag-paauutiset","25":"tag-sahkoinen-media","26":"tag-suomi","27":"tag-top-stories","28":"tag-topstories","29":"tag-tv-ja-elokuvat","30":"tag-tyoelama","31":"tag-tyollisyys","32":"tag-uutiset"},"share_on_mastodon":{"url":"https:\/\/pubeurope.com\/@fi\/115699294135796042","error":""},"_links":{"self":[{"href":"https:\/\/www.europesays.com\/fi\/wp-json\/wp\/v2\/posts\/113317","targetHints":{"allow":["GET"]}}],"collection":[{"href":"https:\/\/www.europesays.com\/fi\/wp-json\/wp\/v2\/posts"}],"about":[{"href":"https:\/\/www.europesays.com\/fi\/wp-json\/wp\/v2\/types\/post"}],"author":[{"embeddable":true,"href":"https:\/\/www.europesays.com\/fi\/wp-json\/wp\/v2\/users\/2"}],"replies":[{"embeddable":true,"href":"https:\/\/www.europesays.com\/fi\/wp-json\/wp\/v2\/comments?post=113317"}],"version-history":[{"count":0,"href":"https:\/\/www.europesays.com\/fi\/wp-json\/wp\/v2\/posts\/113317\/revisions"}],"wp:featuredmedia":[{"embeddable":true,"href":"https:\/\/www.europesays.com\/fi\/wp-json\/wp\/v2\/media\/113318"}],"wp:attachment":[{"href":"https:\/\/www.europesays.com\/fi\/wp-json\/wp\/v2\/media?parent=113317"}],"wp:term":[{"taxonomy":"category","embeddable":true,"href":"https:\/\/www.europesays.com\/fi\/wp-json\/wp\/v2\/categories?post=113317"},{"taxonomy":"post_tag","embeddable":true,"href":"https:\/\/www.europesays.com\/fi\/wp-json\/wp\/v2\/tags?post=113317"}],"curies":[{"name":"wp","href":"https:\/\/api.w.org\/{rel}","templated":true}]}}