{"id":113319,"date":"2025-12-11T05:31:14","date_gmt":"2025-12-11T05:31:14","guid":{"rendered":"https:\/\/www.europesays.com\/fi\/113319\/"},"modified":"2025-12-11T05:31:14","modified_gmt":"2025-12-11T05:31:14","slug":"tutkijat-allistyivat-askettain-loydetylla-lajilla-on-hyvin-erikoinen-piirre","status":"publish","type":"post","link":"https:\/\/www.europesays.com\/fi\/113319\/","title":{"rendered":"Tutkijat \u00e4llistyiv\u00e4t: \u00c4skett\u00e4in l\u00f6ydetyll\u00e4 lajilla on hyvin erikoinen piirre"},"content":{"rendered":"<p>Termiitin p\u00e4\u00e4 muistuttaa nimitt\u00e4in h\u00e4mm\u00e4stytt\u00e4v\u00e4n paljon kaskelottivalaan p\u00e4\u00e4t\u00e4. Kaskelotti on maailman suurin hammasvalas ja kolmanneksi suurin el\u00e4in.<\/p>\n<p>Monille kaskelotti on tuttu Herman Melvillen klassikkoromaanista Moby Dick. Ja t\u00e4m\u00e4 l\u00e4hes makaaberi yht\u00e4l\u00e4isyys painoltaan 10 miljardia kertaa suuremman valaan kanssa innoitti tietenkin tutkijat antamaan termiitille nimen Cryptotermes mobydicki.<\/p>\n<p>Tutkijat kuvailevat <a href=\"https:\/\/doi.org\/10.3897\/zookeys.1258.166021\" class=\"hover:font-bold\" rel=\"nofollow noopener\" target=\"_blank\">l\u00f6yt\u00f6\u00e4\u00e4n<\/a> ZooKeys-lehdess\u00e4.<\/p>\n<p>P\u00e4\u00e4 on puolustusmenetelm\u00e4<\/p>\n<p>Termiitti on niin erikoinen, ett\u00e4 tutkijat olivat varmoja siit\u00e4, ett\u00e4 he olivat l\u00f6yt\u00e4neet aivan uuden lajin.<\/p>\n<p>Sivulta katsottuna termiitin ulkoneva etuosa ja pitk\u00e4nomainen p\u00e4\u00e4 muistuttavat kaskelottia, ja molemmilla el\u00e4imill\u00e4 alaleuka on l\u00e4hes kokonaan p\u00e4\u00e4n peitossa.<\/p>\n<p>Melko erikoinen p\u00e4\u00e4n muoto ei ole vain visuaalisesti silmiinpist\u00e4v\u00e4, vaan sill\u00e4 on my\u00f6s t\u00e4rke\u00e4 teht\u00e4v\u00e4 termiitin puolustautumisessa.<\/p>\n","protected":false},"excerpt":{"rendered":"Termiitin p\u00e4\u00e4 muistuttaa nimitt\u00e4in h\u00e4mm\u00e4stytt\u00e4v\u00e4n paljon kaskelottivalaan p\u00e4\u00e4t\u00e4. Kaskelotti on maailman suurin hammasvalas ja kolmanneksi suurin el\u00e4in. Monille&hellip;\n","protected":false},"author":2,"featured_media":113320,"comment_status":"","ping_status":"","sticky":false,"template":"","format":"standard","meta":{"footnotes":""},"categories":[117],"tags":[33,31,30,72,476,118,32,119,477],"class_list":{"0":"post-113319","1":"post","2":"type-post","3":"status-publish","4":"format-standard","5":"has-post-thumbnail","7":"category-luonto","8":"tag-fi","9":"tag-finland","10":"tag-finnish","11":"tag-luonto","12":"tag-nature","13":"tag-science","14":"tag-suomi","15":"tag-tiede","16":"tag-wildlife"},"share_on_mastodon":{"url":"https:\/\/pubeurope.com\/@fi\/115699298032809635","error":""},"_links":{"self":[{"href":"https:\/\/www.europesays.com\/fi\/wp-json\/wp\/v2\/posts\/113319","targetHints":{"allow":["GET"]}}],"collection":[{"href":"https:\/\/www.europesays.com\/fi\/wp-json\/wp\/v2\/posts"}],"about":[{"href":"https:\/\/www.europesays.com\/fi\/wp-json\/wp\/v2\/types\/post"}],"author":[{"embeddable":true,"href":"https:\/\/www.europesays.com\/fi\/wp-json\/wp\/v2\/users\/2"}],"replies":[{"embeddable":true,"href":"https:\/\/www.europesays.com\/fi\/wp-json\/wp\/v2\/comments?post=113319"}],"version-history":[{"count":0,"href":"https:\/\/www.europesays.com\/fi\/wp-json\/wp\/v2\/posts\/113319\/revisions"}],"wp:featuredmedia":[{"embeddable":true,"href":"https:\/\/www.europesays.com\/fi\/wp-json\/wp\/v2\/media\/113320"}],"wp:attachment":[{"href":"https:\/\/www.europesays.com\/fi\/wp-json\/wp\/v2\/media?parent=113319"}],"wp:term":[{"taxonomy":"category","embeddable":true,"href":"https:\/\/www.europesays.com\/fi\/wp-json\/wp\/v2\/categories?post=113319"},{"taxonomy":"post_tag","embeddable":true,"href":"https:\/\/www.europesays.com\/fi\/wp-json\/wp\/v2\/tags?post=113319"}],"curies":[{"name":"wp","href":"https:\/\/api.w.org\/{rel}","templated":true}]}}