{"id":113321,"date":"2025-12-11T05:42:10","date_gmt":"2025-12-11T05:42:10","guid":{"rendered":"https:\/\/www.europesays.com\/fi\/113321\/"},"modified":"2025-12-11T05:42:10","modified_gmt":"2025-12-11T05:42:10","slug":"seiska-topi-ja-nadja-sukari-paatyivat-lennolta-suoraan-sairaalaan-tuskat-jatkuivat-autossa","status":"publish","type":"post","link":"https:\/\/www.europesays.com\/fi\/113321\/","title":{"rendered":"Seiska: Topi ja Nadja Sukari p\u00e4\u00e4tyiv\u00e4t lennolta suoraan sairaalaan: \u201dTuskat jatkuivat autossa\u201d"},"content":{"rendered":"<p>Topi ja Nadja Sukari kertovat Seiskalle hurjasta paluulennostaan.<\/p>\n<p><img decoding=\"async\" class=\"image image-show image-preview\" src=\"https:\/\/www.europesays.com\/fi\/wp-content\/uploads\/2025\/12\/d37b06e29ac5e2be21ff5d53552a294c5e9edf1b5b090350525d7508a422601d.jpg\" alt=\"\"\/><img decoding=\"async\" class=\"image image-show\" src=\"https:\/\/www.europesays.com\/fi\/wp-content\/uploads\/2025\/12\/1765431730_122_d37b06e29ac5e2be21ff5d53552a294c5e9edf1b5b090350525d7508a422601d.jpg\" alt=\"\"\/><\/p>\n<p>Seiskan mukaan Topi ja Nadja palasivat Espanjasta Suomeen itsen\u00e4isyysp\u00e4iv\u00e4n\u00e4. Pete Anikari<\/p>\n<p class=\"paragraph\">Liikemies <strong>Toivo \u201dTopi\u201d Sukari<\/strong>, 71, ja h\u00e4nen puolisonsa <strong>Nadja Sukari<\/strong>, 54, kokivat ik\u00e4v\u00e4n k\u00e4\u00e4nteen itsen\u00e4isyysp\u00e4iv\u00e4n\u00e4 paluumatkallaan Espanjasta Suomeen, uutisoi <a href=\"https:\/\/www.seiska.fi\/vain-seiskassa\/topi-sukari-ja-nadja-rakas-okylomalle-ikava-loppu-salakuva\/2016259\" target=\"_blank\" rel=\"noopener nofollow\">Seiska<\/a>.<\/p>\n<p class=\"paragraph\">Lehden mukaan Nadja oli voinut niin pahoin, ett\u00e4 joutui k\u00e4ym\u00e4\u00e4n vessassa useampaan otteeseen tyhjent\u00e4m\u00e4ss\u00e4 oksennuspussiaan. Seiskan mukaan Topilla ja lentoem\u00e4nnill\u00e4 oli jopa puhetta h\u00e4t\u00e4laskun mahdollisuudesta.<\/p>\n<p class=\"paragraph\">Topi vahvistaa Seiskalle, ett\u00e4 lennolla oli tilanne p\u00e4\u00e4ll\u00e4. Topin mukaan Nadjan vatsakipu ja pahoinvointi alkoivat v\u00e4h\u00e4n ennen lentoa. Pienen pohdinnan j\u00e4lkeen pari p\u00e4\u00e4tti silti l\u00e4hte\u00e4 lennolle. Lentokoneessa Nadjan vointi meni \u201dtodella pahaksi\u201d.<\/p>\n<p>Topin mukaan Nadja-puolison pahoinvointi alkoi juuri ennen lentoa. Pete Anikari<\/p>\n<p class=\"paragraph\">Topista oli hirve\u00e4\u00e4 katsella Nadjan kiemurtelua, kun h\u00e4n ei itse pystynyt auttamaan puolisoaan. Topi kuvailee 4,5 tunnin paluulentoa \u201dtuskaiseksi\u201d. Lennolta selvitty\u00e4\u00e4n Topi soitti h\u00e4t\u00e4numeroon yritt\u00e4en saada ambulanssin paikalle. Heid\u00e4t ohjattiin kuitenkin p\u00e4ivystykseen Uudellamaalla.<\/p>\n<p class=\"paragraph\">\u2013 Tuskat jatkuivat autossa, ja ehdin tosiaan jo pel\u00e4t\u00e4, ett\u00e4 tuleeko t\u00e4ss\u00e4 l\u00e4ht\u00f6, Topi kertoo lehdelle.<\/p>\n<p class=\"paragraph\">Nadjaa tutkittiin p\u00e4ivystyksess\u00e4 ja pahoinvoinnin syy selvisi.<\/p>\n<p class=\"paragraph\">\u2013 Se oli ruokamyrkytys, olisiko ollut pilaantunutta ruokaa, Nadja kertoo lehdelle.<\/p>\n<p class=\"paragraph\">Sukarit kertoivat kes\u00e4ll\u00e4 <a href=\"https:\/\/www.iltalehti.fi\/viihdeuutiset\/a6669cbe-262a-427d-aefc-a079982ac453\" rel=\"nofollow noopener\" target=\"_blank\">Iltalehdelle<\/a> matkailumieltymyksist\u00e4\u00e4n. Sukarien mukaan Nadja nauttii ulkomailla viiden t\u00e4hden hotelleista, uusien ihmisten tapaamisesta ja erikoisten persoonien kanssa k\u00e4ydyist\u00e4 keskusteluista. Topi my\u00f6nsi, ettei matkustelisi niin paljoa ilman Nadjaa, mutta vaihtuvien maisemien hurmos on vienyt h\u00e4netkin mukanaan.<\/p>\n<p class=\"paragraph\">\u2013 Nyt haluan matkustaa niin kauan kuin vointi vain sen sallii, h\u00e4n sanoi.<\/p>\n<p class=\"paragraph\">Sukarit ovat pit\u00e4neet yht\u00e4 yli kahdeksan vuotta ja olleet naimisissa kuusi vuotta.<\/p>\n<p>Nadja kertoo h\u00e4nen pahoinvointinsa johtuneen ruokamyrkytyksest\u00e4. Pete Anikari<\/p>\n","protected":false},"excerpt":{"rendered":"Topi ja Nadja Sukari kertovat Seiskalle hurjasta paluulennostaan. Seiskan mukaan Topi ja Nadja palasivat Espanjasta Suomeen itsen\u00e4isyysp\u00e4iv\u00e4n\u00e4. Pete&hellip;\n","protected":false},"author":2,"featured_media":113322,"comment_status":"","ping_status":"","sticky":false,"template":"","format":"standard","meta":{"footnotes":""},"categories":[136],"tags":[35,407,137,33,31,30,408,501,2910,121,923,2461,32,109],"class_list":{"0":"post-113321","1":"post","2":"type-post","3":"status-publish","4":"format-standard","5":"has-post-thumbnail","7":"category-julkkikset","8":"tag-24h","9":"tag-celebrities","10":"tag-entertainment","11":"tag-fi","12":"tag-finland","13":"tag-finnish","14":"tag-julkkikset","15":"tag-laakaripalvelut","16":"tag-lentoliikenne-ilmaliikenne","17":"tag-liikenne-ja-kuljetus","18":"tag-matkustaminen","19":"tag-sairaalat-ja-terveyskeskukset","20":"tag-suomi","21":"tag-viihde"},"share_on_mastodon":{"url":"https:\/\/pubeurope.com\/@fi\/115699341484540971","error":""},"_links":{"self":[{"href":"https:\/\/www.europesays.com\/fi\/wp-json\/wp\/v2\/posts\/113321","targetHints":{"allow":["GET"]}}],"collection":[{"href":"https:\/\/www.europesays.com\/fi\/wp-json\/wp\/v2\/posts"}],"about":[{"href":"https:\/\/www.europesays.com\/fi\/wp-json\/wp\/v2\/types\/post"}],"author":[{"embeddable":true,"href":"https:\/\/www.europesays.com\/fi\/wp-json\/wp\/v2\/users\/2"}],"replies":[{"embeddable":true,"href":"https:\/\/www.europesays.com\/fi\/wp-json\/wp\/v2\/comments?post=113321"}],"version-history":[{"count":0,"href":"https:\/\/www.europesays.com\/fi\/wp-json\/wp\/v2\/posts\/113321\/revisions"}],"wp:featuredmedia":[{"embeddable":true,"href":"https:\/\/www.europesays.com\/fi\/wp-json\/wp\/v2\/media\/113322"}],"wp:attachment":[{"href":"https:\/\/www.europesays.com\/fi\/wp-json\/wp\/v2\/media?parent=113321"}],"wp:term":[{"taxonomy":"category","embeddable":true,"href":"https:\/\/www.europesays.com\/fi\/wp-json\/wp\/v2\/categories?post=113321"},{"taxonomy":"post_tag","embeddable":true,"href":"https:\/\/www.europesays.com\/fi\/wp-json\/wp\/v2\/tags?post=113321"}],"curies":[{"name":"wp","href":"https:\/\/api.w.org\/{rel}","templated":true}]}}