{"id":113323,"date":"2025-12-11T05:45:12","date_gmt":"2025-12-11T05:45:12","guid":{"rendered":"https:\/\/www.europesays.com\/fi\/113323\/"},"modified":"2025-12-11T05:45:12","modified_gmt":"2025-12-11T05:45:12","slug":"is-goldielocks-on-eronnut-voice-fi","status":"publish","type":"post","link":"https:\/\/www.europesays.com\/fi\/113323\/","title":{"rendered":"IS: Goldielocks on eronnut &#8211; Voice.fi"},"content":{"rendered":"<p>Laulaja-lauluntekij\u00e4 <strong>Goldielocks<\/strong>, oikealta nimelt\u00e4\u00e4n <strong>Ella M\u00e4ntynen<\/strong>, 24, kertoo <a href=\"https:\/\/www.is.fi\/viihde\/art-2000011682797.html\" target=\"_blank\" rel=\"noreferrer noopener nofollow\">Ilta-Sanomien<\/a> haastattelussa eronneensa pitk\u00e4aikaisesta poikayst\u00e4v\u00e4st\u00e4\u00e4n <strong>Mattia Minarinista<\/strong>.<\/p>\n<p>Goldielocks kertoi kev\u00e4\u00e4ll\u00e4 <a href=\"https:\/\/kotiliesi.fi\/ihmiset\/goldielocks\/\" target=\"_blank\" rel=\"noreferrer noopener nofollow\">Kotiliedelle<\/a> seurustelleensa poikayst\u00e4v\u00e4ns\u00e4 kanssa 17-vuotiaasta saakka.<\/p>\n<p>Lue my\u00f6s: <a href=\"https:\/\/www.voice.fi\/ilmiot\/a-235746\" title=\"Goldielocks jakaa Instagramissa tuntemuksia UMK-kakkossijastaan\" class=\"underline-custom !font-montserrat !font-bold !underline-offset-4 !decoration-4 !decoration-tilt-light !text-md\" rel=\"nofollow noopener\" target=\"_blank\">Goldielocks jakaa Instagramissa tuntemuksia UMK-kakkossijastaan<\/a><\/p>\n<p>Lue my\u00f6s: <a href=\"https:\/\/www.voice.fi\/muoti-ja-kauneus\/a-237772\" title=\"Mist\u00e4 koostuu n\u00e4ytt\u00e4v\u00e4 ja mukava matka-asu? Kolme tunnettua suomalaista jakaa muotivinkkins\u00e4\" class=\"underline-custom !font-montserrat !font-bold !underline-offset-4 !decoration-4 !decoration-tilt-light !text-md\" rel=\"nofollow noopener\" target=\"_blank\">Mist\u00e4 koostuu n\u00e4ytt\u00e4v\u00e4 ja mukava matka-asu? Kolme tunnettua suomalaista jakaa muotivinkkins\u00e4<\/a><\/p>\n<p>T\u00e4n\u00e4 vuonna pariskunta muutti Minarinin t\u00f6iden per\u00e4ss\u00e4 Pariisiin, mutta nyt heid\u00e4n tiens\u00e4 ovat eronneet.<\/p>\n<p>Goldielocks ei avaa tilannetta enemp\u00e4\u00e4 haastattelussa:<\/p>\n<p>Lue my\u00f6s: <a href=\"https:\/\/www.voice.fi\/musiikki\/a-240520\" title=\"Goldielocks saattaa tehd\u00e4 levy\u00e4 varten jopa 70 kappaletta \u2013 mutta mist\u00e4 tuotteliaisuus kumpuaa?\" class=\"underline-custom !font-montserrat !font-bold !underline-offset-4 !decoration-4 !decoration-tilt-light !text-md\" rel=\"nofollow noopener\" target=\"_blank\">Goldielocks saattaa tehd\u00e4 levy\u00e4 varten jopa 70 kappaletta \u2013 mutta mist\u00e4 tuotteliaisuus kumpuaa?<\/a><\/p>\n<p>Lue my\u00f6s: <a href=\"https:\/\/www.voice.fi\/musiikki\/kotimaisen-huippuartistin-suosittu-kiertue-saa-jatkoa\" title=\"Kotimaisen huippuartistin suosittu kiertue saa jatkoa\" class=\"underline-custom !font-montserrat !font-bold !underline-offset-4 !decoration-4 !decoration-tilt-light !text-md\" rel=\"nofollow noopener\" target=\"_blank\">Kotimaisen huippuartistin suosittu kiertue saa jatkoa<\/a><\/p>\n<p>\u2013 No sit\u00e4 mie en kommentoi enemp\u00e4\u00e4, kun se ei liity musiikkiin.<\/p>\n<p>H\u00e4n kertoo kuitenkin asuvansa edelleen Pariisissa ja asioiden olevan hyvin.<\/p>\n","protected":false},"excerpt":{"rendered":"Laulaja-lauluntekij\u00e4 Goldielocks, oikealta nimelt\u00e4\u00e4n Ella M\u00e4ntynen, 24, kertoo Ilta-Sanomien haastattelussa eronneensa pitk\u00e4aikaisesta poikayst\u00e4v\u00e4st\u00e4\u00e4n Mattia Minarinista. Goldielocks kertoi kev\u00e4\u00e4ll\u00e4&hellip;\n","protected":false},"author":2,"featured_media":113324,"comment_status":"","ping_status":"","sticky":false,"template":"","format":"standard","meta":{"footnotes":""},"categories":[133],"tags":[137,1664,33,31,30,32,206,156,109],"class_list":{"0":"post-113323","1":"post","2":"type-post","3":"status-publish","4":"format-standard","5":"has-post-thumbnail","7":"category-televisiot","8":"tag-entertainment","9":"tag-ero","10":"tag-fi","11":"tag-finland","12":"tag-finnish","13":"tag-suomi","14":"tag-televisiot","15":"tag-tv","16":"tag-viihde"},"share_on_mastodon":{"url":"https:\/\/pubeurope.com\/@fi\/115699353061158138","error":""},"_links":{"self":[{"href":"https:\/\/www.europesays.com\/fi\/wp-json\/wp\/v2\/posts\/113323","targetHints":{"allow":["GET"]}}],"collection":[{"href":"https:\/\/www.europesays.com\/fi\/wp-json\/wp\/v2\/posts"}],"about":[{"href":"https:\/\/www.europesays.com\/fi\/wp-json\/wp\/v2\/types\/post"}],"author":[{"embeddable":true,"href":"https:\/\/www.europesays.com\/fi\/wp-json\/wp\/v2\/users\/2"}],"replies":[{"embeddable":true,"href":"https:\/\/www.europesays.com\/fi\/wp-json\/wp\/v2\/comments?post=113323"}],"version-history":[{"count":0,"href":"https:\/\/www.europesays.com\/fi\/wp-json\/wp\/v2\/posts\/113323\/revisions"}],"wp:featuredmedia":[{"embeddable":true,"href":"https:\/\/www.europesays.com\/fi\/wp-json\/wp\/v2\/media\/113324"}],"wp:attachment":[{"href":"https:\/\/www.europesays.com\/fi\/wp-json\/wp\/v2\/media?parent=113323"}],"wp:term":[{"taxonomy":"category","embeddable":true,"href":"https:\/\/www.europesays.com\/fi\/wp-json\/wp\/v2\/categories?post=113323"},{"taxonomy":"post_tag","embeddable":true,"href":"https:\/\/www.europesays.com\/fi\/wp-json\/wp\/v2\/tags?post=113323"}],"curies":[{"name":"wp","href":"https:\/\/api.w.org\/{rel}","templated":true}]}}