{"id":113331,"date":"2025-12-11T05:53:07","date_gmt":"2025-12-11T05:53:07","guid":{"rendered":"https:\/\/www.europesays.com\/fi\/113331\/"},"modified":"2025-12-11T05:53:07","modified_gmt":"2025-12-11T05:53:07","slug":"sujuva-tiedonkulku-on-tyosuojelun-ja-tyoterveyshuollon-yhteistyon-edellytys","status":"publish","type":"post","link":"https:\/\/www.europesays.com\/fi\/113331\/","title":{"rendered":"Sujuva tiedonkulku on ty\u00f6suojelun ja ty\u00f6terveyshuollon yhteisty\u00f6n edellytys"},"content":{"rendered":"<p>Ty\u00f6terveyslaitoksen verkkouutinen 24.11.2025<\/p>\n<p>Ty\u00f6n vaarojen, kuormituksen ja voimavarojen arviointi edellytt\u00e4\u00e4 kokonaiskuvaa ty\u00f6paikan arjesta ja ajantasaista tietoa ty\u00f6olosuhteista. Ty\u00f6suojelun ja ty\u00f6terveyshuollon sujuva yhteisty\u00f6 on t\u00e4ss\u00e4 avainasemassa.<\/p>\n<p>\u2013 Digitalisaatio ja uudet teknologiat muuttavat ty\u00f6t\u00e4 nopeasti. Siksi ty\u00f6paikoilla tarvitaan entist\u00e4 j\u00e4rjestelm\u00e4llisemp\u00e4\u00e4 tietoa ty\u00f6oloista, sanoo johtava asiantuntija <strong>Sari Nissinen<\/strong> Ty\u00f6terveyslaitoksesta.<\/p>\n<p>Ty\u00f6terveyslaitoksen verkkosivuilla julkaistu toimintamalli tarjoaa konkreettisia keinoja ty\u00f6suojelun ja ty\u00f6terveyshuollon yhteisty\u00f6n kehitt\u00e4miseen. Sen avulla ty\u00f6paikoilla voidaan toteuttaa vaikuttavia toimenpiteit\u00e4 ty\u00f6n vaarojen ja kuormituksen v\u00e4hent\u00e4miseksi ja ty\u00f6kyvyn tukemiseksi.<\/p>\n<p>Riskien arviointi ja ty\u00f6paikkaselvitys muodostavat kokonaisuuden<\/p>\n<p>Riskien arviointi ja ty\u00f6paikkaselvitys ovat ty\u00f6n vaara-, kuormitus- ja voimavaratekij\u00f6iden arvioinnin keskeisi\u00e4 menetelmi\u00e4.\u00a0Riskien arvioinnin tulisi toimia ty\u00f6paikkaselvityksen perustana, mutta k\u00e4yt\u00e4nn\u00f6ss\u00e4 ne j\u00e4\u00e4v\u00e4t usein erillisiksi prosesseiksi.<br \/>\u00a0<br \/>Toimintamallin avulla riskien arviointi ja ty\u00f6paikkaselvitys voidaan kytke\u00e4 toisiinsa niin, ett\u00e4 tiedot t\u00e4ydent\u00e4v\u00e4t toisiaan.\u00a0Ty\u00f6nantaja toimittaa riskien arvioinnin tiedot ty\u00f6terveyshuollolle ennen ty\u00f6paikkaselvityst\u00e4, ja ty\u00f6paikkaselvityksess\u00e4 arvioitu ty\u00f6olojen terveydellinen merkitys puolestaan t\u00e4ydent\u00e4\u00e4 ja p\u00e4ivitt\u00e4\u00e4 riskien arviointia.<\/p>\n<p>Kun tieto kootaan yhteen, kokonaiskuva tarkentuu ja toimenpiteet voidaan kohdistaa t\u00e4sm\u00e4llisemmin.<\/p>\n<p>\u2013 Olennaista kaikessa yhteisty\u00f6ss\u00e4 on sopia selke\u00e4t k\u00e4yt\u00e4nn\u00f6t tiedon jakamiseen ja s\u00e4\u00e4nn\u00f6llisiin tapaamisiin sek\u00e4 kirjata sovittu yhteisty\u00f6 ty\u00f6terveyshuollon toimintasuunnitelmaan, Ty\u00f6terveyslaitoksen ylil\u00e4\u00e4k\u00e4ri <strong>Anniina Kainalainen<\/strong> muistuttaa.<\/p>\n<p><strong>Toimintamalli vastaa havaittuihin kehitt\u00e4mistarpeisiin<\/strong><\/p>\n<p>Toimintamalli perustuu kyselyihin ja haastatteluihin, joissa kartoitettiin ty\u00f6suojeluhenkil\u00f6st\u00f6n ja ty\u00f6terveyshuollon ammattilaisten yhteisty\u00f6n nykytilaa. Tulosten mukaan k\u00e4yt\u00e4nn\u00f6iss\u00e4 on vaihtelua erityisesti tiedonkulussa, vastuiden ja roolien selkeydess\u00e4 sek\u00e4 ty\u00f6terveyshuollon aktiivisuudessa.<\/p>\n<p>\u2013 Yhteisty\u00f6 koettiin sujuvimmaksi silloin, kun ty\u00f6terveyshuolto osallistui aktiivisesti ty\u00f6suojelun toimintaan ja ty\u00f6paikalla oli k\u00e4yt\u00f6ss\u00e4 ajantasaista kuormitustietoa. Malli on kehitetty juuri t\u00e4h\u00e4n tarpeeseen, Ty\u00f6terveyslaitoksen erikoistutkija <strong>Erja Sormunen<\/strong> kertoo.<\/p>\n<p>Toimintamalli on tarkoitettu ty\u00f6nantajille, ty\u00f6suojeluhenkil\u00f6st\u00f6lle, HR:lle ja ty\u00f6terveyshuollon ammattilaisille tukemaan ty\u00f6suojelun ja ty\u00f6terveyshuollon yhteisty\u00f6t\u00e4 osana ty\u00f6paikan ja ty\u00f6terveyshuollon yhteistoimintaa.<\/p>\n<p>Lue lis\u00e4\u00e4 ja ota materiaalit k\u00e4ytt\u00f6\u00f6n<\/p>\n<ul>\n<li>Tietoa ja uudet materiaalit l\u00f6ytyv\u00e4t\u00a0<a href=\"https:\/\/www.ttl.fi\/teemat\/tyoterveys\/tyoterveyshuolto\/tyoterveysyhteistyo#tyosuojelu\" rel=\"nofollow noopener\" target=\"_blank\">Ty\u00f6terveysyhteisty\u00f6<\/a>-sivulta (ttl.fi)<\/li>\n<li>Lis\u00e4\u00e4 ajankohtaisia ohjeita ja toimintamalleja ty\u00f6terveysyhteisty\u00f6h\u00f6n julkaistaan\u00a0<a href=\"https:\/\/www.ttl.fi\/teemat\/tyoterveys\/tyoterveyshuolto\/uudistuva-tyoterveyshuolto\" rel=\"nofollow noopener\" target=\"_blank\">Uudistuva ty\u00f6terveyshuolto<\/a> -sivulla (ttl.fi)<\/li>\n<li>Tutkimusartikkeli Analyzing Occupational Safety Managers\u2019 and Representatives\u2019 Assessments of Collaboration with Occupational Health Care julkaistaan\u00a0<a href=\"https:\/\/journals.sagepub.com\/home\/whs\" rel=\"nofollow noopener\" target=\"_blank\">Workplace Health &amp; Safety<\/a> -lehdess\u00e4 l\u00e4hiaikoina.<\/li>\n<li>Ohjeet ja materiaalit on toteutettu osana\u00a0<a href=\"https:\/\/hyvatyo.ttl.fi\/mielenterveyden-tyokalupakki\" rel=\"nofollow noopener\" target=\"_blank\">Mielenterveyden ty\u00f6kalupakki -hanketta<\/a>, joka\u00a0kuuluu Ty\u00f6el\u00e4m\u00e4n mielenterveysohjelmaan. Hankkeen rahoitus tulee EU:n kertaluonteisesta elpymisv\u00e4lineest\u00e4 (NextGeneration EU) sosiaali- ja terveysministeri\u00f6n kautta.<\/li>\n<\/ul>\n<p>Lis\u00e4tiedot<\/p>\n<ul>\n<li>Sari Nissinen, johtava asiantuntija, Ty\u00f6terveyslaitos,\u00a0sari.nissinen [at] ttl.fi (sari[dot]nissinen[at]ttl[dot]fi), 043 825 2435<\/li>\n<li>Anniina Kainalainen, ylil\u00e4\u00e4k\u00e4ri, Ty\u00f6terveyslaitos,\u00a0anniina.kainalainen [at] ttl.fi (anniina[dot]kainalainen[at]ttl[dot]fi), 050 464 0275<\/li>\n<li>Erja Sormunen, erikoistutkija, Ty\u00f6terveyslaitos,\u00a0erja.sormunen [at] ttl.fi (erja[dot]sormunen[at]ttl[dot]fi), 043 824 1344<\/li>\n<\/ul>\n","protected":false},"excerpt":{"rendered":"Ty\u00f6terveyslaitoksen verkkouutinen 24.11.2025 Ty\u00f6n vaarojen, kuormituksen ja voimavarojen arviointi edellytt\u00e4\u00e4 kokonaiskuvaa ty\u00f6paikan arjesta ja ajantasaista tietoa ty\u00f6olosuhteista. Ty\u00f6suojelun&hellip;\n","protected":false},"author":2,"featured_media":113332,"comment_status":"","ping_status":"","sticky":false,"template":"","format":"standard","meta":{"footnotes":""},"categories":[76],"tags":[79,77,33,31,30,32,78],"class_list":{"0":"post-113331","1":"post","2":"type-post","3":"status-publish","4":"format-standard","5":"has-post-thumbnail","7":"category-talous","8":"tag-business","9":"tag-economy","10":"tag-fi","11":"tag-finland","12":"tag-finnish","13":"tag-suomi","14":"tag-talous"},"share_on_mastodon":{"url":"https:\/\/pubeurope.com\/@fi\/115699384765708345","error":""},"_links":{"self":[{"href":"https:\/\/www.europesays.com\/fi\/wp-json\/wp\/v2\/posts\/113331","targetHints":{"allow":["GET"]}}],"collection":[{"href":"https:\/\/www.europesays.com\/fi\/wp-json\/wp\/v2\/posts"}],"about":[{"href":"https:\/\/www.europesays.com\/fi\/wp-json\/wp\/v2\/types\/post"}],"author":[{"embeddable":true,"href":"https:\/\/www.europesays.com\/fi\/wp-json\/wp\/v2\/users\/2"}],"replies":[{"embeddable":true,"href":"https:\/\/www.europesays.com\/fi\/wp-json\/wp\/v2\/comments?post=113331"}],"version-history":[{"count":0,"href":"https:\/\/www.europesays.com\/fi\/wp-json\/wp\/v2\/posts\/113331\/revisions"}],"wp:featuredmedia":[{"embeddable":true,"href":"https:\/\/www.europesays.com\/fi\/wp-json\/wp\/v2\/media\/113332"}],"wp:attachment":[{"href":"https:\/\/www.europesays.com\/fi\/wp-json\/wp\/v2\/media?parent=113331"}],"wp:term":[{"taxonomy":"category","embeddable":true,"href":"https:\/\/www.europesays.com\/fi\/wp-json\/wp\/v2\/categories?post=113331"},{"taxonomy":"post_tag","embeddable":true,"href":"https:\/\/www.europesays.com\/fi\/wp-json\/wp\/v2\/tags?post=113331"}],"curies":[{"name":"wp","href":"https:\/\/api.w.org\/{rel}","templated":true}]}}