{"id":113345,"date":"2025-12-11T06:15:13","date_gmt":"2025-12-11T06:15:13","guid":{"rendered":"https:\/\/www.europesays.com\/fi\/113345\/"},"modified":"2025-12-11T06:15:13","modified_gmt":"2025-12-11T06:15:13","slug":"vapiskaa-suomalaishiihtajat-frida-karlsson-osti-55-000-euron-salaisen-aseen","status":"publish","type":"post","link":"https:\/\/www.europesays.com\/fi\/113345\/","title":{"rendered":"Vapiskaa, suomalaishiiht\u00e4j\u00e4t \u2013 Frida Karlsson osti 55 000 euron \u201dsalaisen aseen\u201d"},"content":{"rendered":"<p>Frida Karlsson saa kollegoiltaan paljon viestej\u00e4 uudesta hankinnastaan.<\/p>\n<p><img decoding=\"async\" class=\"image image-show image-preview\" src=\"https:\/\/www.europesays.com\/fi\/wp-content\/uploads\/2025\/12\/0fd74122e4d91b74736fa66dd00ccf27ee23661223a8ebe057b033a0ea2a453c.jpg\" alt=\"\"\/><img decoding=\"async\" class=\"image image-show\" src=\"https:\/\/www.europesays.com\/fi\/wp-content\/uploads\/2025\/12\/1765433712_200_0fd74122e4d91b74736fa66dd00ccf27ee23661223a8ebe057b033a0ea2a453c.jpg\" alt=\"\"\/><\/p>\n<p>Frida Karlsson osti 55 000 euroa maksavan hiihtomattoj\u00e4rjestelm\u00e4n.  Pasi Liesimaa<\/p>\n<p class=\"paragraph\">Ruotsalainen maastohiihtot\u00e4hti <strong>Frida Karlsson<\/strong> on tehnyt poikkeuksellisen investoinnin jo k\u00e4ynniss\u00e4 olevaa arvokisakautta varten.<\/p>\n<p class=\"paragraph\">26-vuotias hiiht\u00e4j\u00e4 on hankkinut omaan autotalliinsa rullahiihtomattoj\u00e4rjestelm\u00e4n, jonka hinta on <a href=\"https:\/\/www.expressen.se\/sport\/langdskidor\/frida-karlssons-lyxkop-for-over-600-000-kronor\/\" target=\"_blank\" rel=\"noopener nofollow\">Expressenin<\/a> mukaan noin 55 000 euroa. Karlsson ei kuitenkaan paljastanut itse, kuinka paljon h\u00e4n pulitti uudesta v\u00e4lineest\u00e4\u00e4n.<\/p>\n<p class=\"paragraph\">Laitteen ominaisuudet ovat vaikuttavat: se ylt\u00e4\u00e4 40 kilometrin tuntinopeuteen ja jopa 20 prosentin nousukulmaan, mik\u00e4 mahdollistaa tarkasti kontrolloitujen harjoitusten tekemisen s\u00e4\u00e4olosuhteista riippumatta.<\/p>\n<p class=\"paragraph\">\u2013 Mielest\u00e4ni se on sijoitus ja toivon, ett\u00e4 se auttaa minua tavoitteessani, Karlsson kommentoi Expressenille hankintaansa.<\/p>\n<p>Hankinta her\u00e4tti huomiota<\/p>\n<p class=\"paragraph\">Karlssonin ratkaisu on huomioitu erityisen tarkasti Norjassa, joka on viime vuosina hallinnut maastohiihtoa. <strong>Tiril Udnes Weng<\/strong> kuvasi laitetta <a href=\"https:\/\/www.tv2.no\/sport\/northug-hyller-frida-karlsson-bor-frykte-henne\/17840348\/?\" target=\"_blank\" rel=\"noopener nofollow\">TV2:lle<\/a> \u201darjen luksuksena\u201d. Entinen huippuhiiht\u00e4j\u00e4 <strong>Petter Northug<\/strong> puolestaan totesi hankinnan olevan \u201dselv\u00e4 signaali kilpailijoille\u201d.<\/p>\n<p class=\"paragraph\">Samanlaisen laitteen omistavat TV2:n mukaan ainakin <strong>Johannes Thingnes B\u00f8<\/strong> sek\u00e4 <strong>Johannes H\u00f8sflot Kl\u00e6bo<\/strong>.<\/p>\n<p class=\"paragraph\">Karlsson kertoo, ett\u00e4 rullamattoa ovat k\u00e4ytt\u00e4neet ahkerasti my\u00f6s muut.<\/p>\n<p class=\"paragraph\">\u2013 On helppo p\u00e4\u00e4tell\u00e4, milloin ulkona on huono s\u00e4\u00e4, koska saan heti viestin, voiko mattoa lainata, h\u00e4n kertoo hymyss\u00e4 suin Expressenille.<\/p>\n<p class=\"paragraph\">Ruotsalaisella on jo merkitt\u00e4v\u00e4 meriittilista: kolme MM-kultaa, Tour de Skin voitto ja useita maailmancup-voittoja. Olympiakulta on kuitenkin toistaiseksi saavuttamatta, ja juuri siihen suuntaan uusi laite Karlssonin mukaan t\u00e4ht\u00e4\u00e4.<\/p>\n<p><a href=\"https:\/\/www.iltalehti.fi\/telkku\/?utm_source=iltalehti.fi&amp;utm_medium=almainternal&amp;utm_campaign=urheilu_artikkelibanneri&amp;utm_content=banner_612_a\" rel=\"nofollow noopener\" target=\"_blank\"><img decoding=\"async\" src=\"https:\/\/www.europesays.com\/fi\/wp-content\/uploads\/2025\/08\/7ef604e47d46ca174b7df4149bd3557dbde56a86d520f8e1b2125548b0a2e03a.png\" alt=\"TV-ohjelmat t\u00e4n\u00e4\u00e4n, TV-opas\"\/><\/a><\/p>\n","protected":false},"excerpt":{"rendered":"Frida Karlsson saa kollegoiltaan paljon viestej\u00e4 uudesta hankinnastaan. Frida Karlsson osti 55 000 euroa maksavan hiihtomattoj\u00e4rjestelm\u00e4n. Pasi Liesimaa&hellip;\n","protected":false},"author":2,"featured_media":113346,"comment_status":"","ping_status":"","sticky":false,"template":"","format":"standard","meta":{"footnotes":""},"categories":[158],"tags":[35,33,31,30,2096,41,3318,2668,159,32,160,161],"class_list":{"0":"post-113345","1":"post","2":"type-post","3":"status-publish","4":"format-standard","5":"has-post-thumbnail","7":"category-urheilu","8":"tag-24h","9":"tag-fi","10":"tag-finland","11":"tag-finnish","12":"tag-hiihtolajit","13":"tag-liikunta-ja-urheilu","14":"tag-maastohiihto","15":"tag-pohjoismaiset-hiihtolajit","16":"tag-sports","17":"tag-suomi","18":"tag-urheilu","19":"tag-urheilutapahtumat"},"share_on_mastodon":{"url":"https:\/\/pubeurope.com\/@fi\/115699471554444398","error":""},"_links":{"self":[{"href":"https:\/\/www.europesays.com\/fi\/wp-json\/wp\/v2\/posts\/113345","targetHints":{"allow":["GET"]}}],"collection":[{"href":"https:\/\/www.europesays.com\/fi\/wp-json\/wp\/v2\/posts"}],"about":[{"href":"https:\/\/www.europesays.com\/fi\/wp-json\/wp\/v2\/types\/post"}],"author":[{"embeddable":true,"href":"https:\/\/www.europesays.com\/fi\/wp-json\/wp\/v2\/users\/2"}],"replies":[{"embeddable":true,"href":"https:\/\/www.europesays.com\/fi\/wp-json\/wp\/v2\/comments?post=113345"}],"version-history":[{"count":0,"href":"https:\/\/www.europesays.com\/fi\/wp-json\/wp\/v2\/posts\/113345\/revisions"}],"wp:featuredmedia":[{"embeddable":true,"href":"https:\/\/www.europesays.com\/fi\/wp-json\/wp\/v2\/media\/113346"}],"wp:attachment":[{"href":"https:\/\/www.europesays.com\/fi\/wp-json\/wp\/v2\/media?parent=113345"}],"wp:term":[{"taxonomy":"category","embeddable":true,"href":"https:\/\/www.europesays.com\/fi\/wp-json\/wp\/v2\/categories?post=113345"},{"taxonomy":"post_tag","embeddable":true,"href":"https:\/\/www.europesays.com\/fi\/wp-json\/wp\/v2\/tags?post=113345"}],"curies":[{"name":"wp","href":"https:\/\/api.w.org\/{rel}","templated":true}]}}