{"id":113351,"date":"2025-12-11T06:20:07","date_gmt":"2025-12-11T06:20:07","guid":{"rendered":"https:\/\/www.europesays.com\/fi\/113351\/"},"modified":"2025-12-11T06:20:07","modified_gmt":"2025-12-11T06:20:07","slug":"lipsuuko-putinistien-ote-saksan-afd-puolueessa","status":"publish","type":"post","link":"https:\/\/www.europesays.com\/fi\/113351\/","title":{"rendered":"Lipsuuko putinistien ote Saksan AfD-puolueessa?"},"content":{"rendered":"<p>\u00c4\u00e4rioikeistolainen Vaihtoehto Saksalle -puolue (AfD) on arvioimassa uudelleen ulkopoliittista linjaansa ja ottamassa v\u00e4hitt\u00e4ist\u00e4 et\u00e4isyytt\u00e4 perinteisesti ihailemaansa <strong>Vladimir Putinin <\/strong>Ven\u00e4j\u00e4\u00e4n, kertoo saksalaistutkija <a href=\"https:\/\/www.americangerman.institute\/2025\/11\/the-far-right-alternative-for-germany-seeks-friends-in-washington\/\" target=\"_blank\" rel=\"nofollow noopener\">Klaus-Dieter Frankenberger<\/a> AGI-instituutin julkaisemassa analyysissa.<\/p>\n<p>T\u00e4lle linjanmuutokselle on h\u00e4nen mukaansa ainakin kaksi syyt\u00e4. Ensimm\u00e4inen on se, ett\u00e4 koska puolue n\u00e4kee Yhdysvaltain presidentin <strong>Donald Trumpin<\/strong> ideologisena liittolaisenaan useissa keskeisiss\u00e4 kysymyksiss\u00e4, kuten anti-wokeismissa ja maahanmuuton vastustamisessa, puoluetta aiemmin leimannut antiamerikkalaisuus on tekem\u00e4ss\u00e4 tilaa uudelle \u201dtransatlanttiselle liitolle\u201d.<\/p>\n<p>Toinen syy liittyy puolueen j\u00e4senm\u00e4\u00e4r\u00e4n kehitykseen. Syyskuusta 2023 hein\u00e4kuuhun 2025 AfD:n j\u00e4senm\u00e4\u00e4r\u00e4 kasvoi 34 000:sta 64 000:een eli l\u00e4hes kaksinkertaistui kahdessa vuodessa. Aiemmin puolue on ker\u00e4nnyt valtaosan kannatuksestaan entisen DDR:n alueelta, mutta tilanne saattaa olla v\u00e4hitellen muuttumassa.<\/p>\n<p>\u2013 Monet uusista j\u00e4senist\u00e4 ovat kotoisin L\u00e4nsi-Saksasta. Se, ett\u00e4 kasvu on suurempaa l\u00e4nness\u00e4 kuin id\u00e4ss\u00e4, voi muuttaa sis\u00e4ist\u00e4 voimatasapainoa, kuten <strong>Justus Bender <\/strong>on Frankfurter Allgemeine Zeitungissa <a href=\"https:\/\/www.faz.net\/aktuell\/politik\/inland\/afd-abgeordnete-wollen-sich-in-zukunft-besser-benehmen-110575236.html\" target=\"_blank\" rel=\"nofollow noopener\">todennut<\/a>, Frankenberger sanoo.<\/p>\n<p>\u2013 Sis\u00e4inen asetelma on muuttumassa, koska l\u00e4ntiset j\u00e4senet ovat v\u00e4hemm\u00e4n ihastuneita Ven\u00e4j\u00e4\u00e4n ja v\u00e4hemm\u00e4n vihamielisi\u00e4 Natoa kohtaan. Jos AfD aikoo vakavasti tavoitella poliittista valtaa, se ei voi vieraannuttaa n\u00e4it\u00e4 l\u00e4nnen ihmisi\u00e4, mutta ei my\u00f6sk\u00e4\u00e4n menett\u00e4\u00e4 Putin-mielisi\u00e4 kannattajiaan id\u00e4ss\u00e4, h\u00e4n toteaa.<\/p>\n<p>Kysymyst\u00e4 puolueen ulkopolitiikan suunnasta ei ole h\u00e4nen mukaansa viel\u00e4 ratkaistu, mutta sit\u00e4 koskevat erimielisyydet pulpahtavat pintaan yh\u00e4 useammin. Niin tapahtui j\u00e4lleen marraskuussa, jolloin kaksi AfD:n liittop\u00e4iv\u00e4edustajaa suunnitteli matkustavansa Ven\u00e4j\u00e4lle tapaamaan ex-presidentti <strong>Dmitri Medvedevi\u00e4<\/strong>. Puolueen varapuheenjohtaja <strong>Alice Weidel<\/strong> tuomitsi matkahankkeen kovin sanoin ja vakuutti, ettei ole n\u00e4kemyksineen yksin. Kohun seurauksena toinen edustajista luopui matkasta, toinen ei.<\/p>\n<p>\u2013 Alice Weidelin tukialue on lounaissaksalaisessa Baden-W\u00fcrttembergin osavaltiossa, joka on Saksan teollisen talouden keskus. H\u00e4nen strategisena tavoitteenaan on tehd\u00e4 AfD:st\u00e4 hallituskelpoinen ja luoda olosuhteet, joissa puolue p\u00e4\u00e4see k\u00e4ytt\u00e4m\u00e4\u00e4n valtaa kansallisella tasolla, Frankenberger taustoittaa.<\/p>\n<p>Valtakunnallisella tasolla AfD voisi h\u00e4nen mukaansa hallita vain koalitiossa liittokansleri Friedrich Merzin johtaman kristillisdemokraattisen CDU\/CSU:n kanssa ja vain, jos se luopuu kategorisen kielteisest\u00e4 asenteestaan yhteisty\u00f6h\u00f6n \u00e4\u00e4rioikeistopuolueen kanssa. Samaan aikaan kuin Weidel pyrkii tasoittamaan tiet\u00e4 yhteisty\u00f6lle, it\u00e4saksalainen liittop\u00e4iv\u00e4edustaja <strong>Tino Chrupa<\/strong> kalastelee yh\u00e4 kannatusta Ven\u00e4j\u00e4-my\u00f6nteisell\u00e4 retoriikalla. T\u00e4m\u00e4 puolueen sis\u00e4inen it\u00e4-l\u00e4nsi-vastakkainasettelu ratkaisee lopulta sen ulkopoliittisen linjan.<\/p>\n","protected":false},"excerpt":{"rendered":"\u00c4\u00e4rioikeistolainen Vaihtoehto Saksalle -puolue (AfD) on arvioimassa uudelleen ulkopoliittista linjaansa ja ottamassa v\u00e4hitt\u00e4ist\u00e4 et\u00e4isyytt\u00e4 perinteisesti ihailemaansa Vladimir Putinin&hellip;\n","protected":false},"author":2,"featured_media":113352,"comment_status":"","ping_status":"","sticky":false,"template":"","format":"standard","meta":{"footnotes":""},"categories":[14],"tags":[22,23,26,27,33,31,30,17,24,25,28,29,15,18,21,32,19,20,56,16,59,60,61],"class_list":{"0":"post-113351","1":"post","2":"type-post","3":"status-publish","4":"format-standard","5":"has-post-thumbnail","7":"category-ulkomaat","8":"tag-breaking-news","9":"tag-breakingnews","10":"tag-featured-news","11":"tag-featurednews","12":"tag-fi","13":"tag-finland","14":"tag-finnish","15":"tag-headlines","16":"tag-latest-news","17":"tag-latestnews","18":"tag-main-news","19":"tag-mainnews","20":"tag-news","21":"tag-otsikot","22":"tag-paauutiset","23":"tag-suomi","24":"tag-top-stories","25":"tag-topstories","26":"tag-ulkomaat","27":"tag-uutiset","28":"tag-world","29":"tag-world-news","30":"tag-worldnews"},"share_on_mastodon":{"url":"https:\/\/pubeurope.com\/@fi\/115699490769882677","error":""},"_links":{"self":[{"href":"https:\/\/www.europesays.com\/fi\/wp-json\/wp\/v2\/posts\/113351","targetHints":{"allow":["GET"]}}],"collection":[{"href":"https:\/\/www.europesays.com\/fi\/wp-json\/wp\/v2\/posts"}],"about":[{"href":"https:\/\/www.europesays.com\/fi\/wp-json\/wp\/v2\/types\/post"}],"author":[{"embeddable":true,"href":"https:\/\/www.europesays.com\/fi\/wp-json\/wp\/v2\/users\/2"}],"replies":[{"embeddable":true,"href":"https:\/\/www.europesays.com\/fi\/wp-json\/wp\/v2\/comments?post=113351"}],"version-history":[{"count":0,"href":"https:\/\/www.europesays.com\/fi\/wp-json\/wp\/v2\/posts\/113351\/revisions"}],"wp:featuredmedia":[{"embeddable":true,"href":"https:\/\/www.europesays.com\/fi\/wp-json\/wp\/v2\/media\/113352"}],"wp:attachment":[{"href":"https:\/\/www.europesays.com\/fi\/wp-json\/wp\/v2\/media?parent=113351"}],"wp:term":[{"taxonomy":"category","embeddable":true,"href":"https:\/\/www.europesays.com\/fi\/wp-json\/wp\/v2\/categories?post=113351"},{"taxonomy":"post_tag","embeddable":true,"href":"https:\/\/www.europesays.com\/fi\/wp-json\/wp\/v2\/tags?post=113351"}],"curies":[{"name":"wp","href":"https:\/\/api.w.org\/{rel}","templated":true}]}}