{"id":113357,"date":"2025-12-11T06:34:12","date_gmt":"2025-12-11T06:34:12","guid":{"rendered":"https:\/\/www.europesays.com\/fi\/113357\/"},"modified":"2025-12-11T06:34:12","modified_gmt":"2025-12-11T06:34:12","slug":"jethro-rostedt-paljastus-valeista-hjallis-harkimoon","status":"publish","type":"post","link":"https:\/\/www.europesays.com\/fi\/113357\/","title":{"rendered":"Jethro Rostedt: Paljastus v\u00e4leist\u00e4 Hjallis Harkimoon!"},"content":{"rendered":"<p>            Johanna Hintikka, Atte Kajova,\n        <\/p>\n<p class=\"subtitle \">Jethro paljastaa Seiskalle, mitk\u00e4 ovat h\u00e4nen v\u00e4lins\u00e4 Hjalliksen kanssa t\u00e4t\u00e4 nyky\u00e4.<\/p>\n<p class=\"article-content article-content-width !bg-background\"> ja  ovat liikemiesten cr\u00e8me de la cr\u00e8me \u2013 tai ovat ainakin olleet.<\/p>\n<p class=\"font-weight-bold m-font-weight-bold article-content article-content-width !bg-background\">Video: Jethro kommentoi tuomiotaan syyskuussa.<\/p>\n<p class=\"article-content article-content-width !bg-background\">\u201dJeti\u201d tuomittiin syksyll\u00e4 Varsinais-Suomen k\u00e4r\u00e4j\u00e4oikeudessa kolmesta t\u00f6rke\u00e4st\u00e4 ja yhdest\u00e4 perusmuotoisesta veropetoksesta yhden vuoden ja kahdeksan kuukauden mittaiseen ehdolliseen vankeuteen.<\/p>\n<p class=\"article-content article-content-width !bg-background\">Koska Jeti tunnusti rikokset, h\u00e4n v\u00e4ltti ehdottoman vankeustuomion.<\/p>\n<p class=\"article-content article-content-width !bg-background\">Helsingin Sanomat kertoi kuitenkin viime viikolla, ett\u00e4 aluesyytt\u00e4j\u00e4 on valittanut k\u00e4r\u00e4j\u00e4oikeuden tuomiosta hovioikeuteen ja vaatii Diili-ohjelmasta aikoinaan julkisuuteen nousseelle turkulaiselle ehdollisen rangaistuksen sijaan ehdotonta vankeusrangaistusta.<\/p>\n<p>        <a itemprop=\"url\" href=\"https:\/\/www.seiska.fi\/kotimaa\/jethro-rostedt-kuolonkolarissa\/1999517\" rel=\"nofollow noopener\" target=\"_blank\"><\/p>\n<p>\nJethro Rostedt\n<\/p>\n<p class=\"section-date\">\n        <strong class=\"article-section\" data-section=\"kotimaa\"><br \/>\n            kotimaa<br \/>\n        <\/strong><br \/>\n        21.11. 09:26\n    <\/p>\n<p>Jethro Rostedt kuolonkolarissa\n    <\/p>\n<p itemprop=\"description\" class=\"subtitle \">\n    Vietnamissa matkalla ollut Jethro oli juuri saapunut Thaimaan p\u00e4\u00e4kaupunkiin Bangkokiin joutuessaan onnettomuuteen.\n<\/p>\n<p>        <\/a><\/p>\n<p class=\"article-content article-content-width !bg-background\">Syytt\u00e4j\u00e4 haluaisi siis Jetin suorittavan tuomionsa vankilassa.<\/p>\n<p class=\"article-content article-content-width !bg-background\">Omassa vastavalituksessaan Jeti taas ajaa tuomionsa lyhent\u00e4mist\u00e4 sek\u00e4 yhdyskuntapalvelun poistamista.<\/p>\n<p>                <img decoding=\"async\" src=\"https:\/\/www.europesays.com\/fi\/wp-content\/uploads\/2025\/12\/2017873.webp\" width=\"576\" height=\"322\" alt=\"Kolme cowboyta vuonna 2019: Hjallis Harkimo, Jethro Rostedt ja Sedu Koskinen.\" loading=\"lazy\" \/>            <\/p>\n<p>\n            Kolme cowboyta vuonna 2019: Hjallis Harkimo, Jethro Rostedt ja Sedu Koskinen.<br \/>\n            Pasi Murto\n        <\/p>\n<p>Reissumies<\/p>\n<p class=\"article-content article-content-width !bg-background\">Yht\u00e4 kaikki Jetin matka on ollut somessa nopeaa, sill\u00e4 h\u00e4n on viime aikoina tehnyt muun muassa reissuvideoita maailman \u00e4\u00e4rist\u00e4.<\/p>\n<p class=\"article-content article-content-width !bg-background\">Osallistuipa h\u00e4n viime viikolla my\u00f6s er\u00e4\u00e4seen Pacthousen teht\u00e4v\u00e4\u00e4n, jossa ohjelman kilpailijat tekiv\u00e4t ruokia tuomaristolle \u2013 joista yksi oli juuri Jeti.<\/p>\n<p>        <a itemprop=\"url\" href=\"https:\/\/www.seiska.fi\/vain-seiskassa\/kelly-kalonji-joi-vetta-suoraan-vessanpontosta-video\/2010574\" rel=\"nofollow noopener\" target=\"_blank\"><\/p>\n<p>\nVideo!\n<\/p>\n<p class=\"section-date\">\n        <strong class=\"article-section\" data-section=\"vain seiskassa\"><br \/>\n            vain seiskassa<br \/>\n        <\/strong><br \/>\n        3.12. 18:00\n    <\/p>\n<p>Kelly Kalonji joi vett\u00e4 suoraan vessanp\u00f6nt\u00f6st\u00e4 \u2013 video!\n    <\/p>\n<p itemprop=\"description\" class=\"subtitle \">\n    Pacthouse on kuin Big Brother siirrettyn\u00e4 t\u00e4h\u00e4n p\u00e4iv\u00e4\u00e4n.\n<\/p>\n<p>        <\/a><\/p>\n<p class=\"article-content article-content-width !bg-background\">Pacthousea voisi kuvailla nykyajan Big Brotheriksi teht\u00e4vineen kaikkineen.<\/p>\n<p class=\"article-content article-content-width !bg-background\">Yksi viime viikolla olleista ohjelman kisaajista oli Jetin poika , joka tunnetaan somessa \u201dOkkina\u201d.<\/p>\n<p class=\"article-content article-content-width !bg-background\">Okki sijoittui lopulta sunnuntaina p\u00e4\u00e4ttyneess\u00e4 kisassa kolmanneksi pokerimies  viedess\u00e4 voiton ja 20 000 euroa.<\/p>\n<p>                <img decoding=\"async\" src=\"https:\/\/www.europesays.com\/fi\/wp-content\/uploads\/2025\/12\/2017899.webp\" width=\"576\" height=\"322\" alt=\"Hjallis ja Jasmine Pajari osallistuivat viime lauantaina Linnan juhliin, sill\u00e4 onhan Hjallis kansanedustaja.\" loading=\"lazy\" \/>            <\/p>\n<p>\n            Hjallis ja Jasmine Pajari osallistuivat viime lauantaina Linnan juhliin, sill\u00e4 onhan Hjallis kansanedustaja.<br \/>\n            Timo Korhonen\n        <\/p>\n<p>Vitsailua vaipoista<\/p>\n<p class=\"article-content article-content-width !bg-background\">Ohjelman j\u00e4lkeen is\u00e4 ja poika ovat kuvanneet tapansa mukaan hauskoja videoita Kick-alustalle, joista on irrotettu yksitt\u00e4isi\u00e4 klippej\u00e4 Tiktokiin.<\/p>\n<p class=\"article-content article-content-width !bg-background\">Yhdess\u00e4 klipiss\u00e4 ilmeisesti joku Kick-l\u00e4hetyksen seuraaja on kysynyt, voisiko Hjallis olla seuraavassa Packhousessa mukana.<\/p>\n<p class=\"article-content article-content-width !bg-background\">\u2013 Hjallis ei varmaan p\u00e4\u00e4se, kato Hjallis t\u00e4ytt\u00e4\u00e4 ens vuonna jo 80, niin ei jumalauta\u2026<\/p>\n<p class=\"article-content article-content-width !bg-background\">Todellisuudessa Jokerien ex-omistaja ja perustamansa Liike Nytin kansanedustaja t\u00e4ytt\u00e4\u00e4 ensi vuonna vasta 73 vuotta \u2013 mutta kyseess\u00e4 lienev\u00e4t Jetille tutut kaupparatsun reippaat puheet.<\/p>\n<p class=\"article-content article-content-width !bg-background\"> \u2013 Sit se vois olla, olis semmonen yks teht\u00e4v\u00e4, et kuka vaihtaa Hjallikselta nopeemmin vaipan, Jeti toteaa samaisessa klipiss\u00e4 ja purskahtaa r\u00e4k\u00e4nauruun.<\/p>\n<p>        <a itemprop=\"url\" href=\"https:\/\/www.seiska.fi\/kotimaa\/jethro-rostedt-iljettava-yllatys\/1995769\" rel=\"nofollow noopener\" target=\"_blank\"><\/p>\n<p>\nJethro ulkomailla\n<\/p>\n<p class=\"section-date\">\n        <strong class=\"article-section\" data-section=\"kotimaa\"><br \/>\n            kotimaa<br \/>\n        <\/strong><br \/>\n        18.11. 10:57\n    <\/p>\n<p>Jethro Rostedt: Iljett\u00e4v\u00e4 yll\u00e4tys\n    <\/p>\n<p itemprop=\"description\" class=\"subtitle \">\n    Jethro lenn\u00e4hti hiljattain Kiinaan, jossa h\u00e4n on tutustunut muun muassa paikalliseen ruokakulttuuriin. Aivan kaikki herkut eiv\u00e4t kuitenkaan ole olleet kohuliikemiehen mieleen.\n<\/p>\n<p>        <\/a><\/p>\n<p>                <img decoding=\"async\" src=\"https:\/\/www.europesays.com\/fi\/wp-content\/uploads\/2025\/12\/2017929.webp\" width=\"576\" height=\"274\" alt=\"Jeti vaikuttaa nyky\u00e4\u00e4n Fuengirolassa, jossa h\u00e4nell\u00e4 on oma kebabravintola.\" loading=\"lazy\" \/>            <\/p>\n<p>\n            Jeti vaikuttaa nyky\u00e4\u00e4n Fuengirolassa, jossa h\u00e4nell\u00e4 on oma kebabravintola.<br \/>\n            Panu H\u00f6rkk\u00f6\n        <\/p>\n<p>N\u00e4in kommentoi Jeti<\/p>\n<p class=\"article-content article-content-width !bg-background\">Vieress\u00e4 istuvan Okki-pojan pokka sen sijaan pit\u00e4\u00e4 \u2013 ainakin melkein.<\/p>\n<p class=\"article-content article-content-width !bg-background\">Klippi jatkuu viel\u00e4 alatyylisill\u00e4 vaippajutuilla.<\/p>\n<p class=\"article-content article-content-width !bg-background\">Seiska tavoitti Jetin asian tiimoilta.<\/p>\n<p class=\"article-content article-content-width !bg-background\">Jeti toteaa kyseess\u00e4 olevan vain ja ainoastaan huumoria.<\/p>\n<p class=\"article-content article-content-width !bg-background\"> \u2013 Onko huumori asiallista, ei v\u00e4ltt\u00e4m\u00e4tt\u00e4 kyll\u00e4 aina ole.<\/p>\n<p>        <a itemprop=\"url\" href=\"https:\/\/www.seiska.fi\/kotimaa\/jethro-rostedt-hardelli-tullissa\/1991778\" rel=\"nofollow noopener\" target=\"_blank\"><\/p>\n<p>\nJethro Rostedt\n<\/p>\n<p class=\"section-date\">\n        <strong class=\"article-section\" data-section=\"kotimaa\"><br \/>\n            kotimaa<br \/>\n        <\/strong><br \/>\n        14.11. 07:00\n    <\/p>\n<p>Jethro Rostedt: H\u00e4rdelli tullissa\n    <\/p>\n<p itemprop=\"description\" class=\"subtitle \">\n    Entisest\u00e4 kiinteist\u00f6nv\u00e4litt\u00e4j\u00e4st\u00e4 on tullut maailmanmatkaaja. T\u00e4ll\u00e4 kertaa Jethron tie vei Kiinaan.\n<\/p>\n<p>        <\/a><\/p>\n<p>N\u00e4m\u00e4 ovat v\u00e4lit<\/p>\n<p class=\"article-content article-content-width !bg-background\">Samaan rahaan Jeti kertoo, ett\u00e4 vitsaili itsekin k\u00e4ytt\u00e4v\u00e4ns\u00e4 Tenaa samaisessa l\u00e4hetyksess\u00e4.<\/p>\n<p class=\"article-content article-content-width !bg-background\">Samalla selvi\u00e4\u00e4, mitk\u00e4 ovat herrojen v\u00e4lit t\u00e4ll\u00e4 hetkell\u00e4.<\/p>\n<p class=\"article-content article-content-width !bg-background\"> \u2013 V\u00e4lit ok.<\/p>\n<p class=\"article-content article-content-width !bg-background\">Seiska tavoitti my\u00f6s Hjalliksen, joka katsoi kyseisen klipin.<\/p>\n<p class=\"article-content article-content-width !bg-background\">Kommenttia ei kuitenkaan Hjallikselta herunut.<\/p>\n<p>        <a itemprop=\"url\" href=\"https:\/\/www.seiska.fi\/kotimaa\/hjallis-harkimo-uuden-edessa\/1992274\" rel=\"nofollow noopener\" target=\"_blank\"><\/p>\n<p>\nHjallis Harkimo\n<\/p>\n<p class=\"section-date\">\n        <strong class=\"article-section\" data-section=\"kotimaa\"><br \/>\n            kotimaa<br \/>\n        <\/strong><br \/>\n        13.11. 15:27\n    <\/p>\n<p>Hjallis Harkimo uuden edess\u00e4!\n    <\/p>\n<p itemprop=\"description\" class=\"subtitle \">\n    Jasmine alkoi kouluttamaan kultaansa.\n<\/p>\n<p>        <\/a><\/p>\n","protected":false},"excerpt":{"rendered":"Johanna Hintikka, Atte Kajova, Jethro paljastaa Seiskalle, mitk\u00e4 ovat h\u00e4nen v\u00e4lins\u00e4 Hjalliksen kanssa t\u00e4t\u00e4 nyky\u00e4. ja ovat liikemiesten&hellip;\n","protected":false},"author":2,"featured_media":113358,"comment_status":"","ping_status":"","sticky":false,"template":"","format":"standard","meta":{"footnotes":""},"categories":[136],"tags":[407,137,33,31,30,2175,9301,20875,408,19958,1240,32,12186,109],"class_list":{"0":"post-113357","1":"post","2":"type-post","3":"status-publish","4":"format-standard","5":"has-post-thumbnail","7":"category-julkkikset","8":"tag-celebrities","9":"tag-entertainment","10":"tag-fi","11":"tag-finland","12":"tag-finnish","13":"tag-hjallis-harkimo","14":"tag-jethro-rostedt","15":"tag-joachim-rostedt","16":"tag-julkkikset","17":"tag-pacthouse","18":"tag-raha","19":"tag-suomi","20":"tag-veropetos","21":"tag-viihde"},"share_on_mastodon":{"url":"https:\/\/pubeurope.com\/@fi\/115699546373036401","error":""},"_links":{"self":[{"href":"https:\/\/www.europesays.com\/fi\/wp-json\/wp\/v2\/posts\/113357","targetHints":{"allow":["GET"]}}],"collection":[{"href":"https:\/\/www.europesays.com\/fi\/wp-json\/wp\/v2\/posts"}],"about":[{"href":"https:\/\/www.europesays.com\/fi\/wp-json\/wp\/v2\/types\/post"}],"author":[{"embeddable":true,"href":"https:\/\/www.europesays.com\/fi\/wp-json\/wp\/v2\/users\/2"}],"replies":[{"embeddable":true,"href":"https:\/\/www.europesays.com\/fi\/wp-json\/wp\/v2\/comments?post=113357"}],"version-history":[{"count":0,"href":"https:\/\/www.europesays.com\/fi\/wp-json\/wp\/v2\/posts\/113357\/revisions"}],"wp:featuredmedia":[{"embeddable":true,"href":"https:\/\/www.europesays.com\/fi\/wp-json\/wp\/v2\/media\/113358"}],"wp:attachment":[{"href":"https:\/\/www.europesays.com\/fi\/wp-json\/wp\/v2\/media?parent=113357"}],"wp:term":[{"taxonomy":"category","embeddable":true,"href":"https:\/\/www.europesays.com\/fi\/wp-json\/wp\/v2\/categories?post=113357"},{"taxonomy":"post_tag","embeddable":true,"href":"https:\/\/www.europesays.com\/fi\/wp-json\/wp\/v2\/tags?post=113357"}],"curies":[{"name":"wp","href":"https:\/\/api.w.org\/{rel}","templated":true}]}}