{"id":113376,"date":"2025-12-11T07:03:09","date_gmt":"2025-12-11T07:03:09","guid":{"rendered":"https:\/\/www.europesays.com\/fi\/113376\/"},"modified":"2025-12-11T07:03:09","modified_gmt":"2025-12-11T07:03:09","slug":"muut-kiinnittavat-huomiota-kolmiodraama-jennin-puheisiin-ollia-kavi-saaliksi","status":"publish","type":"post","link":"https:\/\/www.europesays.com\/fi\/113376\/","title":{"rendered":"Muut kiinnitt\u00e4v\u00e4t huomiota Kolmiodraama-Jennin puheisiin: \u201dOllia k\u00e4vi s\u00e4\u00e4liksi\u201d"},"content":{"rendered":"<p>Jenni on valinnut Kolmiodraama-realityss\u00e4 rinnalleen Ollin.<\/p>\n<p><img decoding=\"async\" class=\"image image-show image-preview\" src=\"https:\/\/www.europesays.com\/fi\/wp-content\/uploads\/2025\/12\/4d65c7ea3a8c38954e7daefd9b81145fd14fd83f3120ea94b16f6adf362fed46.jpg\" alt=\"\"\/><img decoding=\"async\" class=\"image image-show\" src=\"https:\/\/www.europesays.com\/fi\/wp-content\/uploads\/2025\/12\/1765436589_456_4d65c7ea3a8c38954e7daefd9b81145fd14fd83f3120ea94b16f6adf362fed46.jpg\" alt=\"\"\/><\/p>\n<p>\u2013\u2009Minulla ei ole mit\u00e4\u00e4n tunteita mihink\u00e4\u00e4n suuntaan, n\u00e4in n\u00e4tisti sanottuna, Jenni kuvailee tv:ss\u00e4 ensin suhdettaan Olliin. MTV3<\/p>\n<p class=\"paragraph\">Muut puuttuvat yhden Kolmiodraama-sinkun puheisiin nelj\u00e4nness\u00e4 jaksossa, joka julkaistaan t\u00e4n\u00e4\u00e4n Katsomo+:ssa.<\/p>\n<p class=\"paragraph\">Kyseess\u00e4 on <strong>Ollin<\/strong> valinnut <strong>Jenni<\/strong>, joka on suorasanainen yhteistapaamisessa.<\/p>\n<p class=\"paragraph\">\u2013\u2009Meill\u00e4 on takunnut, Jenni tokaisee ja kuvailee Ollia per\u00e4ss\u00e4 kulkevaksi joo-joo-mieheksi.<\/p>\n<p class=\"paragraph\">\u2013\u2009Olen kateellinen, Jenni sanoo muille.<\/p>\n<p class=\"paragraph\">Jennill\u00e4 riitt\u00e4\u00e4 esimerkkej\u00e4 tilanteista, joissa Olli on vain my\u00f6t\u00e4illyt h\u00e4nt\u00e4. Osa muista osallistujista kiinnitt\u00e4\u00e4 t\u00e4h\u00e4n huomiota.<\/p>\n<p class=\"paragraph\">\u2013\u2009Jenni oli v\u00e4h\u00e4n \u00e4rsytt\u00e4v\u00e4, <a href=\"https:\/\/www.iltalehti.fi\/tv-ja-leffat\/47923c3b-e49d-4ef1-b9ab-8bb122621650\" rel=\"nofollow noopener\" target=\"_blank\">itsekin mieltymyksens\u00e4 hyvin tarkasti tiedostava<\/a> <strong>Juho<\/strong> kommentoi j\u00e4lkik\u00e4teen kameralle.<\/p>\n<p class=\"paragraph\">\u2013\u2009Ollia k\u00e4vi s\u00e4\u00e4liksi.<\/p>\n<p>Juho kuuntelee Jennin puheita oman asuinkumppaninsa Sadun (kesk.) kanssa. MTV3<\/p>\n<p class=\"paragraph\">Juho ei ole n\u00e4kemyksens\u00e4 kanssa yksin.<\/p>\n<p class=\"paragraph\">\u2013\u2009Olli ei saanut puheenvuoroa. H\u00e4nt\u00e4 ei otettu huomioon, <strong>Sannin<\/strong> kanssa saman katon alla asuva <strong>Teemu<\/strong> huomauttaa.<\/p>\n<p class=\"paragraph\">\u2013\u2009Kommunikointi tapahtui yhdest\u00e4 suusta.<\/p>\n<p class=\"paragraph\">Teemu, Sanni ja Olli ovat p\u00e4\u00e4tyneet yhteisten juhlien j\u00e4lkeen pienemm\u00e4ll\u00e4 porukalle jatkoille. Jenni on palannut asunnolle. T\u00e4ss\u00e4 kohtaa Ollissa on tapahtunut selv\u00e4 muutos.<\/p>\n<p class=\"paragraph\">\u2013\u2009Olli oli vapautuneempi, Sanni kuvailee.<\/p>\n<p class=\"paragraph\">Olli on kertonut hauskoja juttuja ja ollut enemm\u00e4n elementiss\u00e4\u00e4n. Mielipiteit\u00e4kin on l\u00f6ytynyt<\/p>\n<p class=\"paragraph\">\u2013\u2009Toivoisin, ett\u00e4 Olli saisi kumppaniltaan puheenvuoron ja ett\u00e4 h\u00e4nen mielipiteelleen annettaisi arvoa, Teemu sanoo kameroille.<\/p>\n<p>Jenni on kokenut kielteisi\u00e4 tunteita Kolmiodraama-porukan yhteistapaamisessa. \u2013\u2009Se oli tosi raskasta, h\u00e4n kuvailee seuraavana p\u00e4iv\u00e4n\u00e4. MTV3<\/p>\n<p class=\"paragraph\">J\u00e4lkik\u00e4teen Jenni on huomannut olleensa negatiivinen yhteistapaamisessa, mutta ymm\u00e4rt\u00e4\u00e4 silti omaa mielipahaansa.<\/p>\n<p class=\"paragraph\">\u2013\u2009Minun ja Ollin tilanne on muihin verrattuna kolkko, Jenni sanoo kameralle.<\/p>\n<p class=\"paragraph\">\u2013\u2009Muilla on jotain toivoa. Meid\u00e4n tilanteemme on kuollut.<\/p>\n<p class=\"paragraph\">Edellisiltana Jenni on kokenut ristiriitaisia tunteita.<\/p>\n<p class=\"paragraph\">\u2013\u2009Tuli fiilis, ett\u00e4 taas min\u00e4 olen t\u00e4ss\u00e4 tilanteessa, ett\u00e4 minun kohdallani on kaikki paska.<\/p>\n<p class=\"paragraph\">Seuraavana p\u00e4iv\u00e4n\u00e4 olo on yh\u00e4 jokseenkin sama.<\/p>\n<p class=\"paragraph\">\u2013\u2009Ep\u00e4reilu olo, ett\u00e4 miten t\u00e4m\u00e4kin menee pieleen.<\/p>\n<p>Muiden mielest\u00e4 Olli on ollut vapautuneempi sen j\u00e4lkeen, kun Jenni on l\u00e4htenyt etuk\u00e4teen kaksikon asunnolle. MTV3<\/p>\n<p class=\"paragraph\">Kolmiodraama t\u00e4n\u00e4\u00e4n MTV3:lla kello 21.00 &amp; Katsomossa. <a href=\"https:\/\/www.iltalehti.fi\/telkku\/\" rel=\"nofollow noopener\" target=\"_blank\">Katso kaikki\u00a0TV-ohjelmat ja l\u00e4hetysajat Telkun TV-oppaasta<\/a>.<\/p>\n","protected":false},"excerpt":{"rendered":"Jenni on valinnut Kolmiodraama-realityss\u00e4 rinnalleen Ollin. \u2013\u2009Minulla ei ole mit\u00e4\u00e4n tunteita mihink\u00e4\u00e4n suuntaan, n\u00e4in n\u00e4tisti sanottuna, Jenni kuvailee&hellip;\n","protected":false},"author":2,"featured_media":113377,"comment_status":"","ping_status":"","sticky":false,"template":"","format":"standard","meta":{"footnotes":""},"categories":[133],"tags":[35,153,137,33,31,30,979,32,206,140,139,14413,156,109],"class_list":{"0":"post-113376","1":"post","2":"type-post","3":"status-publish","4":"format-standard","5":"has-post-thumbnail","7":"category-televisiot","8":"tag-24h","9":"tag-audiovisuaalinen-media","10":"tag-entertainment","11":"tag-fi","12":"tag-finland","13":"tag-finnish","14":"tag-sahkoinen-media","15":"tag-suomi","16":"tag-televisiot","17":"tag-tv-ja-elokuvat","18":"tag-tv-ohjelmat","19":"tag-tv-2000-luku","20":"tag-tv","21":"tag-viihde"},"share_on_mastodon":{"url":"https:\/\/pubeurope.com\/@fi\/115699660051376402","error":""},"_links":{"self":[{"href":"https:\/\/www.europesays.com\/fi\/wp-json\/wp\/v2\/posts\/113376","targetHints":{"allow":["GET"]}}],"collection":[{"href":"https:\/\/www.europesays.com\/fi\/wp-json\/wp\/v2\/posts"}],"about":[{"href":"https:\/\/www.europesays.com\/fi\/wp-json\/wp\/v2\/types\/post"}],"author":[{"embeddable":true,"href":"https:\/\/www.europesays.com\/fi\/wp-json\/wp\/v2\/users\/2"}],"replies":[{"embeddable":true,"href":"https:\/\/www.europesays.com\/fi\/wp-json\/wp\/v2\/comments?post=113376"}],"version-history":[{"count":0,"href":"https:\/\/www.europesays.com\/fi\/wp-json\/wp\/v2\/posts\/113376\/revisions"}],"wp:featuredmedia":[{"embeddable":true,"href":"https:\/\/www.europesays.com\/fi\/wp-json\/wp\/v2\/media\/113377"}],"wp:attachment":[{"href":"https:\/\/www.europesays.com\/fi\/wp-json\/wp\/v2\/media?parent=113376"}],"wp:term":[{"taxonomy":"category","embeddable":true,"href":"https:\/\/www.europesays.com\/fi\/wp-json\/wp\/v2\/categories?post=113376"},{"taxonomy":"post_tag","embeddable":true,"href":"https:\/\/www.europesays.com\/fi\/wp-json\/wp\/v2\/tags?post=113376"}],"curies":[{"name":"wp","href":"https:\/\/api.w.org\/{rel}","templated":true}]}}