{"id":113390,"date":"2025-12-11T07:13:12","date_gmt":"2025-12-11T07:13:12","guid":{"rendered":"https:\/\/www.europesays.com\/fi\/113390\/"},"modified":"2025-12-11T07:13:12","modified_gmt":"2025-12-11T07:13:12","slug":"osa-suomea-hehkuu-keltaisena-nailla-alueilla-taytyy-olla-erityisen-varovainen","status":"publish","type":"post","link":"https:\/\/www.europesays.com\/fi\/113390\/","title":{"rendered":"Osa Suomea hehkuu keltaisena \u2013 N\u00e4ill\u00e4 alueilla t\u00e4ytyy olla erityisen varovainen"},"content":{"rendered":"<p>Osa suomea hehkuu yh\u00e4 keltaisena Ilmatieteen laitoksen s\u00e4\u00e4kartalla.<\/p>\n<p><img decoding=\"async\" class=\"image image-show image-preview\" src=\"https:\/\/www.europesays.com\/fi\/wp-content\/uploads\/2025\/12\/5ebf65823918fe33a23e59cb86e173e0b43452571747d9736cb1e6ee72d16d6f.jpg\" alt=\"\"\/><img decoding=\"async\" class=\"image image-show\" src=\"https:\/\/www.europesays.com\/fi\/wp-content\/uploads\/2025\/12\/1765437190_95_5ebf65823918fe33a23e59cb86e173e0b43452571747d9736cb1e6ee72d16d6f.jpg\" alt=\"\"\/><\/p>\n<p>Talvirengassesonki. Kuva Maiju Pohjanheimo Maiju Pohjanheimo<\/p>\n<p class=\"paragraph\">Ajokeli oli keskiviikkona huono suuressa osassa maata. Torstaina varoitusalue pienenee, mutta tietyill\u00e4 alueilla on edelleen syyt\u00e4 olla tarkkana.<\/p>\n<p class=\"paragraph\">Asia selvi\u00e4\u00e4 <a href=\"https:\/\/www.ilmatieteenlaitos.fi\/varoitukset\" target=\"_blank\" rel=\"noopener nofollow\">Ilmatieteen laitoksen varoituskartasta<\/a>, jossa osa Suomea hehkuu yh\u00e4 keltaisena.<\/p>\n<p class=\"paragraph\">Mahdollisesti vaarallisen ajokelin varoitus on torstaina voimassa Keski-Suomessa, Keski- ja Pohjois-Pohjanmaalla, Pohjois-Savossa, Pohjois-Karjalassa ja Kainuussa.<\/p>\n<p>Kuvakaappaus Ilmatieteen laitoksen sivuilta. Ilmatieteen laitos<\/p>\n<p class=\"paragraph\">Perjantain ja lauantain kartoissa huonon ajokelin varoituksia ei ainakaan toistaiseksi n\u00e4y.<\/p>\n<p class=\"paragraph\">Haastava ajokeli on jo aiheuttanut useita onnettomuuksia t\u00e4ll\u00e4 viikolla. N\u00e4in on k\u00e4ynyt ainakin Oulun poliisilaitoksen alueella.<\/p>\n<p class=\"paragraph\">\u2013 Liukkaalla ja muutoinkin kehnossa keliss\u00e4 tilannenopeudet ja turvav\u00e4lit tulee sovittaa olosuhteisiin, poliisi muistuttaa <a href=\"https:\/\/poliisi.fi\/-\/vaikeassa-ajokelissa-ajettiin-useita-kolareita\" target=\"_blank\" rel=\"noopener nofollow\">tiedotteessaan<\/a>.<\/p>\n<p><a href=\"https:\/\/www.iltalehti.fi\/parassaa?storeCampaign=ArticleBottomBanner\" rel=\"nofollow noopener\" target=\"_blank\"><img decoding=\"async\" src=\"https:\/\/www.europesays.com\/fi\/wp-content\/uploads\/2025\/08\/d0fd7860228df4fdd5fd0367e49d769aa09b08189080ddc5ccdd8c31ad63aca9.png\" alt=\"IL Paras S\u00e4\u00e4 - S\u00e4\u00e4tiedot ja s\u00e4\u00e4ennusteet\"\/><\/a><\/p>\n","protected":false},"excerpt":{"rendered":"Osa suomea hehkuu yh\u00e4 keltaisena Ilmatieteen laitoksen s\u00e4\u00e4kartalla. Talvirengassesonki. Kuva Maiju Pohjanheimo Maiju Pohjanheimo Ajokeli oli keskiviikkona huono&hellip;\n","protected":false},"author":2,"featured_media":113391,"comment_status":"","ping_status":"","sticky":false,"template":"","format":"standard","meta":{"footnotes":""},"categories":[12],"tags":[35,22,23,26,27,33,31,30,17,713,4355,24,25,28,29,715,15,18,21,710,714,32,19,20,16],"class_list":{"0":"post-113390","1":"post","2":"type-post","3":"status-publish","4":"format-standard","5":"has-post-thumbnail","7":"category-suomi","8":"tag-24h","9":"tag-breaking-news","10":"tag-breakingnews","11":"tag-featured-news","12":"tag-featurednews","13":"tag-fi","14":"tag-finland","15":"tag-finnish","16":"tag-headlines","17":"tag-lampotila-saa","18":"tag-lapin-maakunta","19":"tag-latest-news","20":"tag-latestnews","21":"tag-main-news","22":"tag-mainnews","23":"tag-meteorologia","24":"tag-news","25":"tag-otsikot","26":"tag-paauutiset","27":"tag-saa","28":"tag-saaennustus","29":"tag-suomi","30":"tag-top-stories","31":"tag-topstories","32":"tag-uutiset"},"share_on_mastodon":{"url":"https:\/\/pubeurope.com\/@fi\/115699699590157179","error":""},"_links":{"self":[{"href":"https:\/\/www.europesays.com\/fi\/wp-json\/wp\/v2\/posts\/113390","targetHints":{"allow":["GET"]}}],"collection":[{"href":"https:\/\/www.europesays.com\/fi\/wp-json\/wp\/v2\/posts"}],"about":[{"href":"https:\/\/www.europesays.com\/fi\/wp-json\/wp\/v2\/types\/post"}],"author":[{"embeddable":true,"href":"https:\/\/www.europesays.com\/fi\/wp-json\/wp\/v2\/users\/2"}],"replies":[{"embeddable":true,"href":"https:\/\/www.europesays.com\/fi\/wp-json\/wp\/v2\/comments?post=113390"}],"version-history":[{"count":0,"href":"https:\/\/www.europesays.com\/fi\/wp-json\/wp\/v2\/posts\/113390\/revisions"}],"wp:featuredmedia":[{"embeddable":true,"href":"https:\/\/www.europesays.com\/fi\/wp-json\/wp\/v2\/media\/113391"}],"wp:attachment":[{"href":"https:\/\/www.europesays.com\/fi\/wp-json\/wp\/v2\/media?parent=113390"}],"wp:term":[{"taxonomy":"category","embeddable":true,"href":"https:\/\/www.europesays.com\/fi\/wp-json\/wp\/v2\/categories?post=113390"},{"taxonomy":"post_tag","embeddable":true,"href":"https:\/\/www.europesays.com\/fi\/wp-json\/wp\/v2\/tags?post=113390"}],"curies":[{"name":"wp","href":"https:\/\/api.w.org\/{rel}","templated":true}]}}