{"id":113411,"date":"2025-12-11T07:40:10","date_gmt":"2025-12-11T07:40:10","guid":{"rendered":"https:\/\/www.europesays.com\/fi\/113411\/"},"modified":"2025-12-11T07:40:10","modified_gmt":"2025-12-11T07:40:10","slug":"naispappeutta-vastustava-heratysliike-ei-taivu-aikoo-jatkaa-luvattomia-ehtoollisia-porissa-satakunta","status":"publish","type":"post","link":"https:\/\/www.europesays.com\/fi\/113411\/","title":{"rendered":"Naispappeutta vastustava her\u00e4tysliike ei taivu \u2013 aikoo jatkaa luvattomia ehtoollisia Porissa | Satakunta"},"content":{"rendered":"<p class=\"aw-1gybjub aw-5vja16 kEtdKx kmuxyA yle__article__paragraph\">Turun tuomiokapituli aikoo selvitt\u00e4\u00e4 niiden pappien toimintaa, jotka ovat jakaneet ehtoollisia L\u00e4nsi-Porissa ilman lupaa. Her\u00e4tysliike Sley aikoo jatkaa messuja.<\/p>\n<p><img decoding=\"async\" alt=\"Talo, jonka sein\u00e4ss\u00e4 risti, edustalla autoja.\" src=\"https:\/\/www.europesays.com\/fi\/wp-content\/uploads\/2025\/12\/39-156725669394b376066f.jpeg\" class=\"aw-1l9m598 hKVVvP\"\/><\/p>\n<p>Avaa kuvien katselu<\/p>\n<p>Suomen luterilainen evankeliumiyhdistys j\u00e4rjest\u00e4\u00e4 ehtoollisjumalanpalveluksia L\u00e4nsi-Porissa sijaitsevalla rukoushuoneella. Kuva: Antti Laakso \/ Yle<\/p>\n<p class=\"aw-1gybjub aw-1p7kakr kEtdKx cEmitX yle__article__paragraph\">\u2013Naispappeutta vastustava Suomen Luterilainen Evankeliumiyhdistys eli Sley ei saa edelleenk\u00e4\u00e4n jakaa ehtoollista Porin rukoushuoneella. Lis\u00e4ksi <a class=\"aw-iao6s4 iHOxEa yle__article__link\" href=\"https:\/\/yle.fi\/a\/74-20198946\" role=\"link\" rel=\"nofollow noopener\" target=\"_blank\">tuomiokapituli kertoo selvitt\u00e4v\u00e4ns\u00e4<\/a> luvattomasti ehtoollista j\u00e4rjest\u00e4neiden pappien toimintaa.<\/p>\n<p class=\"aw-1gybjub aw-1p7kakr kEtdKx cEmitX yle__article__paragraph\">Suomen luterilaisen evankeliumiyhdistyksen toiminnanjohtaja <strong class=\"aw-ak79eh KyCXm yle__article__strong\">Tom S\u00e4il\u00e4<\/strong> on pettynyt Turun tuomiokapitulin p\u00e4\u00e4t\u00f6kseen. H\u00e4n olisi toivonut, ett\u00e4 tuomiokapituli olisi antanut luvan ehtoollisen jakamisen. Yksitt\u00e4isess\u00e4 messussa k\u00e4y S\u00e4il\u00e4n mukaan noin 150 henkil\u00f6\u00e4.<\/p>\n<p class=\"aw-1gybjub aw-1p7kakr kEtdKx cEmitX yle__article__paragraph\">H\u00e4n pit\u00e4\u00e4 my\u00f6s valitettavana sit\u00e4, ett\u00e4 tuomiokapituli alkaa tutkia luvattomia ehtoollisia j\u00e4rjest\u00e4neiden pappien toimintaa.<\/p>\n<p class=\"aw-1gybjub aw-1p7kakr kEtdKx cEmitX yle__article__paragraph\">\u2013 T\u00e4st\u00e4 huolimatta Porissa aiotaan jatkaa messuja. Sley:n hallitus on tehnyt siit\u00e4 p\u00e4\u00e4t\u00f6ksen, kertoo Tom S\u00e4il\u00e4.<\/p>\n<p>Tukilistalla yli sata nime\u00e4<\/p>\n<p class=\"aw-1gybjub aw-1p7kakr kEtdKx cEmitX yle__article__paragraph\">Keskiviikkona julkaistiin <a class=\"aw-iao6s4 iHOxEa yle__article__link\" href=\"https:\/\/www.sley.fi\/turun-arkkihiippakunnan-tuomiokapituli-selvittaa-pastoreiden-toimintaa-porissa-106-pappia-ilmaisee-tukensa-messuyhteisolle\/\" role=\"link\" rel=\"nofollow noopener\" target=\"_blank\">tuen ilmaisu Porin messuyhteis\u00f6lle<\/a> Sley:n nettisivulla.<\/p>\n<p class=\"aw-1gybjub aw-1p7kakr kEtdKx cEmitX yle__article__paragraph\">Julkaisussa on 106 nimen lista papeista, jotka ilmaisevat tukensa sek\u00e4 valmiutensa messujen toimittamiseen Porissa. Heid\u00e4n joukossaan ovat esimerkiksi pastorit <strong class=\"aw-ak79eh KyCXm yle__article__strong\">Hannu Anttoora<\/strong> ja <strong class=\"aw-ak79eh KyCXm yle__article__strong\">Keijo Rainerma<\/strong>.<\/p>\n","protected":false},"excerpt":{"rendered":"Turun tuomiokapituli aikoo selvitt\u00e4\u00e4 niiden pappien toimintaa, jotka ovat jakaneet ehtoollisia L\u00e4nsi-Porissa ilman lupaa. Her\u00e4tysliike Sley aikoo jatkaa&hellip;\n","protected":false},"author":2,"featured_media":113412,"comment_status":"","ping_status":"","sticky":false,"template":"","format":"standard","meta":{"footnotes":""},"categories":[5],"tags":[22,23,13945,26,27,33,31,30,17,71,24,25,28,29,20882,15,18,21,2787,968,20881,32,19,20,20880,1436,16],"class_list":{"0":"post-113411","1":"post","2":"type-post","3":"status-publish","4":"format-standard","5":"has-post-thumbnail","7":"category-otsikot","8":"tag-breaking-news","9":"tag-breakingnews","10":"tag-ehtoollinen","11":"tag-featured-news","12":"tag-featurednews","13":"tag-fi","14":"tag-finland","15":"tag-finnish","16":"tag-headlines","17":"tag-kotimaa","18":"tag-latest-news","19":"tag-latestnews","20":"tag-main-news","21":"tag-mainnews","22":"tag-naispappeus","23":"tag-news","24":"tag-otsikot","25":"tag-paauutiset","26":"tag-pori","27":"tag-satakunta","28":"tag-suomen-luterilainen-evankeliumiyhdistys","29":"tag-suomi","30":"tag-top-stories","31":"tag-topstories","32":"tag-turun-tuomiokapituli","33":"tag-uskonnot","34":"tag-uutiset"},"share_on_mastodon":{"url":"https:\/\/pubeurope.com\/@fi\/115699805419916818","error":""},"_links":{"self":[{"href":"https:\/\/www.europesays.com\/fi\/wp-json\/wp\/v2\/posts\/113411","targetHints":{"allow":["GET"]}}],"collection":[{"href":"https:\/\/www.europesays.com\/fi\/wp-json\/wp\/v2\/posts"}],"about":[{"href":"https:\/\/www.europesays.com\/fi\/wp-json\/wp\/v2\/types\/post"}],"author":[{"embeddable":true,"href":"https:\/\/www.europesays.com\/fi\/wp-json\/wp\/v2\/users\/2"}],"replies":[{"embeddable":true,"href":"https:\/\/www.europesays.com\/fi\/wp-json\/wp\/v2\/comments?post=113411"}],"version-history":[{"count":0,"href":"https:\/\/www.europesays.com\/fi\/wp-json\/wp\/v2\/posts\/113411\/revisions"}],"wp:featuredmedia":[{"embeddable":true,"href":"https:\/\/www.europesays.com\/fi\/wp-json\/wp\/v2\/media\/113412"}],"wp:attachment":[{"href":"https:\/\/www.europesays.com\/fi\/wp-json\/wp\/v2\/media?parent=113411"}],"wp:term":[{"taxonomy":"category","embeddable":true,"href":"https:\/\/www.europesays.com\/fi\/wp-json\/wp\/v2\/categories?post=113411"},{"taxonomy":"post_tag","embeddable":true,"href":"https:\/\/www.europesays.com\/fi\/wp-json\/wp\/v2\/tags?post=113411"}],"curies":[{"name":"wp","href":"https:\/\/api.w.org\/{rel}","templated":true}]}}