{"id":113413,"date":"2025-12-11T07:50:25","date_gmt":"2025-12-11T07:50:25","guid":{"rendered":"https:\/\/www.europesays.com\/fi\/113413\/"},"modified":"2025-12-11T07:50:25","modified_gmt":"2025-12-11T07:50:25","slug":"21-vuotias-maailmanluokan-suksien-takana-proxcskiing","status":"publish","type":"post","link":"https:\/\/www.europesays.com\/fi\/113413\/","title":{"rendered":"21-vuotias maailmanluokan suksien takana &#8211; ProXCskiing"},"content":{"rendered":"<p>Kun Simen Finjordin yst\u00e4v\u00e4t ovat palaamassa kotiin juhlista, t\u00e4m\u00e4 on juuri poistumassa voitelum\u00f6kist\u00e4 \u2013 joko vuoron p\u00e4\u00e4tytty\u00e4 tai juuri aloittamassa sit\u00e4 testatakseen suksia seuraavaa kilpailua varten.<\/p>\n<p>21-vuotias Altasta kotoisin oleva hiiht\u00e4j\u00e4 on ty\u00f6skennellyt suksienhoitajana huipputasolla l\u00e4hes viisi vuotta, joista viimeiset kolme kokop\u00e4iv\u00e4isesti. Nyt h\u00e4n vastaa useiden maailman parhaiden maastohiiht\u00e4jien, kuten Astrid \u00d8yre Slindin, Max Novakin ja Andrew Musgraven, suksista.<\/p>\n<p>\u201dTy\u00f6skentelet kaikkina vuorokauden aikoina. Ja meill\u00e4 on v\u00e4lill\u00e4 intensiivisi\u00e4 p\u00e4ivi\u00e4. Mutta olen viel\u00e4 niin nuori, ett\u00e4 mielest\u00e4ni on siisti\u00e4 olla ylh\u00e4\u00e4ll\u00e4 ennen kuin juhlivat yst\u00e4v\u00e4ni ovat edes menneet nukkumaan. Siin\u00e4 on jotain erityist\u00e4\u201d, Finjord sanoo innostuneesti.<\/p>\n<p class=\"gt-block\"><strong>Lue my\u00f6s:<\/strong> <a href=\"https:\/\/www.proxcskiing.com\/fi\/pitk%C3%A4-v%C3%A4limatka\/vahaus--ja-s%C3%A4ilytysvinkkej%C3%A4-sesongin-ulkopuolella\/\" target=\"_blank\" rel=\"noreferrer noopener nofollow\">Vinkkej\u00e4 vahaukseen ja s\u00e4ilytykseen sesongin ulkopuolella<\/a><\/p>\n<p>Headhunt<\/p>\n<p>Kun selk\u00e4vaivat lopettivat h\u00e4nen kilpa-uransa vuonna 2022, ei kest\u00e4nyt kauan ennen kuin h\u00e4n olikin jo vahauskopissa \u2013 ensin alueellisessa juniorijoukkueessa ja sitten kokop\u00e4iv\u00e4isesti alueellisessa Team Elon Nord-Norge -tallissa. Tieto lahjakkaasta nuoresta miehest\u00e4 levisi nopeasti.<\/p>\n<p>Ennen viime kautta Team Aker D\u00e6hlie etsi Finjordia voitelemaan suksia maailmanluokan urheilijoilleen. Tuolloin 20-vuotias voideteknikko muistaa sen hyvin.<\/p>\n<p>\u201dSain mukavan puhelun Joachim Aurlandilta ja Aslak Berglundilta Skiplukker&#8217;nilt\u00e4 ja heilt\u00e4 kysyttiin, olisinko kiinnostunut osallistumaan Team Aker D\u00e6hlien toimintaan. Minun oli vain pakko sanoa kyll\u00e4\u201d, Finjord sanoo.<\/p>\n<p>Joukkue on Norjan historian suurin yksityinen maastohiihtohanke. Siin\u00e4 on enemm\u00e4n urheilijoita kuin maajoukkueessa. Se kattaa pitk\u00e4n matkan, perinteisen ja parahiihdon, ja sill\u00e4 on yht\u00e4 vahva tukitiimi.<\/p>\n<p class=\"gt-block\">&#8221;En voisi kuvitella mit\u00e4\u00e4n parempaa. Vaikka se on rankkaa, se on sit\u00e4, mit\u00e4 rakastan&#8221;, h\u00e4n sanoo. <a href=\"https:\/\/www.langrenn.com\/langlop\/ung-lovende-og-ekstremt-viktig-21-aringen-smorer-for-verdensstjernene\/\" target=\"_blank\" rel=\"noreferrer noopener nofollow\">Langrenn.com<\/a>ja lis\u00e4\u00e4:<\/p>\n<p>\u201dSe, ett\u00e4 se, mit\u00e4 teen, johtaa tuloksiin ja ett\u00e4 valmistamani sukset auttavat varmistamaan voittoja \u2013 se on uskomaton tunne, jota on vaikea kuvailla.\u201d<\/p>\n<p class=\"gt-block\"><strong>Mik\u00e4 on maailmanluokan suksien salaisuus?<\/strong><\/p>\n<p>\u201dKyse on paljon systemaattisuudesta, selke\u00e4st\u00e4 suunnitelmasta ja ymp\u00e4rill\u00e4 olevien ihmisten kuuntelemisesta \u2013 tiedon ker\u00e4\u00e4misest\u00e4, joka on olennaista sen kannalta, mit\u00e4 teet juuri nyt.\u201d<\/p>\n<p>Finjord korostaa, ett\u00e4 vahauskopista tuleva on laajan tiimity\u00f6n tulosta.<\/p>\n<p>\u201dMeill\u00e4 Team Aker D\u00e6hliess\u00e4 on vahva tiimi ja valtava osaamis- ja kokemuspohja, jonka p\u00e4\u00e4lle voimme rakentaa. Meill\u00e4 on kaikki tarvittava toimittaaksemme kilpailuvalmiita suksia korkeimmalla tasolla, koska meill\u00e4 on ihmisi\u00e4, jotka ovat olleet mukana jo ennen Team SkiGoa, ja Aslak (Berglund) \u2013 yksi maailman parhaista suksien ymm\u00e4rt\u00e4jist\u00e4\u201d, h\u00e4n sanoo.<\/p>\n<p>Finjord kokee my\u00f6s ty\u00f6n arvostettavan.<\/p>\n<p>\u201dUlkopuolelta se ei ehk\u00e4 silt\u00e4 n\u00e4yt\u00e4, mutta urheilijat ovat hyvi\u00e4 osoittamaan arvostavansa ty\u00f6t\u00e4mme. He n\u00e4kev\u00e4t, ett\u00e4 her\u00e4\u00e4mme aikaisin ja menemme my\u00f6h\u00e4\u00e4n nukkumaan tarjotaksemme heille parhaat mahdolliset olosuhteet.\u201d<\/p>\n<p class=\"gt-block\"><strong>Lue my\u00f6s: <\/strong><a href=\"https:\/\/www.proxcskiing.com\/fi\/pitk%C3%A4-v%C3%A4limatka\/riege-signs-team-aker-daehlien-kanssa\/\" target=\"_blank\" rel=\"noreferrer noopener nofollow\">Riege solmii sopimuksen Team Aker D\u00e6hlien kanssa<\/a><\/p>\n<p>Aloitti seitsem\u00e4nvuotiaana<\/p>\n<p>H\u00e4nen intohimonsa suksien voiteluun \u2013 sek\u00e4 omiin ett\u00e4 muiden \u2013 oli olemassa jo kauan ennen kuin h\u00e4n joutui lopettamaan oman urheilija-uransa.<\/p>\n<p>\u201dOlen aina ollut kiinnostunut suksista ja varusteista huolehtimisesta. Tajusin jo varhain, ett\u00e4 hyvien suksien saamiseksi on n\u00e4ht\u00e4v\u00e4 vaivaa. Ja mielest\u00e4ni se on hauskaa\u201d, h\u00e4n sanoo.<\/p>\n<p>\u201dP\u00e4\u00e4sin liittym\u00e4\u00e4n set\u00e4ni Trond Finjordin seuraan vahauslaitokselle ensimm\u00e4ist\u00e4 kertaa ollessani toisella luokalla. Olin seitsem\u00e4nvuotias. Ja siit\u00e4 se vain l\u00e4hti liikkeelle\u201d, h\u00e4n sanoo.<\/p>\n<p>Yhdist\u00e4\u00e4 oikeustieteen opintoihin<\/p>\n<p>Vahauksen ohella Finjord opiskelee oikeustiedett\u00e4 Tromssan yliopistossa. Kaikesta matkustamisesta ja pitkist\u00e4 p\u00e4ivist\u00e4 huolimatta h\u00e4n ei koe vaikeuksia yhdist\u00e4\u00e4 opintojaan vahausty\u00f6h\u00f6n.<\/p>\n<p>\u201dPakollisia luentoja ei ole, joten voin suunnitella opintoni itselleni parhaiten sopivalla tavalla. Kes\u00e4ll\u00e4 ja syksyll\u00e4 panostan hieman enemm\u00e4n\u201d, h\u00e4n sanoo ja jatkaa:<\/p>\n<p>&#8221;Nautin siit\u00e4 todella. On erityisen motivoivaa tiet\u00e4\u00e4, ett\u00e4 saan viett\u00e4\u00e4 talven tehden sit\u00e4, mit\u00e4 rakastan eniten.&#8221;<\/p>\n<p class=\"gt-block\">Oletko kiinnostunut perinteisest\u00e4 maastohiihdosta? Klikkaa t\u00e4st\u00e4 <a href=\"https:\/\/www.proxcskiing.com\/fi\/luokka\/perinteinen-hiihto\/\" target=\"_blank\" rel=\"noreferrer noopener nofollow\">T\u00c4\u00c4LT\u00c4<\/a> ja lue siit\u00e4 lis\u00e4\u00e4.<\/p>\n","protected":false},"excerpt":{"rendered":"Kun Simen Finjordin yst\u00e4v\u00e4t ovat palaamassa kotiin juhlista, t\u00e4m\u00e4 on juuri poistumassa voitelum\u00f6kist\u00e4 \u2013 joko vuoron p\u00e4\u00e4tytty\u00e4 tai&hellip;\n","protected":false},"author":2,"featured_media":113414,"comment_status":"","ping_status":"","sticky":false,"template":"","format":"standard","meta":{"footnotes":""},"categories":[86],"tags":[420,33,31,30,13781,421,20154,19888,32,91,92],"class_list":{"0":"post-113413","1":"post","2":"type-post","3":"status-publish","4":"format-standard","5":"has-post-thumbnail","7":"category-laitteet","8":"tag-equipment","9":"tag-fi","10":"tag-finland","11":"tag-finnish","12":"tag-karvanpoisto","13":"tag-laitteet","14":"tag-proxcskiihto","15":"tag-sukset","16":"tag-suomi","17":"tag-technology","18":"tag-teknologia"},"share_on_mastodon":{"url":"https:\/\/pubeurope.com\/@fi\/115699844586823908","error":""},"_links":{"self":[{"href":"https:\/\/www.europesays.com\/fi\/wp-json\/wp\/v2\/posts\/113413","targetHints":{"allow":["GET"]}}],"collection":[{"href":"https:\/\/www.europesays.com\/fi\/wp-json\/wp\/v2\/posts"}],"about":[{"href":"https:\/\/www.europesays.com\/fi\/wp-json\/wp\/v2\/types\/post"}],"author":[{"embeddable":true,"href":"https:\/\/www.europesays.com\/fi\/wp-json\/wp\/v2\/users\/2"}],"replies":[{"embeddable":true,"href":"https:\/\/www.europesays.com\/fi\/wp-json\/wp\/v2\/comments?post=113413"}],"version-history":[{"count":0,"href":"https:\/\/www.europesays.com\/fi\/wp-json\/wp\/v2\/posts\/113413\/revisions"}],"wp:featuredmedia":[{"embeddable":true,"href":"https:\/\/www.europesays.com\/fi\/wp-json\/wp\/v2\/media\/113414"}],"wp:attachment":[{"href":"https:\/\/www.europesays.com\/fi\/wp-json\/wp\/v2\/media?parent=113413"}],"wp:term":[{"taxonomy":"category","embeddable":true,"href":"https:\/\/www.europesays.com\/fi\/wp-json\/wp\/v2\/categories?post=113413"},{"taxonomy":"post_tag","embeddable":true,"href":"https:\/\/www.europesays.com\/fi\/wp-json\/wp\/v2\/tags?post=113413"}],"curies":[{"name":"wp","href":"https:\/\/api.w.org\/{rel}","templated":true}]}}