{"id":113415,"date":"2025-12-11T07:52:09","date_gmt":"2025-12-11T07:52:09","guid":{"rendered":"https:\/\/www.europesays.com\/fi\/113415\/"},"modified":"2025-12-11T07:52:09","modified_gmt":"2025-12-11T07:52:09","slug":"europarlamentaarikko-sebastian-tynkkynen-tapasi-hollywood-tahden-kuva","status":"publish","type":"post","link":"https:\/\/www.europesays.com\/fi\/113415\/","title":{"rendered":"Europarlamentaarikko Sebastian Tynkkynen tapasi Hollywood-t\u00e4hden &#8211; kuva!"},"content":{"rendered":"<p>            ATTE KAJOVA\n        <\/p>\n<p class=\"subtitle \">Poliitikko p\u00e4\u00e4si tapaamaan nuoruuden idoliaan Italiassa.<\/p>\n<p class=\"article-content article-content-width !bg-background\">Europarlamentaarikko , 36, on nyky\u00e4\u00e4n vantaalainen.\u00a0<\/p>\n<p class=\"article-content article-content-width !bg-background\">Aikoinaan Big Brotherista poliittiselle uralle ponnistanut Sebastian kertoi vastik\u00e4\u00e4n <a href=\"https:\/\/www.seiska.fi\/kotimaa\/sebastian-tynkkynen-avautuu-seiskalle-perhetilanteestaan\/1989383\" target=\"_blank\" rel=\"nofollow noopener\">kuulumisiaan Seiskalle<\/a>. H\u00e4n kertoi l\u00f6yt\u00e4neens\u00e4 puolisonsa Alan da Silvan kanssa loppuel\u00e4m\u00e4n kodin. J\u00e4lkikasvusta haaveileva pari otti hankinnassa huomioon my\u00f6s tulevaisuuden suunnitelmansa.\u00a0<\/p>\n<p>        <a itemprop=\"url\" href=\"https:\/\/www.seiska.fi\/kotimaa\/sebastian-tynkkynen-avautuu-seiskalle-perhetilanteestaan\/1989383\" rel=\"nofollow noopener\" target=\"_blank\"><\/p>\n<p>\nSebastian Tynkkynen\n<\/p>\n<p class=\"section-date\">\n        <strong class=\"article-section\" data-section=\"kotimaa\"><br \/>\n            kotimaa<br \/>\n        <\/strong><br \/>\n        17.11. 07:00\n    <\/p>\n<p>Sebastian Tynkkynen avautuu Seiskalle perhetilanteestaan\n    <\/p>\n<p itemprop=\"description\" class=\"subtitle \">\n    Poliitikko Sebastian Tynkkysell\u00e4 ja h\u00e4nen Alan-puolisollaan on eri\u00e4v\u00e4t n\u00e4kemykset lapsiluvusta.\n<\/p>\n<p>        <\/a><\/p>\n<p class=\"article-content article-content-width !bg-background\">\u2013\u00a0K\u00e4vimme katsomassa useita koteja, mutta kun k\u00e4vimme kyseisess\u00e4 talossa, niin ei sit\u00e4 voinut verrata en\u00e4\u00e4 mihink\u00e4\u00e4n muuhun, Sebastian totesi Seiskalle.\u00a0<\/p>\n<p>                <img decoding=\"async\" src=\"https:\/\/www.europesays.com\/fi\/wp-content\/uploads\/2025\/12\/2018342.webp\" width=\"576\" height=\"720\" alt=\"Sebastian ja Alan-rakas eiv\u00e4t ole viel\u00e4 p\u00e4\u00e4sseet yksimielisyyteen lapsiluvusta. Sebastian haaveilee kahdesta, mutta Alan haluaisi j\u00e4lkikasvua jopa viisin kappalein.\" loading=\"lazy\" \/>            <\/p>\n<p>\n            Sebastian ja Alan-rakas eiv\u00e4t ole viel\u00e4 p\u00e4\u00e4sseet yksimielisyyteen lapsiluvusta. Sebastian haaveilee kahdesta, mutta Alan haluaisi j\u00e4lkikasvua jopa viisin kappalein.<br \/>\n            Kai Joronen\n        <\/p>\n<p class=\"article-content article-content-width !bg-background\">Pariskunnan uusi koti sijaitsee aivan Helsinki-Vantaan lentokent\u00e4n l\u00e4heisyydess\u00e4. Paikka on optimaalinen, sill\u00e4 Sebastian matkustaa ty\u00f6ns\u00e4 puolesta runsaasti.\u00a0<\/p>\n<p>Yll\u00e4tt\u00e4\u00e4 matkatyylill\u00e4\u00e4n<\/p>\n<p class=\"article-content article-content-width !bg-background\">Poliittiset puuhat ovatkin vieneet Sebastianin j\u00e4lleen maailmalle. H\u00e4n osallistui juuri Roomassa j\u00e4rjestettyyn tapahtumaan, jota Meppi itse luonnehtii konservatiivien kokoontumisajoiksi. Sebastian kertoo reissustaan Instagramissa.\u00a0<\/p>\n<p>        <a itemprop=\"url\" href=\"https:\/\/www.seiska.fi\/kotimaa\/sebastian-tynkkynen-ja-alan-rakas-ilouutinen\/1930944\" rel=\"nofollow noopener\" target=\"_blank\"><\/p>\n<p>\nSebastian Tynkkynen ja Alan-rakas:\n<\/p>\n<p class=\"section-date\">\n        <strong class=\"article-section\" data-section=\"kotimaa\"><br \/>\n            kotimaa<br \/>\n        <\/strong><br \/>\n        13.9. 19:30\n    <\/p>\n<p>Sebastian Tynkkynen ja Alan-rakas: ilouutinen!\n    <\/p>\n<p itemprop=\"description\" class=\"subtitle \">\n    Sebastianin Alan-rakas sai suomen kansalaisuuden.\n<\/p>\n<p>        <\/a><\/p>\n<p class=\"article-content article-content-width !bg-background\">Sebastianin sometarinoista ilmenee, ett\u00e4 h\u00e4n on p\u00e4\u00e4ssyt Italiassa ainakin linja-auton kyytiin. Lis\u00e4ksi ruutupaidoistaan tunnettu mies esittelee 24 tuntia n\u00e4ht\u00e4viss\u00e4 olevassa julkaisussaan tyylivalintojaan. H\u00e4n on pakannut matkatavaransa veike\u00e4\u00e4n kaps\u00e4kkiin.\u00a0<\/p>\n<p class=\"article-content article-content-width !bg-background\">\u2013 Mukana kulkee aina pala pohjoismaisuutta, Lego-laukku, Sebastian kertoo punaisesta, py\u00f6rill\u00e4 kulkevasta rakennuspalikastaan.\u00a0<\/p>\n<p>Luonteenvastaista toimintaa<\/p>\n<p class=\"article-content article-content-width !bg-background\">Sebastianin stooreista paljastuu, ett\u00e4 9.-11. joulukuuta j\u00e4rjestetyss\u00e4 tapahtumassa on kuultu puheita. Puhujan penkkiin on noussut muun muassa Italian EU-ministeri .\u00a0<\/p>\n<p>        <a itemprop=\"url\" href=\"https:\/\/www.seiska.fi\/vain-seiskassa\/sebastian-tynkkynen-biletti-totisena-salakuva\/1522823\" rel=\"nofollow noopener\" target=\"_blank\"><\/p>\n<p class=\"section-date\">\n        <strong class=\"article-section\" data-section=\"vain seiskassa\"><br \/>\n            vain seiskassa<br \/>\n        <\/strong><br \/>\n        17.11.2024 14:56\n    <\/p>\n<p>Sebastian Tynkkynen biletti totisena \u2013 salakuva\n    <\/p>\n<p itemprop=\"description\" class=\"subtitle \">\n    Poliitikko tarjosi seurueelleen juomia avok\u00e4tisesti.\n<\/p>\n<p>        <\/a><\/p>\n<p class=\"article-content article-content-width !bg-background\">Kokoontumisajojen t\u00e4rkein anti on kuitenkin ollut muiden samanmielisten tapaaminen. Sebastian kertoo verkostoituneensa, vaikka se ei t\u00e4ysin h\u00e4nen perusluonteeseensa sovikaan.\u00a0<\/p>\n<p class=\"article-content article-content-width !bg-background\">\u2013 Parhaani yrit\u00e4n, Sebastian kirjoittaa.<\/p>\n<p>Tapasi idolinsa<\/p>\n<p class=\"article-content article-content-width !bg-background\">Matkustaminen avartaa, sanotaan. Sebastianin kohdalla sananparsi on pit\u00e4nyt paikkansa suorastaan tajunnanr\u00e4j\u00e4ytt\u00e4v\u00e4ll\u00e4 tavalla, sill\u00e4 h\u00e4n on p\u00e4\u00e4ssyt tapaamaan er\u00e4\u00e4n nuoruuden idolinsa.\u00a0<\/p>\n<p>                <img decoding=\"async\" src=\"https:\/\/www.europesays.com\/fi\/wp-content\/uploads\/2025\/12\/2018345.webp\" width=\"576\" height=\"720\" alt=\"Ruutupaidat ovat Sebastianin vaatekaapin kulmakivi.\" loading=\"lazy\" \/>            <\/p>\n<p>\n            Ruutupaidat ovat Sebastianin vaatekaapin kulmakivi.<br \/>\n            ATTE KAJOVA\n        <\/p>\n<p class=\"article-content article-content-width !bg-background\">Sebastian julkaisi kuvan, jossa h\u00e4nen vierell\u00e4\u00e4n seisoo n\u00e4yttelij\u00e4 . Jenkkit\u00e4hti muistetaan esimerkiksi tv-sarjoista T\u00e4ydelliset naiset (2004-2012) ja Yellowstone (2018-2024) sek\u00e4 elokuvasta The Last Rodeo (2025). Sebastianille Neal on tullut erityisesti tutuksi h\u00e4nen nuoruutensa lempisarjasta The Band Of Brothers (2001).<\/p>\n<p>&#8221;Helppo arvostaa&#8221;<\/p>\n<p class=\"article-content article-content-width !bg-background\">MEP kertoo stooreissaan olleensa tapaamisesta kuin puulla p\u00e4\u00e4h\u00e4n ly\u00f6ty. Sebastian tiedostaa, ettei Neal ehk\u00e4 ole nuoremmalle sukupolvelle tuttu. H\u00e4nelle t\u00e4hden tapaaminen oli kuitenkin merkitt\u00e4v\u00e4\u00e4.<\/p>\n<p>        <a itemprop=\"url\" href=\"https:\/\/www.seiska.fi\/vain-seiskassa\/pariisiista-lentaneen-sebastian-tynkkysen-matkatyyli-heratti-huomiota-kuva\/1412864\" rel=\"nofollow noopener\" target=\"_blank\"><\/p>\n<p>\nVain Seiskassa!\n<\/p>\n<p class=\"section-date\">\n        <strong class=\"article-section\" data-section=\"vain seiskassa\"><br \/>\n            vain seiskassa<br \/>\n        <\/strong><br \/>\n        21.7.2024 12:02\n    <\/p>\n<p>Pariisiista lent\u00e4neen Sebastian Tynkkysen matkatyyli her\u00e4tti huomiota \u2013 kuva\n    <\/p>\n<p itemprop=\"description\" class=\"subtitle \">\n    Poliitikon kannoilla oli my\u00f6s toinen julkisuudesta tuttu kasvo, mutta lentokoneessa heid\u00e4n istumaj\u00e4rjestelyns\u00e4 noteerattiin.\n<\/p>\n<p>        <\/a><\/p>\n<p class=\"article-content article-content-width !bg-background\">\u2013 Mies on siin\u00e4 m\u00e4\u00e4rin konservatiivi, ettei esimerkiksi kuulemma suostu n\u00e4yttelem\u00e4\u00e4n seksikohtauksissa, mik\u00e4 on vienyt h\u00e4nelt\u00e4 monta roolia. Mutta ei est\u00e4nyt p\u00e4\u00e4sem\u00e4st\u00e4 huipulle.\u00a0Sellaisia tyyppej\u00e4 on helppo arvostaa, jotka seisovat sen takana, mihin uskovat, Sebastian kirjoittaa Instagram-sein\u00e4ns\u00e4 puolella.\u00a0<\/p>\n<p class=\"italic m-italic article-content article-content-width !bg-background\">Jos upotus ei toimi, <a href=\"https:\/\/www.instagram.com\/p\/DSGS7bMjdX4\/\" target=\"_blank\" rel=\"nofollow noopener\">n\u00e4et julkaisun t\u00e4\u00e4lt\u00e4<\/a>.<\/p>\n<p><script async src=\"\/\/www.instagram.com\/embed.js\"><\/script><\/p>\n","protected":false},"excerpt":{"rendered":"ATTE KAJOVA Poliitikko p\u00e4\u00e4si tapaamaan nuoruuden idoliaan Italiassa. Europarlamentaarikko , 36, on nyky\u00e4\u00e4n vantaalainen.\u00a0 Aikoinaan Big Brotherista poliittiselle&hellip;\n","protected":false},"author":2,"featured_media":113416,"comment_status":"","ping_status":"","sticky":false,"template":"","format":"standard","meta":{"footnotes":""},"categories":[136],"tags":[18400,3275,407,137,20884,33,31,30,199,408,20883,1478,20885,637,8627,9773,32,109],"class_list":{"0":"post-113415","1":"post","2":"type-post","3":"status-publish","4":"format-standard","5":"has-post-thumbnail","7":"category-julkkikset","8":"tag-alan-da-silva","9":"tag-big-brother","10":"tag-celebrities","11":"tag-entertainment","12":"tag-europarlamentaarikko","13":"tag-fi","14":"tag-finland","15":"tag-finnish","16":"tag-italia","17":"tag-julkkikset","18":"tag-konservatiivit","19":"tag-matkailu","20":"tag-neal-mcdonough","21":"tag-politiikka","22":"tag-rooma","23":"tag-sebastian-tynkkynen","24":"tag-suomi","25":"tag-viihde"},"share_on_mastodon":{"url":"https:\/\/pubeurope.com\/@fi\/115699852676019921","error":""},"_links":{"self":[{"href":"https:\/\/www.europesays.com\/fi\/wp-json\/wp\/v2\/posts\/113415","targetHints":{"allow":["GET"]}}],"collection":[{"href":"https:\/\/www.europesays.com\/fi\/wp-json\/wp\/v2\/posts"}],"about":[{"href":"https:\/\/www.europesays.com\/fi\/wp-json\/wp\/v2\/types\/post"}],"author":[{"embeddable":true,"href":"https:\/\/www.europesays.com\/fi\/wp-json\/wp\/v2\/users\/2"}],"replies":[{"embeddable":true,"href":"https:\/\/www.europesays.com\/fi\/wp-json\/wp\/v2\/comments?post=113415"}],"version-history":[{"count":0,"href":"https:\/\/www.europesays.com\/fi\/wp-json\/wp\/v2\/posts\/113415\/revisions"}],"wp:featuredmedia":[{"embeddable":true,"href":"https:\/\/www.europesays.com\/fi\/wp-json\/wp\/v2\/media\/113416"}],"wp:attachment":[{"href":"https:\/\/www.europesays.com\/fi\/wp-json\/wp\/v2\/media?parent=113415"}],"wp:term":[{"taxonomy":"category","embeddable":true,"href":"https:\/\/www.europesays.com\/fi\/wp-json\/wp\/v2\/categories?post=113415"},{"taxonomy":"post_tag","embeddable":true,"href":"https:\/\/www.europesays.com\/fi\/wp-json\/wp\/v2\/tags?post=113415"}],"curies":[{"name":"wp","href":"https:\/\/api.w.org\/{rel}","templated":true}]}}