{"id":113425,"date":"2025-12-11T08:04:10","date_gmt":"2025-12-11T08:04:10","guid":{"rendered":"https:\/\/www.europesays.com\/fi\/113425\/"},"modified":"2025-12-11T08:04:10","modified_gmt":"2025-12-11T08:04:10","slug":"nobelin-rauhanpalkinnon-saaja-nayttaytyi-ensimmaisen-kerran-lahes-vuoteen","status":"publish","type":"post","link":"https:\/\/www.europesays.com\/fi\/113425\/","title":{"rendered":"Nobelin rauhanpalkinnon saaja n\u00e4ytt\u00e4ytyi ensimm\u00e4isen kerran l\u00e4hes vuoteen"},"content":{"rendered":"<p>Maria Corina Machado my\u00f6h\u00e4styi palkintoseremoniasta.<\/p>\n<p class=\"article-body mb-nof-24 px-nof-16\">Nobelin rauhanpalkinnon saaja <a class=\"article-personlink\" href=\"https:\/\/www.aamulehti.fi\/haku\/?query=Maria%20Corina%20Machado\" rel=\"nofollow noopener\" target=\"_blank\">Maria Corina Machado<\/a> on vilkutti Oslon Grand Hotelin parvekkeelta noin puoli nelj\u00e4lt\u00e4 torstaiaamuna Suomen aikaa.<\/p>\n<p class=\"article-body mb-nof-24 px-nof-16\">Venezuelan hallinnon vainoaman nobelistin olinpaikka oli siihen asti tarkkaan varjeltu salaisuus. Machado ei ole n\u00e4ytt\u00e4ytynyt julkisuudessa t\u00e4t\u00e4 ennen 11 kuukauteen. H\u00e4net n\u00e4htiin viimeksi 9. tammikuuta, kertoo sanomalehti <a class=\"article-genericlink\" href=\"https:\/\/www.theguardian.com\/world\/2025\/dec\/09\/nobel-peace-prize-maria-corina-machado-venezuela-oslo\" rel=\"nofollow noopener\" target=\"_blank\">The Guardian<\/a>.<\/p>\n<p class=\"article-body mb-nof-24 px-nof-16\">Viel\u00e4 illalla tiedettiin Norjan Nobel-instituutin kertoman perusteella vain, ett\u00e4 Machado on turvassa ja matkalla Osloon.<\/p>\n<p class=\"article-body mb-nof-24 px-nof-16\">Rauhannobelisti onnistui p\u00e4\u00e4sem\u00e4\u00e4n Osloon niin my\u00f6h\u00e4\u00e4n, ett\u00e4 my\u00f6h\u00e4styi palkintoseremoniasta, joka pidettiin keskiviikkona. Palkinnon otti vastaan h\u00e4nen tytt\u00e4rens\u00e4 <a class=\"article-personlink\" href=\"https:\/\/www.aamulehti.fi\/haku\/?query=Ana%20Corina%20Sosa\" rel=\"nofollow noopener\" target=\"_blank\">Ana Corina Sosa<\/a>.<\/p>\n<p class=\"article-body mb-nof-24 px-nof-16\">Machado l\u00e4hti Venezuelasta salaa veneell\u00e4 Cura\u00e7aoon tiistaina, kertoivat yhdysvaltalaiset viranomaiset <a class=\"article-genericlink\" href=\"https:\/\/www.wsj.com\/world\/americas\/venezuelas-machado-wont-receive-nobel-peace-prize-in-person-says-nobel-official-d365962d?st=FrtjkQ&amp;reflink=desktopwebshare_permalink\" rel=\"nofollow noopener\" target=\"_blank\">The Wall Street Journalin<\/a> mukaan. H\u00e4nen matkaansa viivytti huono s\u00e4\u00e4, kertoi asiasta perill\u00e4 oleva l\u00e4hde uutistoimisto <a class=\"article-genericlink\" href=\"https:\/\/www.bloomberg.com\/news\/articles\/2025-12-10\/nobel-winner-machado-leaves-venezuela-before-prize-ceremony\" rel=\"nofollow noopener\" target=\"_blank\">Bloombergin <\/a>mukaan.<\/p>\n<p class=\"article-body mb-nof-24 px-nof-16\">Cura\u00e7aosta Machado lensi Osloon Yhdysvaltojen kautta ilmeisesti yksityiskoneella, joka saapui perille <a class=\"article-genericlink\" href=\"https:\/\/www.flightradar24.com\/data\/aircraft\/xa-fuf#3d736dc4\" rel=\"nofollow noopener\" target=\"_blank\">Flightradar 24 <\/a>-palvelun perusteella noin puolilta \u00f6in paikallista aikaa.<\/p>\n<p><img decoding=\"async\" src=\"https:\/\/www.europesays.com\/fi\/wp-content\/uploads\/2025\/12\/1765404370_81_468.jpg\" alt=\"Maria Corina Machadon kuva n\u00e4kyi aikakauslehden kannessa, kun Kolumbiassa asuvat venezuelalaiset marssivat rauhannobelistin kunniaksi Bogotassa viime lauantaina.\" class=\"_Img_1rerz_1\" style=\"aspect-ratio:1.5\" loading=\"eager\"\/><\/p>\n<p class=\"article-picture-caption\">Maria Corina Machadon kuva n\u00e4kyi aikakauslehden kannessa, kun Kolumbiassa asuvat venezuelalaiset marssivat rauhannobelistin kunniaksi Bogotassa viime lauantaina. Kuva:\u00a0Luisa Gonzalez \/ Reuters<\/p>\n<p class=\"article-body mb-nof-24 px-nof-16\">Venezuelalainen oppositiojohtaja Machado, 58, liikkuu salaisia reittej\u00e4, koska h\u00e4n on vaarassa. H\u00e4n on yksi presidentti <a class=\"article-personlink\" href=\"https:\/\/www.aamulehti.fi\/haku\/?query=Nicolas%20Maduron\" rel=\"nofollow noopener\" target=\"_blank\">Nicolas Maduron<\/a> autoritaarisen hallinnon merkitt\u00e4vimmist\u00e4 vastustajista.<\/p>\n<p class=\"article-body mb-nof-24 px-nof-16\">\u201dH\u00e4n el\u00e4\u00e4 yksinkertaisesti hallinnon aiheuttaman kuolemanuhan alla. T\u00e4m\u00e4 uhka ulottuu Venezuelan rajojen ulkopuolelle\u201d, totesi Norjan Nobel-instituutin johtaja <a class=\"article-personlink\" href=\"https:\/\/www.aamulehti.fi\/haku\/?query=Kristian%20Berg%20Harpviken\" rel=\"nofollow noopener\" target=\"_blank\">Kristian Berg Harpviken<\/a> Norjan yleisradioyhti\u00f6n <a class=\"article-genericlink\" href=\"https:\/\/www.nrk.no\/urix\/fredsprisvinnaren-maria-corina-machado-kommer-til-oslo---likevel-1.17686274\" rel=\"nofollow noopener\" target=\"_blank\">NRK:n<\/a> mukaan.<\/p>\n<p class=\"article-body mb-nof-24 px-nof-16\">\u201dNobelin rauhanpalkinnon saaja Maria Corina Machado on tehnyt kaiken voitavansa saapuakseen seremoniaan t\u00e4n\u00e4\u00e4n. Matka on \u00e4\u00e4rimm\u00e4isen vaarallinen\u201d, kerrottiin Nobel-instituutin <a class=\"article-genericlink\" href=\"https:\/\/www.nobelpeaceprize.org\/press\/press-releases\/pressemelding-10-desember-1\" rel=\"nofollow noopener\" target=\"_blank\">tiedotteessa<\/a> keskiviikkona.<\/p>\n<p class=\"article-body mb-nof-24 px-nof-16\">Instituutti julkaisi my\u00f6s nauhoitteen puhelinkeskustelusta Machadon ja Norjan Nobel-komitean edustajan kanssa. Siin\u00e4 Machado kertoo olevansa juuri menossa lentokoneeseen.<\/p>\n<p class=\"article-body mb-nof-24 px-nof-16\">\u201dMonet ihmiset ovat vaarantaneet henkens\u00e4, jotta p\u00e4\u00e4sisin Osloon. Olen hyvin kiitollinen heille\u201d, h\u00e4n sanoo.<\/p>\n<p><img decoding=\"async\" src=\"https:\/\/www.europesays.com\/fi\/wp-content\/uploads\/2025\/12\/1765440250_913_468.jpg\" alt=\"Ana Corina Sosa Machado, Nobelin rauhanpalkinnon saajan Maria Corina Machadon tyt\u00e4r, puhui vastaanotettuaan palkinnon \u00e4itins\u00e4 puolesta.\" class=\"_Img_1rerz_1\" style=\"aspect-ratio:1.5\" loading=\"eager\"\/><\/p>\n<p class=\"article-picture-caption\">Ana Corina Sosa Machado, Nobelin rauhanpalkinnon saajan Maria Corina Machadon tyt\u00e4r, puhui vastaanotettuaan palkinnon \u00e4itins\u00e4 puolesta. Kuva:\u00a0Stian Lysberg Solum \/ Reuters<\/p>\n","protected":false},"excerpt":{"rendered":"Maria Corina Machado my\u00f6h\u00e4styi palkintoseremoniasta. Nobelin rauhanpalkinnon saaja Maria Corina Machado on vilkutti Oslon Grand Hotelin parvekkeelta noin&hellip;\n","protected":false},"author":2,"featured_media":113426,"comment_status":"","ping_status":"","sticky":false,"template":"","format":"standard","meta":{"footnotes":""},"categories":[14],"tags":[157,22,23,26,27,33,31,30,17,24,25,28,29,15,18,21,32,19,20,56,16,59,60,61],"class_list":{"0":"post-113425","1":"post","2":"type-post","3":"status-publish","4":"format-standard","5":"has-post-thumbnail","7":"category-ulkomaat","8":"tag-aamulehti","9":"tag-breaking-news","10":"tag-breakingnews","11":"tag-featured-news","12":"tag-featurednews","13":"tag-fi","14":"tag-finland","15":"tag-finnish","16":"tag-headlines","17":"tag-latest-news","18":"tag-latestnews","19":"tag-main-news","20":"tag-mainnews","21":"tag-news","22":"tag-otsikot","23":"tag-paauutiset","24":"tag-suomi","25":"tag-top-stories","26":"tag-topstories","27":"tag-ulkomaat","28":"tag-uutiset","29":"tag-world","30":"tag-world-news","31":"tag-worldnews"},"share_on_mastodon":{"url":"https:\/\/pubeurope.com\/@fi\/115699899982568314","error":""},"_links":{"self":[{"href":"https:\/\/www.europesays.com\/fi\/wp-json\/wp\/v2\/posts\/113425","targetHints":{"allow":["GET"]}}],"collection":[{"href":"https:\/\/www.europesays.com\/fi\/wp-json\/wp\/v2\/posts"}],"about":[{"href":"https:\/\/www.europesays.com\/fi\/wp-json\/wp\/v2\/types\/post"}],"author":[{"embeddable":true,"href":"https:\/\/www.europesays.com\/fi\/wp-json\/wp\/v2\/users\/2"}],"replies":[{"embeddable":true,"href":"https:\/\/www.europesays.com\/fi\/wp-json\/wp\/v2\/comments?post=113425"}],"version-history":[{"count":0,"href":"https:\/\/www.europesays.com\/fi\/wp-json\/wp\/v2\/posts\/113425\/revisions"}],"wp:featuredmedia":[{"embeddable":true,"href":"https:\/\/www.europesays.com\/fi\/wp-json\/wp\/v2\/media\/113426"}],"wp:attachment":[{"href":"https:\/\/www.europesays.com\/fi\/wp-json\/wp\/v2\/media?parent=113425"}],"wp:term":[{"taxonomy":"category","embeddable":true,"href":"https:\/\/www.europesays.com\/fi\/wp-json\/wp\/v2\/categories?post=113425"},{"taxonomy":"post_tag","embeddable":true,"href":"https:\/\/www.europesays.com\/fi\/wp-json\/wp\/v2\/tags?post=113425"}],"curies":[{"name":"wp","href":"https:\/\/api.w.org\/{rel}","templated":true}]}}