{"id":113427,"date":"2025-12-11T08:05:13","date_gmt":"2025-12-11T08:05:13","guid":{"rendered":"https:\/\/www.europesays.com\/fi\/113427\/"},"modified":"2025-12-11T08:05:13","modified_gmt":"2025-12-11T08:05:13","slug":"nyt-jysahti-etelaankin-jopa-kymmenen-senttia-lunta","status":"publish","type":"post","link":"https:\/\/www.europesays.com\/fi\/113427\/","title":{"rendered":"Nyt jys\u00e4hti \u2013 Etel\u00e4\u00e4nkin jopa kymmenen sentti\u00e4 lunta"},"content":{"rendered":"<p>Forecan meteorologin mukaan suuressa osassa maata on t\u00e4m\u00e4n viikon loppuun menness\u00e4 lunta.<\/p>\n<p><img decoding=\"async\" class=\"image image-show image-preview\" src=\"https:\/\/www.europesays.com\/fi\/wp-content\/uploads\/2025\/12\/20ddd54fc73909f5a27e5e01586bd665ffa3fdb6fa56257f4ef838cd06445c5d.jpg\" alt=\"\"\/><img decoding=\"async\" class=\"image image-show\" src=\"https:\/\/www.europesays.com\/fi\/wp-content\/uploads\/2025\/12\/1765440311_83_20ddd54fc73909f5a27e5e01586bd665ffa3fdb6fa56257f4ef838cd06445c5d.jpg\" alt=\"\"\/><\/p>\n<p>Etel\u00e4\u00e4n on luvassa 10 sentti\u00e4 lunta. Kuvituskuva. Mikko Huisko<\/p>\n<p class=\"paragraph\">Forecan meteorologi <strong>Ilkka Alanko<\/strong> kertoo Iltalehdelle, ett\u00e4 lunta on t\u00e4ll\u00e4 viikolla luvassa aivan etel\u00e4\u00e4 my\u00f6ten.<\/p>\n<p class=\"paragraph\">\u2013 Huomenna on aika selke\u00e4 p\u00e4iv\u00e4. Jos jossain sataa lunta, niin Lapin koillisosassa voi tulla joitain lumikuuroja. Lauantaina lunta sataa L\u00e4nsi-Suomessa ja sunnuntaina yleisemmin Etel\u00e4- ja Keski-Suomessa.<\/p>\n<p class=\"paragraph\">\u2013 Etel\u00e4- ja Keski-Suomessa tulee viikonloppuna kyll\u00e4 monin paikoin sellainen kymmenkunta sentti\u00e4, Alanko kertoo.<\/p>\n<p class=\"paragraph\">Alangon mukaan lunta voi sadella my\u00f6s pohjoisessa, jossa lunta on maassa jo entuudestaan. Alanko kertoo keskiviikkoaamuna, ett\u00e4 Pellon, Kittil\u00e4n ja Ylitornion alueella lumipeitteen syvyys on 56 senttimetri\u00e4. Kuusamossa lumen syvyys kasvoi vajaalla 24 sentill\u00e4 eilisaamusta.<\/p>\n<p class=\"paragraph\">\u2013 Pohjois-Lapissa ja Pohjois-Pohjanmaan rajalla on parikymment\u00e4 sentti\u00e4 v\u00e4hemm\u00e4n. Lapin keskiosan tienoolla on se runsain lumipeite t\u00e4ll\u00e4 hetkell\u00e4, Alanko kertoo.<\/p>\n<p class=\"paragraph\">Alangon mukaan 25\u201330 asteen pakkaset ovat mahdollisia Lapissa t\u00e4st\u00e4 p\u00e4iv\u00e4st\u00e4 alkaen. Viikonloppuna pilvisyys lis\u00e4\u00e4ntyy, joten pakkaset saattavat hieman heikenty\u00e4 pohjoisessa.<\/p>\n<p class=\"paragraph\">\u2013 Huomenna on koko maassa pakkasta. Lounaassa n\u00e4ytt\u00e4isi menev\u00e4n lauantaina ja sunnuntaina suojan puolelle, mutta muuten suuressa osassa maata pysyt\u00e4\u00e4n pakkasen puolella, Alanko kertoo.<\/p>\n<p>Maa ei pysy valkoisena pitk\u00e4\u00e4n<\/p>\n<p class=\"paragraph\">Alanko kertoo, ett\u00e4 etel\u00e4ss\u00e4 ja Suomen l \u00e4nsirannikolla maa muuttuu valkoiseksi vain hetkellisesti.<\/p>\n<p class=\"paragraph\">\u2013 Kyll\u00e4 se n\u00e4ytt\u00e4isi silt\u00e4, ett\u00e4 lauhempaa ilmaa on tulossa ensi viikon alkupuolella, ett\u00e4 kyll\u00e4 ne lumet h\u00e4vi\u00e4v\u00e4t Etel\u00e4- ja L\u00e4nsi-Suomesta.<\/p>\n<p class=\"paragraph\">Lauha lounaisvirtaus n\u00e4ytt\u00e4isi Alangon mukaan ulottuvan jouluun saakka.<\/p>\n<p class=\"paragraph\">\u2013 Etel\u00e4- ja Keski-Suomeen ei n\u00e4yt\u00e4 tulevan valkoista joulua, mutta Pohjois-Suomessa ja Kainuussa on todenn\u00e4k\u00f6isesti jouluna lunta. L\u00e4mp\u00f6tila pysyy siell\u00e4 enimm\u00e4kseen pakkasen puolella ja kelit jatkuvat samanlaisena.<\/p>\n<p class=\"paragraph\">Alangon mukaan ennuste voi kuitenkin viel\u00e4 muuttua ennen joulua.<\/p>\n<p class=\"paragraph\">\u2013 V\u00e4lill\u00e4 virtaus voi k\u00e4\u00e4nty\u00e4 pohjoiseen, tilanne voi hyvin muuttua t\u00e4ss\u00e4 ennen joulua viel\u00e4 pariinkin otteeseen. Muutamaa p\u00e4iv\u00e4\u00e4 ennen pystyy sanomaan varmemmin. Pohjoisessa s\u00e4\u00e4 jatkuu kylm\u00e4n\u00e4, mutta maan etel\u00e4- ja keskiosassa joulun s\u00e4\u00e4 on viel\u00e4 kysymysmerkki.<\/p>\n<p><a href=\"https:\/\/www.iltalehti.fi\/parassaa?storeCampaign=ArticleBottomBanner\" rel=\"nofollow noopener\" target=\"_blank\"><img decoding=\"async\" src=\"https:\/\/www.europesays.com\/fi\/wp-content\/uploads\/2025\/08\/d0fd7860228df4fdd5fd0367e49d769aa09b08189080ddc5ccdd8c31ad63aca9.png\" alt=\"IL Paras S\u00e4\u00e4 - S\u00e4\u00e4tiedot ja s\u00e4\u00e4ennusteet\"\/><\/a><\/p>\n","protected":false},"excerpt":{"rendered":"Forecan meteorologin mukaan suuressa osassa maata on t\u00e4m\u00e4n viikon loppuun menness\u00e4 lunta. Etel\u00e4\u00e4n on luvassa 10 sentti\u00e4 lunta.&hellip;\n","protected":false},"author":2,"featured_media":113428,"comment_status":"","ping_status":"","sticky":false,"template":"","format":"standard","meta":{"footnotes":""},"categories":[12],"tags":[35,10303,22,23,26,27,33,31,30,17,10304,713,4355,24,25,28,29,15,18,21,710,32,19,20,16],"class_list":{"0":"post-113427","1":"post","2":"type-post","3":"status-publish","4":"format-standard","5":"has-post-thumbnail","7":"category-suomi","8":"tag-24h","9":"tag-aikajakson-saa","10":"tag-breaking-news","11":"tag-breakingnews","12":"tag-featured-news","13":"tag-featurednews","14":"tag-fi","15":"tag-finland","16":"tag-finnish","17":"tag-headlines","18":"tag-kylma-rintama","19":"tag-lampotila-saa","20":"tag-lapin-maakunta","21":"tag-latest-news","22":"tag-latestnews","23":"tag-main-news","24":"tag-mainnews","25":"tag-news","26":"tag-otsikot","27":"tag-paauutiset","28":"tag-saa","29":"tag-suomi","30":"tag-top-stories","31":"tag-topstories","32":"tag-uutiset"},"share_on_mastodon":{"url":"https:\/\/pubeurope.com\/@fi\/115699903736206803","error":""},"_links":{"self":[{"href":"https:\/\/www.europesays.com\/fi\/wp-json\/wp\/v2\/posts\/113427","targetHints":{"allow":["GET"]}}],"collection":[{"href":"https:\/\/www.europesays.com\/fi\/wp-json\/wp\/v2\/posts"}],"about":[{"href":"https:\/\/www.europesays.com\/fi\/wp-json\/wp\/v2\/types\/post"}],"author":[{"embeddable":true,"href":"https:\/\/www.europesays.com\/fi\/wp-json\/wp\/v2\/users\/2"}],"replies":[{"embeddable":true,"href":"https:\/\/www.europesays.com\/fi\/wp-json\/wp\/v2\/comments?post=113427"}],"version-history":[{"count":0,"href":"https:\/\/www.europesays.com\/fi\/wp-json\/wp\/v2\/posts\/113427\/revisions"}],"wp:featuredmedia":[{"embeddable":true,"href":"https:\/\/www.europesays.com\/fi\/wp-json\/wp\/v2\/media\/113428"}],"wp:attachment":[{"href":"https:\/\/www.europesays.com\/fi\/wp-json\/wp\/v2\/media?parent=113427"}],"wp:term":[{"taxonomy":"category","embeddable":true,"href":"https:\/\/www.europesays.com\/fi\/wp-json\/wp\/v2\/categories?post=113427"},{"taxonomy":"post_tag","embeddable":true,"href":"https:\/\/www.europesays.com\/fi\/wp-json\/wp\/v2\/tags?post=113427"}],"curies":[{"name":"wp","href":"https:\/\/api.w.org\/{rel}","templated":true}]}}