{"id":113431,"date":"2025-12-11T08:18:11","date_gmt":"2025-12-11T08:18:11","guid":{"rendered":"https:\/\/www.europesays.com\/fi\/113431\/"},"modified":"2025-12-11T08:18:11","modified_gmt":"2025-12-11T08:18:11","slug":"kalle-rovanperan-voinnista-huolestuttava-paljastus","status":"publish","type":"post","link":"https:\/\/www.europesays.com\/fi\/113431\/","title":{"rendered":"Kalle Rovanper\u00e4n voinnista huolestuttava paljastus"},"content":{"rendered":"<p>Rovanper\u00e4 avasi tuntemuksiaan.<\/p>\n<p><img decoding=\"async\" class=\"image image-show image-preview\" src=\"https:\/\/www.europesays.com\/fi\/wp-content\/uploads\/2025\/12\/3a8eb6f67fe59f2646560dce223b6439639cd9494e5981b4636d57bd3e44459d.jpg\" alt=\"\"\/><img decoding=\"async\" class=\"image image-show\" src=\"https:\/\/www.europesays.com\/fi\/wp-content\/uploads\/2025\/08\/1756530429_573_3a8eb6f67fe59f2646560dce223b6439639cd9494e5981b4636d57bd3e44459d.jpg\" alt=\"\"\/><\/p>\n<p>Kalle Rovanper\u00e4 m\u00e4\u00e4r\u00e4ttiin ajokieltoon. Vesa P\u00f6pp\u00f6nen \/ AOP<\/p>\n<p class=\"paragraph\"><a href=\"https:\/\/www.iltalehti.fi\/henkilot\/Kalle Rovanper\u00e4\" class=\"article-link-person-page\" rel=\"nofollow noopener\" target=\"_blank\">Kalle Rovanper\u00e4<\/a> yll\u00e4ttyi itsekin keskiviikkona kohtaamistaan terveysmurheista.<\/p>\n<p class=\"paragraph\">Formulauraa virittelev\u00e4 kuljettaja m\u00e4\u00e4r\u00e4ttiin ajokieltoon k\u00e4yt\u00e4nn\u00f6ss\u00e4 heti, kun h\u00e4n oli p\u00e4\u00e4ssyt uuden ajokkinsa rattiin Suzukan moottoriradalla.<\/p>\n<p class=\"paragraph\">Syyksi kerrottiin hyv\u00e4nlaatuinen asentohuimaus. Se vaikuttaa tasapainoaistiin.<\/p>\n<p class=\"paragraph\">\u2013 Minulla ei ole koskaan ollut t\u00e4llaisia oireita, joten olin hieman yll\u00e4ttynyt, Rovanper\u00e4 kommentoi <a href=\"https:\/\/jp.motorsport.com\/super-formula\/news\/rovanpera-explain-sympton-on-sf-rookie-test\/10784007\/\" target=\"_blank\" rel=\"noopener nofollow\">Motorspot.com-sivustolla<\/a>.<\/p>\n<p class=\"paragraph\">\u2013 Mutta ilmeisesti t\u00e4m\u00e4 voi sattua kenelle tahansa ja milloin tahansa. Ep\u00e4onnista, ett\u00e4 se sattui minulle juuri nyt, h\u00e4n jatkoi.<\/p>\n<p class=\"paragraph\">Rovanper\u00e4 ei saa ajaa koko loppuviikon aikana.<\/p>\n<p class=\"paragraph\">\u2013 Minua alkaa huimata, jos teen pienenkin \u00e4killisen liikkeen \u2013 jopa s\u00e4ngyss\u00e4 maatessani, h\u00e4n kuvaili.<\/p>\n<p class=\"paragraph\">Rovanper\u00e4 ehti ajaa Super formula -luokan autollaan vain yhden harjoitussession. H\u00e4n j\u00e4i koko kuljettajajoukon viimeiseksi selv\u00e4ll\u00e4 erolla.<\/p>\n","protected":false},"excerpt":{"rendered":"Rovanper\u00e4 avasi tuntemuksiaan. Kalle Rovanper\u00e4 m\u00e4\u00e4r\u00e4ttiin ajokieltoon. Vesa P\u00f6pp\u00f6nen \/ AOP Kalle Rovanper\u00e4 yll\u00e4ttyi itsekin keskiviikkona kohtaamistaan terveysmurheista.&hellip;\n","protected":false},"author":2,"featured_media":20412,"comment_status":"","ping_status":"","sticky":false,"template":"","format":"standard","meta":{"footnotes":""},"categories":[136],"tags":[35,648,407,137,33,31,30,408,121,41,32,167,128,109],"class_list":{"0":"post-113431","1":"post","2":"type-post","3":"status-publish","4":"format-standard","5":"has-post-thumbnail","7":"category-julkkikset","8":"tag-24h","9":"tag-autot","10":"tag-celebrities","11":"tag-entertainment","12":"tag-fi","13":"tag-finland","14":"tag-finnish","15":"tag-julkkikset","16":"tag-liikenne-ja-kuljetus","17":"tag-liikunta-ja-urheilu","18":"tag-suomi","19":"tag-terveys","20":"tag-tieliikenne","21":"tag-viihde"},"share_on_mastodon":{"url":"https:\/\/pubeurope.com\/@fi\/115699955095650779","error":""},"_links":{"self":[{"href":"https:\/\/www.europesays.com\/fi\/wp-json\/wp\/v2\/posts\/113431","targetHints":{"allow":["GET"]}}],"collection":[{"href":"https:\/\/www.europesays.com\/fi\/wp-json\/wp\/v2\/posts"}],"about":[{"href":"https:\/\/www.europesays.com\/fi\/wp-json\/wp\/v2\/types\/post"}],"author":[{"embeddable":true,"href":"https:\/\/www.europesays.com\/fi\/wp-json\/wp\/v2\/users\/2"}],"replies":[{"embeddable":true,"href":"https:\/\/www.europesays.com\/fi\/wp-json\/wp\/v2\/comments?post=113431"}],"version-history":[{"count":0,"href":"https:\/\/www.europesays.com\/fi\/wp-json\/wp\/v2\/posts\/113431\/revisions"}],"wp:featuredmedia":[{"embeddable":true,"href":"https:\/\/www.europesays.com\/fi\/wp-json\/wp\/v2\/media\/20412"}],"wp:attachment":[{"href":"https:\/\/www.europesays.com\/fi\/wp-json\/wp\/v2\/media?parent=113431"}],"wp:term":[{"taxonomy":"category","embeddable":true,"href":"https:\/\/www.europesays.com\/fi\/wp-json\/wp\/v2\/categories?post=113431"},{"taxonomy":"post_tag","embeddable":true,"href":"https:\/\/www.europesays.com\/fi\/wp-json\/wp\/v2\/tags?post=113431"}],"curies":[{"name":"wp","href":"https:\/\/api.w.org\/{rel}","templated":true}]}}