{"id":113439,"date":"2025-12-11T08:29:08","date_gmt":"2025-12-11T08:29:08","guid":{"rendered":"https:\/\/www.europesays.com\/fi\/113439\/"},"modified":"2025-12-11T08:29:08","modified_gmt":"2025-12-11T08:29:08","slug":"norelco-investoi-miljoonia-tulevaisuuteen-vaikka-markkina-on-hieman-sakannut-paikalliset","status":"publish","type":"post","link":"https:\/\/www.europesays.com\/fi\/113439\/","title":{"rendered":"Norelco investoi miljoonia tulevaisuuteen, vaikka markkina on hieman sakannut | Paikalliset"},"content":{"rendered":"<p>Savonlinnalaisella s\u00e4hk\u00f6njakeluj\u00e4rjestelmien valmistaja Norelco kertoo tiedotteessa k\u00e4ynniss\u00e4 olevan per\u00e4ti 3,5 miljoonan euron investointiohjelma, jonka osana uuden maalaamon rakennus on noussut jo harjakorkeuteen.<\/p>\n<p>Tavoitteena on kapasiteetin ja automaatioasteen nostaminen maalaamossa ja metallitehtaalla, tiedotteessa kerrotaan<\/p>\n<p>\u2013\u2009Kyse on investoinneista tulevaisuuteen, sanoo toimitusjohtaja <strong>Ari H\u00e4m\u00e4l\u00e4inen<\/strong> tiedotteessa.<\/p>\n<p>Norelco on<a href=\"https:\/\/www.ita-savo.fi\/paikalliset\/8969512\" rel=\"nofollow noopener\" target=\"_blank\"> kertonut muutosneuvotteluista<\/a>, mutta investoinnit ennakoivat tilanteen k\u00e4\u00e4ntyv\u00e4n paremmaksi.<\/p>\n<p>\u2013\u2009Investointien vaikutukset ty\u00f6llisyyteen ovat pitk\u00e4ll\u00e4 aikav\u00e4lill\u00e4 my\u00f6nteiset, H\u00e4m\u00e4l\u00e4inen toteaa tiedotteessa.<\/p>\n<p>Tiedotteessa kerrotaan, ett\u00e4 Norelco avasi kev\u00e4\u00e4ll\u00e4 uuden monikulttuurisen tulevaisuuden tehtaan Savonlinnaan.<\/p>\n<p>Norelco kertoo, ett\u00e4 se toteuttaa investoinnit Etel\u00e4-Savon ely-keskuksen my\u00f6nt\u00e4m\u00e4ll\u00e4 1,2 miljoonan euron tuella. Investoinneilla nostetaan maalaamon kapasiteetti 2,5-kertaiseksi ja lis\u00e4t\u00e4\u00e4n my\u00f6s metallitehtaan kapasiteettia.<\/p>\n<p>Vaikka Norelco on k\u00e4rsinyt heikosta markkinatilanteesta, H\u00e4m\u00e4l\u00e4isen mukaan se ylt\u00e4\u00e4 silti pieneen kasvuun kuluvana vuonna. Yritys ilmoitti kev\u00e4\u00e4ll\u00e4 suunnitelmistaan Ruotsin s\u00e4hk\u00f6teollisuusmarkkinoilla, jotka ovatkin vahvemmat kuin Suomessa.<\/p>\n<p>Norelcon p\u00e4\u00e4tuotteitta ovat s\u00e4hk\u00f6keskukset, kojeistot, muuntamot ja s\u00e4hk\u00f6asemat, joita yritys on valmistanut jo yli kuuden vuosikymmenen ajan. Uusimpana merkitt\u00e4v\u00e4n\u00e4 aluevaltauksena yritykselle ovat Okkenin datakeskuksiin valmistettavat kennokeskukset.<\/p>\n<p>\u2013\u2009Tuotteemme varmistavat s\u00e4hk\u00f6njakelun toimivuuden rakennuksissa, teollisuudessa, datakeskuksissa, uusiutuvan energian hankkeissa ja infrastruktuurissa, H\u00e4m\u00e4l\u00e4inen sanoo tiedotteessa ja jatkaa.<\/p>\n<p>\u2013\u2009Kun valitsee Norelcon, ei investoi vain laitteisiin vaan investoi mielenrauhaan, joka kest\u00e4\u00e4 koko laitteen elinkaaren ajan.<\/p>\n<p class=\"diks-title diks-article-box__title\">S\u00e4hk\u00f6tekniikka<\/p>\n<p>Norelco<\/p>\n<p>Norelco on vahvasti l\u00e4sn\u00e4 aurinkoenergian, vedyn tuotannon ja s\u00e4hk\u00f6isten ajoneuvojen projekteissa unohtamatta perusverkkoja, joiden varaan kaikki muu rakentuu. Tavoitteena on olla Pohjoismaiden halutuin kumppani s\u00e4hk\u00f6njakeluprojekteissa.<\/p>\n<p>Tuotteet varmistavat s\u00e4hk\u00f6njakelun toimivuuden rakennuksissa, teollisuudessa, datakeskuksissa, uusiutuvan energian hankkeissa ja infrastruktuurissa. <\/p>\n<p>Tuotteita valmistetaan nelj\u00e4ss\u00e4 tehtaassa Savonlinnassa ja Kuopiossa. <\/p>\n","protected":false},"excerpt":{"rendered":"Savonlinnalaisella s\u00e4hk\u00f6njakeluj\u00e4rjestelmien valmistaja Norelco kertoo tiedotteessa k\u00e4ynniss\u00e4 olevan per\u00e4ti 3,5 miljoonan euron investointiohjelma, jonka osana uuden maalaamon rakennus&hellip;\n","protected":false},"author":2,"featured_media":113440,"comment_status":"","ping_status":"","sticky":false,"template":"","format":"standard","meta":{"footnotes":""},"categories":[76],"tags":[79,77,124,1628,33,31,30,1132,20886,932,1000,17272,32,78],"class_list":{"0":"post-113439","1":"post","2":"type-post","3":"status-publish","4":"format-standard","5":"has-post-thumbnail","7":"category-talous","8":"tag-business","9":"tag-economy","10":"tag-energia-sektori","11":"tag-energia-ja-energiavarat","12":"tag-fi","13":"tag-finland","14":"tag-finnish","15":"tag-kuopio","16":"tag-norelco-oy","17":"tag-sahkontuotanto-ja-jakelu","18":"tag-savonlinna","19":"tag-savonlinnan-seudun-yrittajat","20":"tag-suomi","21":"tag-talous"},"share_on_mastodon":{"url":"https:\/\/pubeurope.com\/@fi\/115699998202484155","error":""},"_links":{"self":[{"href":"https:\/\/www.europesays.com\/fi\/wp-json\/wp\/v2\/posts\/113439","targetHints":{"allow":["GET"]}}],"collection":[{"href":"https:\/\/www.europesays.com\/fi\/wp-json\/wp\/v2\/posts"}],"about":[{"href":"https:\/\/www.europesays.com\/fi\/wp-json\/wp\/v2\/types\/post"}],"author":[{"embeddable":true,"href":"https:\/\/www.europesays.com\/fi\/wp-json\/wp\/v2\/users\/2"}],"replies":[{"embeddable":true,"href":"https:\/\/www.europesays.com\/fi\/wp-json\/wp\/v2\/comments?post=113439"}],"version-history":[{"count":0,"href":"https:\/\/www.europesays.com\/fi\/wp-json\/wp\/v2\/posts\/113439\/revisions"}],"wp:featuredmedia":[{"embeddable":true,"href":"https:\/\/www.europesays.com\/fi\/wp-json\/wp\/v2\/media\/113440"}],"wp:attachment":[{"href":"https:\/\/www.europesays.com\/fi\/wp-json\/wp\/v2\/media?parent=113439"}],"wp:term":[{"taxonomy":"category","embeddable":true,"href":"https:\/\/www.europesays.com\/fi\/wp-json\/wp\/v2\/categories?post=113439"},{"taxonomy":"post_tag","embeddable":true,"href":"https:\/\/www.europesays.com\/fi\/wp-json\/wp\/v2\/tags?post=113439"}],"curies":[{"name":"wp","href":"https:\/\/api.w.org\/{rel}","templated":true}]}}