{"id":113443,"date":"2025-12-11T08:31:09","date_gmt":"2025-12-11T08:31:09","guid":{"rendered":"https:\/\/www.europesays.com\/fi\/113443\/"},"modified":"2025-12-11T08:31:09","modified_gmt":"2025-12-11T08:31:09","slug":"avioeroa-voi-hakea-nyt-netissa","status":"publish","type":"post","link":"https:\/\/www.europesays.com\/fi\/113443\/","title":{"rendered":"Avioeroa voi hakea nyt netiss\u00e4"},"content":{"rendered":"<p class=\"ai-optimize-6 ai-optimize-introduction\">Tuomioistuinvirasto on avannut uuden <a href=\"https:\/\/asiointi.oikeus.fi\/yleisettuomioistuimet\/\" target=\"_blank\" rel=\"noopener nofollow\">OmaTuomioistuin<\/a>-asiointipalvelun, jonka kautta voi tehd\u00e4 avioerohakemuksen ja l\u00e4hett\u00e4\u00e4 tuomioistuimelle viestej\u00e4 ja vastaanottaa niit\u00e4.<\/p>\n<p class=\"ai-optimize-7\">Virasto kertoo tiedotteessaan, ett\u00e4 avioerohakemus tehd\u00e4\u00e4n palvelussa jommankumman puolison kotikunnan k\u00e4r\u00e4j\u00e4oikeudelle. Hakemuksen voi tehd\u00e4 palvelussa yksin tai yhdess\u00e4. Jos avioeroa haetaan yhdess\u00e4, tekee toinen puolisoista ensin hakemuksen ja toinen k\u00e4y sen l\u00e4hett\u00e4misen j\u00e4lkeen asiointipalvelussa ilmoittamassa yhtyv\u00e4ns\u00e4 hakemukseen.<\/p>\n<p class=\"ai-optimize-8\">Asiointipalvelun voi ottaa k\u00e4ytt\u00f6\u00f6n my\u00f6s jo vireill\u00e4 olevassa asiassa kirjautumalla palveluun ja ilmoittamalla prosessiosoitteekseen asiointipalvelun. Kun asiakas on ilmoittanut asiointipalvelun prosessiosoitteekseen, h\u00e4n saa jatkossa s\u00e4hk\u00f6postiinsa ilmoituksen siit\u00e4, ett\u00e4 palveluun on saapunut uusi viesti.<\/p>\n<p class=\"ai-optimize-9\">Asiointipalvelusta voi k\u00e4yd\u00e4 tarkastamassa harkinta-aikaan liittyvi\u00e4 m\u00e4\u00e4r\u00e4aikoja. My\u00f6s toisen vaiheen avioerohakemuksen voi tehd\u00e4 asiointipalvelussa sitten, kun harkinta-aika on kulunut.<\/p>\n<p class=\"ai-optimize-10\">Asiointipalvelun k\u00e4ytt\u00f6 edellytt\u00e4\u00e4, ett\u00e4 asiakas voi k\u00e4ytt\u00e4\u00e4 vahvaa tunnistautumista. Asiointipalvelussa voidaan n\u00e4ytt\u00e4\u00e4 sellaiset avioeroasiat, joiden tietoihin on tallennettu asiointipalvelussa asioivan henkil\u00f6tunnus.<\/p>\n<p class=\"ai-optimize-10\">Jos OmaTuomioistuin-palvelun k\u00e4ytt\u00f6 ei ole mahdollista, voi avioerohakemuksen tehd\u00e4 yh\u00e4 esimerkiksi <a href=\"http:\/\/xtgk1.mjt.lu\/lnk\/EAAAB_C6_LMAAc4gq8oAAGmX-xsAAAABFBYAAAAAABLIdABpOm9Bu-yN7YPfQW2XvFvTK6017wASwH0\/3\/7ph7s8aMDhdyHXkJz3IxrQ\/aHR0cHM6Ly90dW9taW9pc3R1aW1ldC5maS9maS9pbmRleC9hc2lvaW50aWphanVsa2lzdXVzL2xvbWFra2VldC9hdmlvZXJvLmh0bWw\" rel=\"nofollow noopener\" target=\"_blank\">tuomioistuimet.fi<\/a>\u2013verkkosivuilta l\u00f6ytyv\u00e4\u00e4 pdf-lomaketta hy\u00f6dynt\u00e4en.<\/p>\n<p>\u00a0<\/p>\n","protected":false},"excerpt":{"rendered":"Tuomioistuinvirasto on avannut uuden OmaTuomioistuin-asiointipalvelun, jonka kautta voi tehd\u00e4 avioerohakemuksen ja l\u00e4hett\u00e4\u00e4 tuomioistuimelle viestej\u00e4 ja vastaanottaa niit\u00e4. Virasto&hellip;\n","protected":false},"author":2,"featured_media":113444,"comment_status":"","ping_status":"","sticky":false,"template":"","format":"standard","meta":{"footnotes":""},"categories":[12],"tags":[22,23,26,27,33,31,30,17,24,25,28,29,15,18,21,32,19,20,16],"class_list":{"0":"post-113443","1":"post","2":"type-post","3":"status-publish","4":"format-standard","5":"has-post-thumbnail","7":"category-suomi","8":"tag-breaking-news","9":"tag-breakingnews","10":"tag-featured-news","11":"tag-featurednews","12":"tag-fi","13":"tag-finland","14":"tag-finnish","15":"tag-headlines","16":"tag-latest-news","17":"tag-latestnews","18":"tag-main-news","19":"tag-mainnews","20":"tag-news","21":"tag-otsikot","22":"tag-paauutiset","23":"tag-suomi","24":"tag-top-stories","25":"tag-topstories","26":"tag-uutiset"},"share_on_mastodon":{"url":"https:\/\/pubeurope.com\/@fi\/115700005900709306","error":""},"_links":{"self":[{"href":"https:\/\/www.europesays.com\/fi\/wp-json\/wp\/v2\/posts\/113443","targetHints":{"allow":["GET"]}}],"collection":[{"href":"https:\/\/www.europesays.com\/fi\/wp-json\/wp\/v2\/posts"}],"about":[{"href":"https:\/\/www.europesays.com\/fi\/wp-json\/wp\/v2\/types\/post"}],"author":[{"embeddable":true,"href":"https:\/\/www.europesays.com\/fi\/wp-json\/wp\/v2\/users\/2"}],"replies":[{"embeddable":true,"href":"https:\/\/www.europesays.com\/fi\/wp-json\/wp\/v2\/comments?post=113443"}],"version-history":[{"count":0,"href":"https:\/\/www.europesays.com\/fi\/wp-json\/wp\/v2\/posts\/113443\/revisions"}],"wp:featuredmedia":[{"embeddable":true,"href":"https:\/\/www.europesays.com\/fi\/wp-json\/wp\/v2\/media\/113444"}],"wp:attachment":[{"href":"https:\/\/www.europesays.com\/fi\/wp-json\/wp\/v2\/media?parent=113443"}],"wp:term":[{"taxonomy":"category","embeddable":true,"href":"https:\/\/www.europesays.com\/fi\/wp-json\/wp\/v2\/categories?post=113443"},{"taxonomy":"post_tag","embeddable":true,"href":"https:\/\/www.europesays.com\/fi\/wp-json\/wp\/v2\/tags?post=113443"}],"curies":[{"name":"wp","href":"https:\/\/api.w.org\/{rel}","templated":true}]}}