{"id":113461,"date":"2025-12-11T08:56:07","date_gmt":"2025-12-11T08:56:07","guid":{"rendered":"https:\/\/www.europesays.com\/fi\/113461\/"},"modified":"2025-12-11T08:56:07","modified_gmt":"2025-12-11T08:56:07","slug":"venaja-ei-ole-niin-vahva-kuin-luullaan-ensi-vuodesta-tulossa-kriittinen","status":"publish","type":"post","link":"https:\/\/www.europesays.com\/fi\/113461\/","title":{"rendered":"Ven\u00e4j\u00e4 ei ole niin vahva kuin luullaan \u2013 ensi vuodesta tulossa kriittinen"},"content":{"rendered":"<p class=\"ai-optimize-6 ai-optimize-introduction\">Marraskuun lopussa Ven\u00e4j\u00e4n valtion televisio n\u00e4ytti presidentti <strong>Vladimir Putinin<\/strong> vierailevan komentokeskuksessa sotilaspuku yll\u00e4\u00e4n ja vastaanottavan raportteja uusimmasta hy\u00f6kk\u00e4yksest\u00e4.<\/p>\n<p class=\"ai-optimize-7\">\u2013 Ven\u00e4j\u00e4n joukot etenev\u00e4t k\u00e4yt\u00e4nn\u00f6ss\u00e4 kaikkialle, Putin sanoi kenraaleilleen.<\/p>\n<p class=\"ai-optimize-8\">Kaksi p\u00e4iv\u00e4\u00e4 my\u00f6hemmin h\u00e4n totesi investointikonferenssissa:<\/p>\n<p class=\"ai-optimize-9\">\u2013 Maamme ja taloutemme selviytyv\u00e4t menestyksekk\u00e4\u00e4sti kaikista ongelmista.<\/p>\n<p class=\"ai-optimize-10\">Putin lis\u00e4si, ett\u00e4 Ven\u00e4j\u00e4 oli valmis sotaan Eurooppaa vastaan.<\/p>\n<p class=\"ai-optimize-11\">Todellisuudessa Ven\u00e4j\u00e4n tilanne on paljon ep\u00e4mukavampi, muistuttaa artikkelissaan <a href=\"https:\/\/www.economist.com\/europe\/2025\/12\/10\/russia-is-not-as-resilient-as-it-wants-you-to-think\" target=\"_blank\" rel=\"noopener nofollow\">The Economist<\/a>.<\/p>\n<p class=\"ai-optimize-12\">Ven\u00e4j\u00e4n armeijan eteneminen on verist\u00e4 ja hidasta. Maan taloudelliset ongelmat ovat vakavia ja pahenevat. Suuren yleis\u00f6n mieliala sodan suhteen on heikentynyt.<\/p>\n<p class=\"ai-optimize-13\">Putinin propaganda sek\u00e4 armeijan drooni- ja ohjusiskut pyrkiv\u00e4t pitk\u00e4lti vakuuttamaan Euroopan ja Yhdysvallat siit\u00e4, ett\u00e4 Ukrainan tukeminen on turhaa. Putin ei ole onnistunut valloittamaan Donbassia l\u00e4hes nelj\u00e4n vuoden yrityksist\u00e4 huolimatta. Ven\u00e4l\u00e4isten kohdalla kuilu mielikuvan ja todellisuuden v\u00e4lill\u00e4 levenee.<\/p>\n<p class=\"ai-optimize-14\">Economist muistuttaa, ett\u00e4 taistelukent\u00e4ll\u00e4 Ven\u00e4j\u00e4 l\u00e4hett\u00e4\u00e4 pieni\u00e4 ryhmi\u00e4 soluttautumaan Ukrainan asemiin ja kuvaamaan videoita ennen niiden tuhoamista. Avoimen l\u00e4hdekoodin tiedustelutietojen ja ven\u00e4l\u00e4isten sotabloggaajien perusteella todelliset edistysaskeleet ovat olleet v\u00e4hemm\u00e4n vakuuttavia. Ukrainan joukoilla on edelleen asemia Pokrovskissa, jonka Ven\u00e4j\u00e4 v\u00e4itti vallanneensa viikkoja sitten. Ven\u00e4j\u00e4n eteneminen on todellista, mutta v\u00e4hitt\u00e4ist\u00e4.<\/p>\n<p class=\"ai-optimize-15\">Ven\u00e4j\u00e4n talous ei ole horjumassa, mutta se alkaa osoittaa kuormitusta. Asiantuntijat ovat yht\u00e4 mielt\u00e4 siit\u00e4, ett\u00e4 ensi vuosi tulee olemaan vaikein sitten Ven\u00e4j\u00e4n t\u00e4ysimittaisen hy\u00f6kk\u00e4yksen alkamisen 2022. Viimeisen vuoden aikana \u00f6ljy- ja kaasutulot ovat laskeneet 22 prosenttia.<\/p>\n<p class=\"ai-optimize-16\">Sotilasmenojen valtavan kasvun aiheuttama taloudellinen vauhti on pys\u00e4htynyt. Budjetin alij\u00e4\u00e4m\u00e4 on l\u00e4hell\u00e4 3 prosenttia suhteessa BKT:hen. Ven\u00e4j\u00e4 saa v\u00e4h\u00e4n ulkomaisia \u200b\u200binvestointeja, eik\u00e4 se voi lainata kansainv\u00e4lisilt\u00e4 markkinoilta. Sodan rahoittamiseksi hallituksen on pakko lainata kotimaasta, mik\u00e4 voi kiihdytt\u00e4\u00e4 inflaatiota ja korottaa veroja.<\/p>\n<p class=\"ai-optimize-17\">Kreml k\u00e4ytt\u00e4\u00e4 puolet budjetistaan \u200b\u200basevoimiin, sotilasteolliseen kompleksiin, kotimaiseen turvallisuuteen ja velanhoitoon. Sota tekee asiantuntijoiden mukaan taloudesta vilkkaamman mutta k\u00f6yhemm\u00e4n. Se yll\u00e4pit\u00e4\u00e4 ty\u00f6paikkoja ja teollista toimintaa mutta tuottaa vain v\u00e4h\u00e4n pysyvi\u00e4 varoja tai tuottavuuden kasvua.<\/p>\n<p class=\"ai-optimize-18\">Korkeammat verot rasittavat entisest\u00e4\u00e4n taloutta, joka k\u00e4rsii jo ennest\u00e4\u00e4n kaksinumeroisista koroista ja ty\u00f6voimapulasta. Panssarivaunutehtaat tekev\u00e4t ylit\u00f6it\u00e4, kun taas autovalmistajat lyhent\u00e4v\u00e4t ty\u00f6vuoroja.<\/p>\n<p>Poimintoja videosis\u00e4ll\u00f6ist\u00e4mme<\/p>\n<p class=\"ai-optimize-19\">Lokakuussa Wieniss\u00e4 j\u00e4rjestetyss\u00e4 konferenssissa Ven\u00e4j\u00e4n keskuspankin entinen varajohtaja <strong>Oleg Vjugin<\/strong> sanoi, ett\u00e4 Kreml pystyi aluksi nostamaan puolustusmenoja, yll\u00e4pit\u00e4m\u00e4\u00e4n elintasoa ja palkitsemaan taloudellisesti sotaan osallistuneita, muttei voi en\u00e4\u00e4 jatkaa sotaa aiheuttamatta tuskaa. Vjuginin mukaan seuraukset tulevat ilmeisiksi vuonna 2026.<\/p>\n<p class=\"ai-optimize-21\">Ven\u00e4j\u00e4n Samaran kaupungissa ty\u00f6skentelev\u00e4n sosiologin <strong>Vladimir Zvonovskin<\/strong> mukaan hiljattain tehdyss\u00e4 kyselyss\u00e4 niiden vastaajien m\u00e4\u00e4r\u00e4, jotka sanoivat hyvinvointinsa heikkenev\u00e4n, oli kolminkertainen niiden m\u00e4\u00e4r\u00e4\u00e4n verrattuna, jotka sanoivat sen paranevan. Se on nyt korkeimmalla tasolla sitten sodan alkamisen.<\/p>\n<p class=\"ai-optimize-23\">Kreml on my\u00f6s tietoinen siit\u00e4, ett\u00e4 sodan lopettaminen tai sotilasmenojen v\u00e4hent\u00e4minen eiv\u00e4t ratkaise Ven\u00e4j\u00e4n talousongelmia. Koska taloudesta on tullut riippuvainen sotilastuotannosta, rauha todenn\u00e4k\u00f6isesti tuo lyhyell\u00e4 aikav\u00e4lill\u00e4 mukanaan uusia ongelmia, kuten traumatisoituneiden sotilaiden kotiuttamisen.<\/p>\n","protected":false},"excerpt":{"rendered":"Marraskuun lopussa Ven\u00e4j\u00e4n valtion televisio n\u00e4ytti presidentti Vladimir Putinin vierailevan komentokeskuksessa sotilaspuku yll\u00e4\u00e4n ja vastaanottavan raportteja uusimmasta hy\u00f6kk\u00e4yksest\u00e4.&hellip;\n","protected":false},"author":2,"featured_media":113462,"comment_status":"","ping_status":"","sticky":false,"template":"","format":"standard","meta":{"footnotes":""},"categories":[14],"tags":[22,23,26,27,33,31,30,17,24,25,28,29,15,18,21,32,19,20,56,16,987,59,60,61],"class_list":{"0":"post-113461","1":"post","2":"type-post","3":"status-publish","4":"format-standard","5":"has-post-thumbnail","7":"category-ulkomaat","8":"tag-breaking-news","9":"tag-breakingnews","10":"tag-featured-news","11":"tag-featurednews","12":"tag-fi","13":"tag-finland","14":"tag-finnish","15":"tag-headlines","16":"tag-latest-news","17":"tag-latestnews","18":"tag-main-news","19":"tag-mainnews","20":"tag-news","21":"tag-otsikot","22":"tag-paauutiset","23":"tag-suomi","24":"tag-top-stories","25":"tag-topstories","26":"tag-ulkomaat","27":"tag-uutiset","28":"tag-venajan-hyokkays","29":"tag-world","30":"tag-world-news","31":"tag-worldnews"},"share_on_mastodon":{"url":"https:\/\/pubeurope.com\/@fi\/115700104245053538","error":""},"_links":{"self":[{"href":"https:\/\/www.europesays.com\/fi\/wp-json\/wp\/v2\/posts\/113461","targetHints":{"allow":["GET"]}}],"collection":[{"href":"https:\/\/www.europesays.com\/fi\/wp-json\/wp\/v2\/posts"}],"about":[{"href":"https:\/\/www.europesays.com\/fi\/wp-json\/wp\/v2\/types\/post"}],"author":[{"embeddable":true,"href":"https:\/\/www.europesays.com\/fi\/wp-json\/wp\/v2\/users\/2"}],"replies":[{"embeddable":true,"href":"https:\/\/www.europesays.com\/fi\/wp-json\/wp\/v2\/comments?post=113461"}],"version-history":[{"count":0,"href":"https:\/\/www.europesays.com\/fi\/wp-json\/wp\/v2\/posts\/113461\/revisions"}],"wp:featuredmedia":[{"embeddable":true,"href":"https:\/\/www.europesays.com\/fi\/wp-json\/wp\/v2\/media\/113462"}],"wp:attachment":[{"href":"https:\/\/www.europesays.com\/fi\/wp-json\/wp\/v2\/media?parent=113461"}],"wp:term":[{"taxonomy":"category","embeddable":true,"href":"https:\/\/www.europesays.com\/fi\/wp-json\/wp\/v2\/categories?post=113461"},{"taxonomy":"post_tag","embeddable":true,"href":"https:\/\/www.europesays.com\/fi\/wp-json\/wp\/v2\/tags?post=113461"}],"curies":[{"name":"wp","href":"https:\/\/api.w.org\/{rel}","templated":true}]}}