{"id":113465,"date":"2025-12-11T08:58:08","date_gmt":"2025-12-11T08:58:08","guid":{"rendered":"https:\/\/www.europesays.com\/fi\/113465\/"},"modified":"2025-12-11T08:58:08","modified_gmt":"2025-12-11T08:58:08","slug":"suomi-on-pohjolan-musta-lammas","status":"publish","type":"post","link":"https:\/\/www.europesays.com\/fi\/113465\/","title":{"rendered":"Suomi on Pohjolan \u201dmusta lammas\u201d"},"content":{"rendered":"<p>Suomi on poikkeus leveyspiirill\u00e4\u00e4n.<\/p>\n<p class=\"article-body mb-nof-24 px-nof-16\">Suomi on nyt leveyspiirins\u00e4 \u201dmusta lammas\u201d ja sen mustuuden korkein piste Kokkola.<\/p>\n<p class=\"article-body mb-nof-24 px-nof-16\">Kokkola on nimitt\u00e4in yksi maapallomme pohjoisimpia lumettomia paikkakuntia t\u00e4ll\u00e4 hetkell\u00e4 ja Pohjanmaa muodostaa Maan pohjoisimman laaja-alaisen lumettoman alueen.<\/p>\n<p class=\"article-body mb-nof-24 px-nof-16\">Suomessa on Norjan ja Ruotsin rannikon ohella maapallon pohjoisimmat lumettomat alueet ja leveyspiirimme korkeimmat l\u00e4mp\u00f6tilat manneralueella.<\/p>\n<p class=\"article-body mb-nof-24 px-nof-16\">\u2013 Suomi pit\u00e4\u00e4 t\u00e4ll\u00e4 hetkell\u00e4 hallussaan kyseenalaista saavutusta: olemme leveyspiirill\u00e4mme maapallon pohjoisimpia alueita, miss\u00e4 ei ole lumipeitett\u00e4, kirjoittaa meteorologi <a class=\"article-personlink\" href=\"https:\/\/www.is.fi\/haku\/?query=Markus%20M%C3%A4ntykannas\" rel=\"nofollow noopener\" target=\"_blank\">Markus M\u00e4ntykannas<\/a> <a class=\"article-genericlink\" href=\"https:\/\/www.foreca.fi\/meteorologilta\/u1vblnbl\" rel=\"nofollow noopener\" target=\"_blank\">Forecan blogissa<\/a>.<\/p>\n<p class=\"article-body mb-nof-24 px-nof-16\">Kanadassa ja Siperiassa on paikoin jopa yli 40\u201350 astetta kylmemp\u00e4\u00e4 kuin Suomessa.<\/p>\n<p class=\"article-body mb-nof-24 px-nof-16\">Ilmi\u00f6n taustalla on marraskuussa tapahtunut stratosf\u00e4\u00e4rin \u00e4killinen l\u00e4mpeneminen. Se on aiheuttanut viiveell\u00e4 hyvin kylm\u00e4n ilmamassan purkauksia eri puolilla pohjoista pallonpuoliskoa.<\/p>\n<p class=\"article-body mb-nof-24 px-nof-16\">\u2013 Osumaa ovat ottaneet erityisesti Pohjois-Amerikka, Siperia ja Kaukoit\u00e4. On yleisesti tiedossa, ett\u00e4 stratosf\u00e4\u00e4rin l\u00e4mpeneminen lis\u00e4\u00e4 hyyt\u00e4v\u00e4n talvis\u00e4\u00e4n todenn\u00e4k\u00f6isyytt\u00e4 keskileveysasteilla, mutta ei tietenk\u00e4\u00e4n kaikkialla samanaikaisesti.<\/p>\n<p class=\"article-body mb-nof-24 px-nof-16\">Pohjois-Amerikan it\u00e4isiss\u00e4 ja pohjoisissa osissa sek\u00e4 Siperiassa on ollut 10\u201320 astetta ilmastollisen keskiarvon alapuolella.<\/p>\n<p class=\"article-body mb-nof-24 px-nof-16\">\u2013 30 asteen pakkaset ovat vy\u00f6ryneet Kanadan ja Yhdysvaltojen rajalle saakka.<\/p>\n<p class=\"article-body mb-nof-24 px-nof-16\">Sen sijaan Suomessa ja Euroopassa on ollut p\u00e4invastainen vaikutus.<\/p>\n<p class=\"article-body mb-nof-24 px-nof-16\">\u2013 Kun kylm\u00e4t ilmat ovat valuneet mantereemme sek\u00e4 it\u00e4- ett\u00e4 l\u00e4nsipuolelle, on meille virrannut jatkuvalla sy\u00f6t\u00f6ll\u00e4 Pohjois-Atlantin matalapaineiden s\u00e4estyksell\u00e4 hyvin lauhaa ilmaa lounaasta.<\/p>\n<p class=\"article-body mb-nof-24 px-nof-16\">Se ja tavanomaista l\u00e4mpim\u00e4mpi It\u00e4meri ovat syyt v\u00e4h\u00e4lumiseen joulukuuhun.<\/p>\n<p class=\"article-body mb-nof-24 px-nof-16\">Viikonloppuna s\u00e4\u00e4h\u00e4n saadaan sent\u00e4\u00e4n talvinen k\u00e4\u00e4nne ainakin hetkeksi, sill\u00e4 viikonloppuna on pakkasta. Osaan maata sataa luntakin.<\/p>\n<p class=\"article-body mb-nof-24 px-nof-16\">Lunta voi tulla jopa 10 sentti\u00e4 viikonlopun aikana, kertoo Forecan meteorologi Ilkka Alanko.<\/p>\n<p class=\"article-body mb-nof-24 px-nof-16\">Talvisesta s\u00e4\u00e4st\u00e4 nautitaan viel\u00e4 alkuviikon, mutta viikon puoliv\u00e4liss\u00e4 Suomeen virtaa lauhaa ilmaa lounaasta, jolloin s\u00e4\u00e4 k\u00e4\u00e4ntyy suojan puolelle ainakin Etel\u00e4- ja Keski-Suomessa.<\/p>\n","protected":false},"excerpt":{"rendered":"Suomi on poikkeus leveyspiirill\u00e4\u00e4n. Suomi on nyt leveyspiirins\u00e4 \u201dmusta lammas\u201d ja sen mustuuden korkein piste Kokkola. Kokkola on&hellip;\n","protected":false},"author":2,"featured_media":113466,"comment_status":"","ping_status":"","sticky":false,"template":"","format":"standard","meta":{"footnotes":""},"categories":[5],"tags":[22,23,26,27,33,31,30,17,34,24,25,28,29,15,18,21,32,19,20,16],"class_list":{"0":"post-113465","1":"post","2":"type-post","3":"status-publish","4":"format-standard","5":"has-post-thumbnail","7":"category-otsikot","8":"tag-breaking-news","9":"tag-breakingnews","10":"tag-featured-news","11":"tag-featurednews","12":"tag-fi","13":"tag-finland","14":"tag-finnish","15":"tag-headlines","16":"tag-ilta-sanomat","17":"tag-latest-news","18":"tag-latestnews","19":"tag-main-news","20":"tag-mainnews","21":"tag-news","22":"tag-otsikot","23":"tag-paauutiset","24":"tag-suomi","25":"tag-top-stories","26":"tag-topstories","27":"tag-uutiset"},"share_on_mastodon":{"url":"https:\/\/pubeurope.com\/@fi\/115700112117931054","error":""},"_links":{"self":[{"href":"https:\/\/www.europesays.com\/fi\/wp-json\/wp\/v2\/posts\/113465","targetHints":{"allow":["GET"]}}],"collection":[{"href":"https:\/\/www.europesays.com\/fi\/wp-json\/wp\/v2\/posts"}],"about":[{"href":"https:\/\/www.europesays.com\/fi\/wp-json\/wp\/v2\/types\/post"}],"author":[{"embeddable":true,"href":"https:\/\/www.europesays.com\/fi\/wp-json\/wp\/v2\/users\/2"}],"replies":[{"embeddable":true,"href":"https:\/\/www.europesays.com\/fi\/wp-json\/wp\/v2\/comments?post=113465"}],"version-history":[{"count":0,"href":"https:\/\/www.europesays.com\/fi\/wp-json\/wp\/v2\/posts\/113465\/revisions"}],"wp:featuredmedia":[{"embeddable":true,"href":"https:\/\/www.europesays.com\/fi\/wp-json\/wp\/v2\/media\/113466"}],"wp:attachment":[{"href":"https:\/\/www.europesays.com\/fi\/wp-json\/wp\/v2\/media?parent=113465"}],"wp:term":[{"taxonomy":"category","embeddable":true,"href":"https:\/\/www.europesays.com\/fi\/wp-json\/wp\/v2\/categories?post=113465"},{"taxonomy":"post_tag","embeddable":true,"href":"https:\/\/www.europesays.com\/fi\/wp-json\/wp\/v2\/tags?post=113465"}],"curies":[{"name":"wp","href":"https:\/\/api.w.org\/{rel}","templated":true}]}}