{"id":113478,"date":"2025-12-11T09:22:08","date_gmt":"2025-12-11T09:22:08","guid":{"rendered":"https:\/\/www.europesays.com\/fi\/113478\/"},"modified":"2025-12-11T09:22:08","modified_gmt":"2025-12-11T09:22:08","slug":"yk-venezuelan-kansalliskaarti-syyllistynyt-rikoksiin-ihmisyytta-vastaan-uutisia-lyhyesti","status":"publish","type":"post","link":"https:\/\/www.europesays.com\/fi\/113478\/","title":{"rendered":"YK: Venezuelan kansalliskaarti syyllistynyt rikoksiin ihmisyytt\u00e4 vastaan | Uutisia lyhyesti"},"content":{"rendered":"<p class=\"aw-1gybjub aw-5vja16 kEtdKx kmuxyA yle__article__paragraph\">Kansalliskaarti on ollut mukana nujertamassa presidentti Maduron vastustajia, toteaa YK.<\/p>\n<p><img decoding=\"async\" alt=\"Venezuelan presidentti Nicolas Maduro sotilaspuvussa.\" src=\"https:\/\/www.europesays.com\/fi\/wp-content\/uploads\/2025\/12\/39-1567885693a8581bcbf2.jpeg\" class=\"aw-1l9m598 hKVVvP\"\/><\/p>\n<p>Avaa kuvien katselu<\/p>\n<p>Venezuelan presidentti Nicolas Maduro Caracasissa 25.11. Kansalliskaarti on ollut keskeinen toimija Maduron poliittisten vastustajien nujertamisessa. Kuva: Frederico Parra \/ AFP<\/p>\n<p class=\"aw-1gybjub aw-1p7kakr kEtdKx cEmitX yle__article__paragraph\">Venezuelan puolisotilaallinen kansalliskaarti (GNB) on jo yli vuosikymmenen ajan syyllistynyt ihmisoikeusrikoksiin ja rikoksiin ihmisyytt\u00e4 vastaan, sanoo kaartia tutkinut YK:n monikansallinen selvitysryhm\u00e4.<\/p>\n<p class=\"aw-1gybjub aw-1p7kakr kEtdKx cEmitX yle__article__paragraph\">Kansalliskaartin varsinainen teht\u00e4v\u00e4 on auttaa poliisia yleisen rauhantilan turvaamisessa.<\/p>\n<p class=\"aw-1gybjub aw-1p7kakr kEtdKx cEmitX yle__article__paragraph\">Tosiasiassa kaarti on ollut keskeinen toimija presidentti <strong class=\"aw-ak79eh KyCXm yle__article__strong\">Nicolas Maduron<\/strong> poliittisten vastustajien nujertamisessa, YK-raportti kertoo.<\/p>\n<p class=\"aw-1gybjub aw-1p7kakr kEtdKx cEmitX yle__article__paragraph\">\u2013 GNB:n j\u00e4senet ovat syyllistyneet mielivaltaisiin tappoihin ja pid\u00e4tyksiin, seksuaaliseen ja sukupuoleen perustuvaan v\u00e4kivaltaan samoin kuin kidutukseen, ja muuhun julmaan, ep\u00e4inhimilliseen ja alentavaan kohteluun, raportissa todetaan.<\/p>\n<p class=\"aw-1gybjub aw-1p7kakr kEtdKx cEmitX yle__article__paragraph\">T\u00e4m\u00e4n toiminnan jatkuminen ja sen tekij\u00f6iden j\u00e4\u00e4minen rankaisematta todistavat rakenteellisesta ongelmasta Venezuelan poliittisessa j\u00e4rjestelm\u00e4ss\u00e4, YK jatkaa.<\/p>\n<p class=\"aw-1gybjub aw-1p7kakr kEtdKx cEmitX yle__article__paragraph\">L\u00e4hde: Reuters<\/p>\n","protected":false},"excerpt":{"rendered":"Kansalliskaarti on ollut mukana nujertamassa presidentti Maduron vastustajia, toteaa YK. Avaa kuvien katselu Venezuelan presidentti Nicolas Maduro Caracasissa&hellip;\n","protected":false},"author":2,"featured_media":113479,"comment_status":"","ping_status":"","sticky":false,"template":"","format":"standard","meta":{"footnotes":""},"categories":[14],"tags":[22,23,26,27,33,31,30,17,3363,20888,635,6697,24,25,28,29,15,7595,18,21,32,19,20,56,16,7605,59,60,61,7272],"class_list":{"0":"post-113478","1":"post","2":"type-post","3":"status-publish","4":"format-standard","5":"has-post-thumbnail","7":"category-ulkomaat","8":"tag-breaking-news","9":"tag-breakingnews","10":"tag-featured-news","11":"tag-featurednews","12":"tag-fi","13":"tag-finland","14":"tag-finnish","15":"tag-headlines","16":"tag-ihmisoikeudet","17":"tag-ihmisoikeusloukkaukset","18":"tag-kansalliskaarti","19":"tag-kidutus","20":"tag-latest-news","21":"tag-latestnews","22":"tag-main-news","23":"tag-mainnews","24":"tag-news","25":"tag-nicolas-maduro","26":"tag-otsikot","27":"tag-paauutiset","28":"tag-suomi","29":"tag-top-stories","30":"tag-topstories","31":"tag-ulkomaat","32":"tag-uutiset","33":"tag-venezuela","34":"tag-world","35":"tag-world-news","36":"tag-worldnews","37":"tag-yk"},"share_on_mastodon":{"url":"https:\/\/pubeurope.com\/@fi\/115700206616922204","error":""},"_links":{"self":[{"href":"https:\/\/www.europesays.com\/fi\/wp-json\/wp\/v2\/posts\/113478","targetHints":{"allow":["GET"]}}],"collection":[{"href":"https:\/\/www.europesays.com\/fi\/wp-json\/wp\/v2\/posts"}],"about":[{"href":"https:\/\/www.europesays.com\/fi\/wp-json\/wp\/v2\/types\/post"}],"author":[{"embeddable":true,"href":"https:\/\/www.europesays.com\/fi\/wp-json\/wp\/v2\/users\/2"}],"replies":[{"embeddable":true,"href":"https:\/\/www.europesays.com\/fi\/wp-json\/wp\/v2\/comments?post=113478"}],"version-history":[{"count":0,"href":"https:\/\/www.europesays.com\/fi\/wp-json\/wp\/v2\/posts\/113478\/revisions"}],"wp:featuredmedia":[{"embeddable":true,"href":"https:\/\/www.europesays.com\/fi\/wp-json\/wp\/v2\/media\/113479"}],"wp:attachment":[{"href":"https:\/\/www.europesays.com\/fi\/wp-json\/wp\/v2\/media?parent=113478"}],"wp:term":[{"taxonomy":"category","embeddable":true,"href":"https:\/\/www.europesays.com\/fi\/wp-json\/wp\/v2\/categories?post=113478"},{"taxonomy":"post_tag","embeddable":true,"href":"https:\/\/www.europesays.com\/fi\/wp-json\/wp\/v2\/tags?post=113478"}],"curies":[{"name":"wp","href":"https:\/\/api.w.org\/{rel}","templated":true}]}}