{"id":113482,"date":"2025-12-11T09:37:09","date_gmt":"2025-12-11T09:37:09","guid":{"rendered":"https:\/\/www.europesays.com\/fi\/113482\/"},"modified":"2025-12-11T09:37:09","modified_gmt":"2025-12-11T09:37:09","slug":"is-karajaoikeus-antoi-ratkaisun-michael-monroen-ja-heinolalaisen-tuotantoyhtion-riita-asiassa-etela-suomen-sanomat","status":"publish","type":"post","link":"https:\/\/www.europesays.com\/fi\/113482\/","title":{"rendered":"IS: K\u00e4r\u00e4j\u00e4oikeus antoi ratkaisun Michael Monroen ja heinolalaisen tuotantoyhti\u00f6n riita-asiassa &#8211; Etel\u00e4-Suomen Sanomat"},"content":{"rendered":"<ol>\n<li><a href=\"https:\/\/news.google.com\/rss\/articles\/CBMiT0FVX3lxTE82NjNLZjJBWV9uS2tqQklOeGpybHRPZFRrNnJ3S0tfUFV3Tjk1MG8wTk1xS1dJTWVaaUQ2YzV2a2lNTXRhX3RJWEpzakFya0U?oc=5\" target=\"_blank\" rel=\"nofollow noopener\">IS: K\u00e4r\u00e4j\u00e4oikeus antoi ratkaisun Michael Monroen ja heinolalaisen tuotantoyhti\u00f6n riita-asiassa<\/a>&nbsp;&nbsp;Etel\u00e4-Suomen Sanomat<\/li>\n<li><a href=\"https:\/\/news.google.com\/rss\/articles\/CBMiXkFVX3lxTE5vbjgtTXdldFhJMTFKb1VGaDBIUFZmOFlKWXM1cmt0SVNZSDY0NVg3dGo3MFg2OGxsN0tKaHc5anBZNE5iOFo5Z2l3Wlc5Ulg2eW1fYnRpdzVoNDIycEE?oc=5\" target=\"_blank\" rel=\"nofollow noopener\">N\u00e4ppis | Kisapuistonkin voisi kaavoittaa kampuksen alueeksi | P\u00e4\u00e4kirjoitus &amp; mielipide<\/a>&nbsp;&nbsp;Etel\u00e4-Suomen Sanomat<\/li>\n<li><a href=\"https:\/\/news.google.com\/rss\/articles\/CBMi2AFBVV95cUxOSWp6anV4T0VqbE53cHJWOVFUY2pLdzVjbWNlZGRFTXhzOS1xT0F4NjgtZVJCamhyY3J4YTFNdnJYNXpkSlJLSHFxd1RYMER4ZjBtMEtTWDkwcUtOYk4zTTBmUThFYWdvZDhEMDl5T3RIUklsVnBDTXBCWW5PMFFvV1JoMTd0Nk5ndV9ha003ZUw4bTJtLWE3SXYtQXZ2V2JSUFRLVnlfOXpZYktvOUlpWVVGb1BfUTN6S0pWb053c3ExQ09MdjlZV01zNERpVzRPX1RlZWY5eTg?oc=5\" target=\"_blank\" rel=\"nofollow noopener\">Lahden kaupunki, LUT ja LAB selvitt\u00e4v\u00e4t Ranta-Kartanon alueen mahdollisuuksia uuden Lahden kampuksen sijainniksi<\/a>&nbsp;&nbsp;lahti.fi<\/li>\n<li><a href=\"https:\/\/news.google.com\/rss\/articles\/CBMiX0FVX3lxTE9IcTZJLXIzV2F0S0VtTDNYWU5GT1FiRjJLQlFRWm5vUXBtczRCT3Vpb3lGYmhxNkZWSmp6VURjYXFXdk1GdHB1eVpnNzRmTmhGSXUxcVFzUHJPNVlsVjhv?oc=5\" target=\"_blank\" rel=\"nofollow noopener\">Paluumuuttaja avaa pizzerian Kouvolan keskustaan | Paikalliset<\/a>&nbsp;&nbsp;Kouvolan Sanomat<\/li>\n<li><a href=\"https:\/\/news.google.com\/rss\/articles\/CBMiW0FVX3lxTE43LVJlMDdYVzhIeTQxc2xiV1c3S2NTWldLTUlva2FWdVMxcnFrVjRycVNZNUlDSXU3a1hlZG5kTFgxVjVONktKN2x6ZlhXSEwwVkpUZjFBbExHc0E?oc=5\" target=\"_blank\" rel=\"nofollow noopener\">Palkittu maanviljelij\u00e4 Elim\u00e4elt\u00e4 kylv\u00e4\u00e4 ensi kes\u00e4n\u00e4 dronella | New Articles<\/a>&nbsp;&nbsp;Kouvolan Sanomat<\/li>\n<\/ol>\n","protected":false},"excerpt":{"rendered":"IS: K\u00e4r\u00e4j\u00e4oikeus antoi ratkaisun Michael Monroen ja heinolalaisen tuotantoyhti\u00f6n riita-asiassa&nbsp;&nbsp;Etel\u00e4-Suomen Sanomat N\u00e4ppis | Kisapuistonkin voisi kaavoittaa kampuksen alueeksi&hellip;\n","protected":false},"author":2,"featured_media":113483,"comment_status":"","ping_status":"","sticky":false,"template":"","format":"standard","meta":{"footnotes":""},"categories":[136],"tags":[407,137,33,31,30,3894,408,108,6433,47,141,32,109],"class_list":{"0":"post-113482","1":"post","2":"type-post","3":"status-publish","4":"format-standard","5":"has-post-thumbnail","7":"category-julkkikset","8":"tag-celebrities","9":"tag-entertainment","10":"tag-fi","11":"tag-finland","12":"tag-finnish","13":"tag-heinola","14":"tag-julkkikset","15":"tag-kulttuuri","16":"tag-michael-monroe","17":"tag-musiikki","18":"tag-muusikot-bandit","19":"tag-suomi","20":"tag-viihde"},"share_on_mastodon":{"url":"https:\/\/pubeurope.com\/@fi\/115700265367704633","error":""},"_links":{"self":[{"href":"https:\/\/www.europesays.com\/fi\/wp-json\/wp\/v2\/posts\/113482","targetHints":{"allow":["GET"]}}],"collection":[{"href":"https:\/\/www.europesays.com\/fi\/wp-json\/wp\/v2\/posts"}],"about":[{"href":"https:\/\/www.europesays.com\/fi\/wp-json\/wp\/v2\/types\/post"}],"author":[{"embeddable":true,"href":"https:\/\/www.europesays.com\/fi\/wp-json\/wp\/v2\/users\/2"}],"replies":[{"embeddable":true,"href":"https:\/\/www.europesays.com\/fi\/wp-json\/wp\/v2\/comments?post=113482"}],"version-history":[{"count":0,"href":"https:\/\/www.europesays.com\/fi\/wp-json\/wp\/v2\/posts\/113482\/revisions"}],"wp:featuredmedia":[{"embeddable":true,"href":"https:\/\/www.europesays.com\/fi\/wp-json\/wp\/v2\/media\/113483"}],"wp:attachment":[{"href":"https:\/\/www.europesays.com\/fi\/wp-json\/wp\/v2\/media?parent=113482"}],"wp:term":[{"taxonomy":"category","embeddable":true,"href":"https:\/\/www.europesays.com\/fi\/wp-json\/wp\/v2\/categories?post=113482"},{"taxonomy":"post_tag","embeddable":true,"href":"https:\/\/www.europesays.com\/fi\/wp-json\/wp\/v2\/tags?post=113482"}],"curies":[{"name":"wp","href":"https:\/\/api.w.org\/{rel}","templated":true}]}}