{"id":113486,"date":"2025-12-11T09:45:11","date_gmt":"2025-12-11T09:45:11","guid":{"rendered":"https:\/\/www.europesays.com\/fi\/113486\/"},"modified":"2025-12-11T09:45:11","modified_gmt":"2025-12-11T09:45:11","slug":"ranskan-presidentin-vaimo-taas-kohun-keskella","status":"publish","type":"post","link":"https:\/\/www.europesays.com\/fi\/113486\/","title":{"rendered":"Ranskan presidentin vaimo taas kohun keskell\u00e4"},"content":{"rendered":"<p>Brigitte Macronia kritisoidaan halventavasta kielenk\u00e4yt\u00f6st\u00e4.<\/p>\n<p><img decoding=\"async\" class=\"image image-show image-preview\" src=\"https:\/\/www.europesays.com\/fi\/wp-content\/uploads\/2025\/12\/e347640f6616ac12e2b4f06892c93953b7670f1fa6684a5cc897234f9a7693ad.jpg\" alt=\"\"\/><img decoding=\"async\" class=\"image image-show\" src=\"https:\/\/www.europesays.com\/fi\/wp-content\/uploads\/2025\/12\/1765446311_66_e347640f6616ac12e2b4f06892c93953b7670f1fa6684a5cc897234f9a7693ad.jpg\" alt=\"\"\/><\/p>\n<p>Brigitte Macron suututti sanomisillaan. AOP<\/p>\n<p class=\"paragraph\">Ranskan presidentin <strong>Emmanuel Macronin<\/strong> vaimo <a href=\"https:\/\/www.iltalehti.fi\/henkilot\/Brigitte Macron\" class=\"article-link-person-page\" rel=\"nofollow noopener\" target=\"_blank\">Brigitte Macron<\/a> on kritiikin kohteena loukkaavien sanomistensa vuoksi. Asiasta uutisoi muun muassa brittilehti <a href=\"https:\/\/www.theguardian.com\/world\/2025\/dec\/09\/brigitte-macron-filmed-slur-feminist-protesters-paris\" target=\"_blank\" rel=\"noopener nofollow\">The Guardian<\/a>.<\/p>\n<p class=\"paragraph\">Macron osallistui sunnuntaina keskustelutilaisuuteen n\u00e4yttelij\u00e4 <strong>Ary Abittanin<\/strong> kanssa. Tilaisuuden j\u00e4lkeen Abittanin oli m\u00e4\u00e4r\u00e4 esiinty\u00e4.<\/p>\n<p class=\"paragraph\">Koomikko Ary Abittania on aiemmin syytetty raiskauksesta. Ennen Abittanin lauantaista esiintymist\u00e4 feministiaktivistit olivat keskeytt\u00e4neet n\u00e4yttelij\u00e4n esityksen ja huutaneet \u201dAbittan, raiskaaja\u201d.<\/p>\n<p class=\"paragraph\">Sunnuntaina kuvatussa ja sittemmin julkaistussa videossa kuuluu, kun Abittan sanoo Macronille olevansa peloissaan ennen esityst\u00e4\u00e4n. T\u00e4h\u00e4n vastaukseksi Macron oli nimitt\u00e4nyt mielenosoittajia \u201dtyhmiksi \u00e4mmiksi\u201d ja sanonut, ett\u00e4 jos aktivistit palaavat, \u201dme heit\u00e4mme heid\u00e4t ulos\u201d.<\/p>\n<p class=\"paragraph\">Ranskalaiset julkisuuden henkil\u00f6t ja poliitikot ovat raivostuneet Macronin karkeasta ja halventavasta kielenk\u00e4yt\u00f6st\u00e4 ja vaatineet h\u00e4nt\u00e4 pyyt\u00e4m\u00e4\u00e4n anteeksi. Asiaan on ottanut kantaa muun muassa entinen presidentti <strong>Fran\u00e7ois Hollande<\/strong> sek\u00e4 vihre\u00e4n puolueen johtaja <strong>Marine Tondelier<\/strong>.<\/p>\n<p>Brigitte Macron on Ranskan presidentti Emmanuel Macronin vaimo. AOP<\/p>\n<p class=\"paragraph\">Macronin edustajat ovat puolustaneet maan ensimm\u00e4ist\u00e4 naista. Virallisessa lausunnossa sanotaan, ett\u00e4 Macron oli vain yritt\u00e4nyt rauhoitella Abittania.<\/p>\n<p class=\"paragraph\">\u2013 Kuten videolla n\u00e4kyy, rouva Macronin ainoa pyrkimys oli tuoda varmuutta taiteilijalle, joka oli juuri kertonut h\u00e4nelle, pukuhuoneessaan hetke\u00e4 ennen lavalle nousemista, olevansa peloissaan, sill\u00e4 h\u00e4nen esityst\u00e4ns\u00e4 oli h\u00e4iritty edellisen\u00e4 iltana, Brigitte Macronin edustajat lausuvat.<\/p>\n<p class=\"paragraph\">Tiedotteessa korostetaan, ettei Macron hy\u00f6kk\u00e4\u00e4 aktivistien tarkoitusperi\u00e4 vastaan.<\/p>\n<p class=\"paragraph\">\u2013 H\u00e4n ei kuitenkaan hyv\u00e4ksy k\u00e4ytettyj\u00e4 radikaaleja keinoja est\u00e4\u00e4 taiteilijaa esiintym\u00e4st\u00e4 lavalla, kuten lauantai-iltana k\u00e4vi.<\/p>\n<p class=\"paragraph\">Feministiaktivistiryhm\u00e4 Nous Toutes sanoi The Guardianin mukaan, ett\u00e4 he keskeyttiv\u00e4t Abittanin esityksen protestoidakseen Ranskassa valloillaan olevaa kulttuuria vastaan, jossa seksuaalirikolliset j\u00e4\u00e4v\u00e4t ilman rangaistusta.<\/p>\n<p class=\"paragraph\">Abittania kohtaan esitettiin raiskaussyyt\u00f6ksi\u00e4 vuonna 2021. Tapauksen tutkinta lopetettiin vuonna 2024 todisteiden puutteen vuoksi.<\/p>\n","protected":false},"excerpt":{"rendered":"Brigitte Macronia kritisoidaan halventavasta kielenk\u00e4yt\u00f6st\u00e4. Brigitte Macron suututti sanomisillaan. AOP Ranskan presidentin Emmanuel Macronin vaimo Brigitte Macron on&hellip;\n","protected":false},"author":2,"featured_media":113487,"comment_status":"","ping_status":"","sticky":false,"template":"","format":"standard","meta":{"footnotes":""},"categories":[130],"tags":[35,137,33,31,30,142,637,886,32,140,638,109],"class_list":{"0":"post-113486","1":"post","2":"type-post","3":"status-publish","4":"format-standard","5":"has-post-thumbnail","7":"category-viihde","8":"tag-24h","9":"tag-entertainment","10":"tag-fi","11":"tag-finland","12":"tag-finnish","13":"tag-poliitikot","14":"tag-politiikka","15":"tag-puolueet","16":"tag-suomi","17":"tag-tv-ja-elokuvat","18":"tag-valtiovalta","19":"tag-viihde"},"share_on_mastodon":{"url":"https:\/\/pubeurope.com\/@fi\/115700296989796865","error":""},"_links":{"self":[{"href":"https:\/\/www.europesays.com\/fi\/wp-json\/wp\/v2\/posts\/113486","targetHints":{"allow":["GET"]}}],"collection":[{"href":"https:\/\/www.europesays.com\/fi\/wp-json\/wp\/v2\/posts"}],"about":[{"href":"https:\/\/www.europesays.com\/fi\/wp-json\/wp\/v2\/types\/post"}],"author":[{"embeddable":true,"href":"https:\/\/www.europesays.com\/fi\/wp-json\/wp\/v2\/users\/2"}],"replies":[{"embeddable":true,"href":"https:\/\/www.europesays.com\/fi\/wp-json\/wp\/v2\/comments?post=113486"}],"version-history":[{"count":0,"href":"https:\/\/www.europesays.com\/fi\/wp-json\/wp\/v2\/posts\/113486\/revisions"}],"wp:featuredmedia":[{"embeddable":true,"href":"https:\/\/www.europesays.com\/fi\/wp-json\/wp\/v2\/media\/113487"}],"wp:attachment":[{"href":"https:\/\/www.europesays.com\/fi\/wp-json\/wp\/v2\/media?parent=113486"}],"wp:term":[{"taxonomy":"category","embeddable":true,"href":"https:\/\/www.europesays.com\/fi\/wp-json\/wp\/v2\/categories?post=113486"},{"taxonomy":"post_tag","embeddable":true,"href":"https:\/\/www.europesays.com\/fi\/wp-json\/wp\/v2\/tags?post=113486"}],"curies":[{"name":"wp","href":"https:\/\/api.w.org\/{rel}","templated":true}]}}