{"id":113490,"date":"2025-12-11T09:49:10","date_gmt":"2025-12-11T09:49:10","guid":{"rendered":"https:\/\/www.europesays.com\/fi\/113490\/"},"modified":"2025-12-11T09:49:10","modified_gmt":"2025-12-11T09:49:10","slug":"usa-ja-japani-mahtailivat-havittajillaan-kiinalle-ja-venajalle-uutisia-lyhyesti","status":"publish","type":"post","link":"https:\/\/www.europesays.com\/fi\/113490\/","title":{"rendered":"USA ja Japani mahtailivat h\u00e4vitt\u00e4jill\u00e4\u00e4n Kiinalle ja Ven\u00e4j\u00e4lle | Uutisia lyhyesti"},"content":{"rendered":"<p class=\"aw-1gybjub aw-5vja16 kEtdKx kmuxyA yle__article__paragraph\">Taiwan-kysymys kirist\u00e4\u00e4 Japanin ja Kiinan v\u00e4lej\u00e4. Yhdysvallat on Japanin tukena.<\/p>\n<p><img decoding=\"async\" alt=\"Kaksi h\u00e4vitt\u00e4j\u00e4\u00e4 ja pommikone lent\u00e4v\u00e4t rinnakkain. \" src=\"https:\/\/www.europesays.com\/fi\/wp-content\/uploads\/2025\/12\/39-1567872693a82619b8c4.jpeg\" class=\"aw-1l9m598 hKVVvP\"\/><\/p>\n<p>Avaa kuvien katselu<\/p>\n<p>Yhdysvaltain ilmavoimien B-52-pommikone ja Japanin F-15-h\u00e4vitt\u00e4j\u00e4t harjoittelivat yhdess\u00e4 Japaninmeren yll\u00e4 keskiviikkona. Kuva: Japanin puolustusvoimat \/ AFP<\/p>\n<p class=\"aw-1gybjub aw-1p7kakr kEtdKx cEmitX yle__article__paragraph\">Yhdysvaltain ydinpommikoneet lensiv\u00e4t yhdess\u00e4 japanilaisten h\u00e4vitt\u00e4jien kanssa keskiviikkona Japaninmeren yll\u00e4. Yhteislento oli kuitti Kiinan ja Ven\u00e4j\u00e4n yhteiselle sotaharjoitukselle Japanin ja Etel\u00e4-Korean liepeill\u00e4.<\/p>\n<p class=\"aw-1gybjub aw-1p7kakr kEtdKx cEmitX yle__article__paragraph\">Japanin puolustusministeri\u00f6 sanoi, ett\u00e4 se halusi yhdess\u00e4 Yhdysvaltain kanssa torpata yksipuoliset yritykset muuttaa voimalla alueen status quo -tilannetta.<\/p>\n<p class=\"aw-1gybjub aw-1p7kakr kEtdKx cEmitX yle__article__paragraph\">Taustalla oli my\u00f6s Kiinan tiistaiset harjoitukset lentotukialuksillaan. Japani l\u00e4hetti niiden vuoksi h\u00e4vitt\u00e4ji\u00e4\u00e4n ilmaan. Japanin puolustusministeri\u00f6n mukaan kiinalaish\u00e4vitt\u00e4j\u00e4t <a class=\"aw-iao6s4 iHOxEa yle__article__link\" href=\"https:\/\/yle.fi\/a\/74-20198318\" role=\"link\" rel=\"nofollow noopener\" target=\"_blank\">lukitsivat silloin tutkansa<\/a> japanilaisiin h\u00e4vitt\u00e4jiin.<\/p>\n<p class=\"aw-1gybjub aw-1p7kakr kEtdKx cEmitX yle__article__paragraph\">Sotilaskoneen tutkan lukitseminen kohteeseen tulkitaan rauhan aikana vihamieliseksi teoksi. Yhdysvallat arvosteli tekoa ja totesi olevansa Japanin horjumaton liittolainen.<\/p>\n<p class=\"aw-1gybjub aw-1p7kakr kEtdKx cEmitX yle__article__paragraph\">Kiinan ja Japanin v\u00e4lit ovat kiristyneet sen j\u00e4lkeen, kun Japanin p\u00e4\u00e4ministeri <strong class=\"aw-ak79eh KyCXm yle__article__strong\">Sanae Takaichi<\/strong> <a class=\"aw-iao6s4 iHOxEa yle__article__link\" href=\"https:\/\/yle.fi\/a\/74-20195672\" role=\"link\" rel=\"nofollow noopener\" target=\"_blank\">kommentoi Taiwan-kysymyst\u00e4<\/a> marraskuun alussa. Takaichi sanoi, ett\u00e4 Kiinan mahdollinen hy\u00f6kk\u00e4ys demokraattisesti hallittuun Taiwaniin voisi johtaa Japanin sotilaalliseen vastaukseen.<\/p>\n<p class=\"aw-1gybjub aw-1p7kakr kEtdKx cEmitX yle__article__paragraph\">L\u00e4hde: Reuters<\/p>\n","protected":false},"excerpt":{"rendered":"Taiwan-kysymys kirist\u00e4\u00e4 Japanin ja Kiinan v\u00e4lej\u00e4. Yhdysvallat on Japanin tukena. Avaa kuvien katselu Yhdysvaltain ilmavoimien B-52-pommikone ja Japanin&hellip;\n","protected":false},"author":2,"featured_media":113491,"comment_status":"","ping_status":"","sticky":false,"template":"","format":"standard","meta":{"footnotes":""},"categories":[14],"tags":[22,23,26,27,33,31,30,17,1343,20889,70,510,24,25,28,29,15,18,21,32,19,20,56,16,547,59,60,61,619],"class_list":{"0":"post-113490","1":"post","2":"type-post","3":"status-publish","4":"format-standard","5":"has-post-thumbnail","7":"category-ulkomaat","8":"tag-breaking-news","9":"tag-breakingnews","10":"tag-featured-news","11":"tag-featurednews","12":"tag-fi","13":"tag-finland","14":"tag-finnish","15":"tag-headlines","16":"tag-japani","17":"tag-japaninmeri","18":"tag-kansainvalinen-politiikka","19":"tag-kiina","20":"tag-latest-news","21":"tag-latestnews","22":"tag-main-news","23":"tag-mainnews","24":"tag-news","25":"tag-otsikot","26":"tag-paauutiset","27":"tag-suomi","28":"tag-top-stories","29":"tag-topstories","30":"tag-ulkomaat","31":"tag-uutiset","32":"tag-venaja","33":"tag-world","34":"tag-world-news","35":"tag-worldnews","36":"tag-yhdysvallat"},"share_on_mastodon":{"url":"https:\/\/pubeurope.com\/@fi\/115700312862800971","error":""},"_links":{"self":[{"href":"https:\/\/www.europesays.com\/fi\/wp-json\/wp\/v2\/posts\/113490","targetHints":{"allow":["GET"]}}],"collection":[{"href":"https:\/\/www.europesays.com\/fi\/wp-json\/wp\/v2\/posts"}],"about":[{"href":"https:\/\/www.europesays.com\/fi\/wp-json\/wp\/v2\/types\/post"}],"author":[{"embeddable":true,"href":"https:\/\/www.europesays.com\/fi\/wp-json\/wp\/v2\/users\/2"}],"replies":[{"embeddable":true,"href":"https:\/\/www.europesays.com\/fi\/wp-json\/wp\/v2\/comments?post=113490"}],"version-history":[{"count":0,"href":"https:\/\/www.europesays.com\/fi\/wp-json\/wp\/v2\/posts\/113490\/revisions"}],"wp:featuredmedia":[{"embeddable":true,"href":"https:\/\/www.europesays.com\/fi\/wp-json\/wp\/v2\/media\/113491"}],"wp:attachment":[{"href":"https:\/\/www.europesays.com\/fi\/wp-json\/wp\/v2\/media?parent=113490"}],"wp:term":[{"taxonomy":"category","embeddable":true,"href":"https:\/\/www.europesays.com\/fi\/wp-json\/wp\/v2\/categories?post=113490"},{"taxonomy":"post_tag","embeddable":true,"href":"https:\/\/www.europesays.com\/fi\/wp-json\/wp\/v2\/tags?post=113490"}],"curies":[{"name":"wp","href":"https:\/\/api.w.org\/{rel}","templated":true}]}}