{"id":113492,"date":"2025-12-11T09:50:08","date_gmt":"2025-12-11T09:50:08","guid":{"rendered":"https:\/\/www.europesays.com\/fi\/113492\/"},"modified":"2025-12-11T09:50:08","modified_gmt":"2025-12-11T09:50:08","slug":"syyte-paloittelumurhasta-tuomittu-surmattiin-raakaa-vakivaltaa-kayttaen-porin-laviassa-kotimaa","status":"publish","type":"post","link":"https:\/\/www.europesays.com\/fi\/113492\/","title":{"rendered":"Syyte: Paloittelumurhasta tuomittu surmattiin raakaa v\u00e4kivaltaa k\u00e4ytt\u00e4en Porin Laviassa | Kotimaa"},"content":{"rendered":"<p class=\"aw-1gybjub aw-5vja16 kEtdKx kmuxyA yle__article__paragraph\">1980-luvulla syntynytt\u00e4 miest\u00e4 syytet\u00e4\u00e4n murhasta torstaina Satakunnan k\u00e4r\u00e4j\u00e4oikeudessa alkaneessa oikeusk\u00e4sittelyss\u00e4.<\/p>\n<p><img decoding=\"async\" alt=\"Ihmisi\u00e4 Satakunnan k\u00e4r\u00e4j\u00e4oikeudessa murhaoikeudenk\u00e4ynniss\u00e4.\" src=\"https:\/\/www.europesays.com\/fi\/wp-content\/uploads\/2025\/12\/39-1567916693a8c500e538.jpeg\" class=\"aw-1l9m598 hKVVvP\"\/><\/p>\n<p>Avaa kuvien katselu<\/p>\n<p>Lavian murhan oikeusk\u00e4sittely alkoi Satakunnan k\u00e4r\u00e4j\u00e4oikeudessa torstaiaamuna. Yle ei n\u00e4yt\u00e4 syytettyjen kasvoja, koska t\u00e4ss\u00e4 vaiheessa oikeudenk\u00e4ynti\u00e4 on kyse ep\u00e4ilyst\u00e4. Kuva: Katja Halinen \/ Yle<\/p>\n<p>11:14\u2022P\u00e4ivitetty 11:20<\/p>\n<p class=\"aw-1gybjub aw-1p7kakr kEtdKx cEmitX yle__article__paragraph\"><a class=\"aw-iao6s4 iHOxEa yle__article__link\" href=\"https:\/\/yle.fi\/a\/3-5158794\" role=\"link\" rel=\"nofollow noopener\" target=\"_blank\">Paloittelumurhasta aiemmin tuomittu<\/a> <strong class=\"aw-ak79eh KyCXm yle__article__strong\">Janne Hyv\u00f6nen<\/strong> menehtyi syytt\u00e4j\u00e4n mukaan toukokuussa Porin Laviassa rajun v\u00e4kivallan seurauksena.<\/p>\n<p class=\"aw-1gybjub aw-1p7kakr kEtdKx cEmitX yle__article__paragraph\">Satakunnan k\u00e4r\u00e4j\u00e4oikeus aloitti 24. toukokuuta tapahtuneen henkirikoksen k\u00e4sittelyn torstaiaamuna.<\/p>\n<p class=\"aw-1gybjub aw-1p7kakr kEtdKx cEmitX yle__article__paragraph\">Syytteen mukaan 1980-luvulla syntynyt mies oli ensin t\u00f6rm\u00e4nnyt tienlaidassa istuneeseen tai kyyristelleeseen Hyv\u00f6seen autolla, t\u00e4m\u00e4n j\u00e4lkeen pahoinpidellyt viisikymppist\u00e4 uhria muun muassa erilaisilla astaloilla ja lopuksi sytytt\u00e4nyt uhrin palamaan palavaa nestett\u00e4 k\u00e4ytt\u00e4en.<\/p>\n<p class=\"aw-1gybjub aw-1p7kakr kEtdKx cEmitX yle__article__paragraph\">Hyv\u00f6nen kuoli palovammoihin, ja osasyyn\u00e4 kuolemaan olivat my\u00f6s pahoinpitelyst\u00e4 syntyneet erilaiset kallovammat.<\/p>\n<p class=\"aw-1gybjub aw-1p7kakr kEtdKx cEmitX yle__article__paragraph\">Syytt\u00e4j\u00e4n mukaan kyse oli murhasta.<\/p>\n<p>Ep\u00e4ilty kiist\u00e4\u00e4 murhasyytteen<\/p>\n<p class=\"aw-1gybjub aw-1p7kakr kEtdKx cEmitX yle__article__paragraph\">Syytetty mies my\u00f6nt\u00e4\u00e4 syyllistyneens\u00e4 t\u00f6rke\u00e4\u00e4n pahoinpitelyyn, mutta kiist\u00e4\u00e4 tappaneensa uhria.<\/p>\n<p class=\"aw-1gybjub aw-1p7kakr kEtdKx cEmitX yle__article__paragraph\">Asianajaja <strong class=\"aw-ak79eh KyCXm yle__article__strong\">Heikki Lampelan<\/strong> mukaan vastaaja ei ole aiheuttanut uhrin kuolemaa, joka aiheutui palovammoista.<\/p>\n<p class=\"aw-1gybjub aw-1p7kakr kEtdKx cEmitX yle__article__paragraph\">Lampela toteaa, ett\u00e4 vastaaja ei ole sytytt\u00e4nyt paloa, joten h\u00e4n ei ole n\u00e4in syyllistynyt murhaan, tappoon tai t\u00f6rke\u00e4\u00e4n kuolemantuottamukseen.<\/p>\n<p class=\"aw-1gybjub aw-1p7kakr kEtdKx cEmitX yle__article__paragraph\">Lampela korostaa vastauksessaan, ett\u00e4 kahdesta kuolinpaikalta l\u00f6ydetyst\u00e4 sytyttimest\u00e4 havaittiin ainoastaan uhrin DNA:ta.<\/p>\n<p class=\"aw-1gybjub aw-1p7kakr kEtdKx cEmitX yle__article__paragraph\">Samassa rivitalossa syytetyn ja uhrin kanssa Porin Laviassa asunut kolmas mies sai syytteen rikoksentekij\u00e4n suojelemisesta. Syytt\u00e4j\u00e4n mukaan mies oli antanut h\u00e4t\u00e4keskukselle v\u00e4\u00e4ri\u00e4 tietoja tapahtumista ja v\u00e4itti, ett\u00e4 vammat syntyiv\u00e4t grillatessa.<\/p>\n<p class=\"aw-1gybjub aw-1p7kakr kEtdKx cEmitX yle__article__paragraph\">Lis\u00e4ksi syytt\u00e4j\u00e4 katsoo, ett\u00e4 mies h\u00e4vitti todisteita polttamalla.<\/p>\n<p class=\"aw-1gybjub aw-1p7kakr kEtdKx cEmitX yle__article__paragraph\">Mies kiist\u00e4\u00e4 syytteen.<\/p>\n<p class=\"aw-1gybjub aw-1p7kakr kEtdKx cEmitX yle__article__paragraph\">Oikeusk\u00e4sittelylle on varattu Satakunnan k\u00e4r\u00e4j\u00e4oikeudessa kaksi p\u00e4iv\u00e4\u00e4.<\/p>\n<p class=\"aw-1gybjub aw-1p7kakr kEtdKx cEmitX yle__article__paragraph\">Juttu p\u00e4ivittyy.<\/p>\n","protected":false},"excerpt":{"rendered":"1980-luvulla syntynytt\u00e4 miest\u00e4 syytet\u00e4\u00e4n murhasta torstaina Satakunnan k\u00e4r\u00e4j\u00e4oikeudessa alkaneessa oikeusk\u00e4sittelyss\u00e4. Avaa kuvien katselu Lavian murhan oikeusk\u00e4sittely alkoi Satakunnan&hellip;\n","protected":false},"author":2,"featured_media":113493,"comment_status":"","ping_status":"","sticky":false,"template":"","format":"standard","meta":{"footnotes":""},"categories":[12],"tags":[22,23,26,27,33,31,30,17,20890,71,24,25,28,29,1252,15,18,21,2787,581,1263,18099,968,32,19,20,16,40,37],"class_list":{"0":"post-113492","1":"post","2":"type-post","3":"status-publish","4":"format-standard","5":"has-post-thumbnail","7":"category-suomi","8":"tag-breaking-news","9":"tag-breakingnews","10":"tag-featured-news","11":"tag-featurednews","12":"tag-fi","13":"tag-finland","14":"tag-finnish","15":"tag-headlines","16":"tag-heikki-lampela","17":"tag-kotimaa","18":"tag-latest-news","19":"tag-latestnews","20":"tag-main-news","21":"tag-mainnews","22":"tag-murha","23":"tag-news","24":"tag-otsikot","25":"tag-paauutiset","26":"tag-pori","27":"tag-rikokset","28":"tag-rikosepailyt","29":"tag-satakunnan-karajaoikeus","30":"tag-satakunta","31":"tag-suomi","32":"tag-top-stories","33":"tag-topstories","34":"tag-uutiset","35":"tag-vakivalta","36":"tag-vakivaltarikokset"},"share_on_mastodon":{"url":"https:\/\/pubeurope.com\/@fi\/115700316693096078","error":""},"_links":{"self":[{"href":"https:\/\/www.europesays.com\/fi\/wp-json\/wp\/v2\/posts\/113492","targetHints":{"allow":["GET"]}}],"collection":[{"href":"https:\/\/www.europesays.com\/fi\/wp-json\/wp\/v2\/posts"}],"about":[{"href":"https:\/\/www.europesays.com\/fi\/wp-json\/wp\/v2\/types\/post"}],"author":[{"embeddable":true,"href":"https:\/\/www.europesays.com\/fi\/wp-json\/wp\/v2\/users\/2"}],"replies":[{"embeddable":true,"href":"https:\/\/www.europesays.com\/fi\/wp-json\/wp\/v2\/comments?post=113492"}],"version-history":[{"count":0,"href":"https:\/\/www.europesays.com\/fi\/wp-json\/wp\/v2\/posts\/113492\/revisions"}],"wp:featuredmedia":[{"embeddable":true,"href":"https:\/\/www.europesays.com\/fi\/wp-json\/wp\/v2\/media\/113493"}],"wp:attachment":[{"href":"https:\/\/www.europesays.com\/fi\/wp-json\/wp\/v2\/media?parent=113492"}],"wp:term":[{"taxonomy":"category","embeddable":true,"href":"https:\/\/www.europesays.com\/fi\/wp-json\/wp\/v2\/categories?post=113492"},{"taxonomy":"post_tag","embeddable":true,"href":"https:\/\/www.europesays.com\/fi\/wp-json\/wp\/v2\/tags?post=113492"}],"curies":[{"name":"wp","href":"https:\/\/api.w.org\/{rel}","templated":true}]}}