{"id":113496,"date":"2025-12-11T10:03:10","date_gmt":"2025-12-11T10:03:10","guid":{"rendered":"https:\/\/www.europesays.com\/fi\/113496\/"},"modified":"2025-12-11T10:03:10","modified_gmt":"2025-12-11T10:03:10","slug":"lotta-ja-pappa-duon-lotta-suuttui-todenteolla","status":"publish","type":"post","link":"https:\/\/www.europesays.com\/fi\/113496\/","title":{"rendered":"Lotta ja Pappa \u2013duon Lotta suuttui todenteolla!"},"content":{"rendered":"<p>\n            Pappa ja Lotta vakuuttavat, ett\u00e4 kumpikin nauttii lauluvideoiden tekemisest\u00e4.<\/p>\n<p class=\"subtitle \">Sosaalisesta mediasta tuttu kaksikko on kohdannut ik\u00e4v\u00e4\u00e4 kommentointia.<\/p>\n<p class=\"article-content article-content-width !bg-background\">Lotta ja pappa -duo, eli  ja h\u00e4nen isois\u00e4ns\u00e4 , on hurmannut suomalaisia sosiaalisessa mediassa jo viiden vuoden ajan.<\/p>\n<p class=\"font-weight-bold m-font-weight-bold article-content article-content-width !bg-background\">Katso video \u2013 Terveyshuolet kurittavat Pate Mustaj\u00e4rve\u00e4:<\/p>\n<p class=\"article-content article-content-width !bg-background\">Lotta on tehnyt somevideoita vuodesta 2020 l\u00e4htien yhdess\u00e4 pappansa kanssa nimell\u00e4 &#8221;Lotta ja pappa&#8221;.<\/p>\n<p>Videolle ik\u00e4v\u00e4 vastaanotto<\/p>\n<p class=\"article-content article-content-width !bg-background\">Lotta julkaisi 3. joulukuuta YouTube-videon, jossa h\u00e4n laulaa papan kanssa Syd\u00e4meeni joulun teen -kappaleen. Videolla Jorma paljastaa huolensa joulunviettoon liittyen<\/p>\n<p class=\"article-content article-content-width !bg-background\">\u00a0\u2013 Voi voi, jos viel\u00e4 olisi saanut tuon saunan toimimaan&#8230;<\/p>\n<p class=\"article-content article-content-width !bg-background\">Kiuas on hajonnut, eik\u00e4 saunaan toistaiseksi p\u00e4\u00e4se. Asialla alkaa olla kiire, sill\u00e4 sauna on t\u00e4rke\u00e4 osa joulua. Lotta ja Pappa toteavatkin, ett\u00e4 se olisi saatava kuntoon jouluksi.<\/p>\n<p>        <a itemprop=\"url\" href=\"https:\/\/www.seiska.fi\/katso\/kotimaisessa-tosi-tv-sarjassa-kosinta\/1971403\" rel=\"nofollow noopener\" target=\"_blank\"><\/p>\n<p>\nT\u00e4n\u00e4\u00e4n tv:ss\u00e4:\n<\/p>\n<p class=\"section-date\">\n        <strong class=\"article-section\" data-section=\"katso\"><br \/>\n            katso<br \/>\n        <\/strong><br \/>\n        23.10. 15:15\n    <\/p>\n<p>Kotimaisessa tosi-tv-sarjassa kosinta!\n    <\/p>\n<p itemprop=\"description\" class=\"subtitle \">\n    Olympiamitalisti Joni Nyman on mukana Ylen sarjassa, jossa muistisairaista koostuva kuoro treenaa konserttia varten.\n<\/p>\n<p>        <\/a><\/p>\n<p class=\"article-content article-content-width !bg-background\">Lotta kertoo, ett\u00e4 h\u00e4n her\u00e4si videon julkaisemisen j\u00e4lkeisen\u00e4 p\u00e4iv\u00e4n\u00e4 lukemaan kivoja, jouluisia kommentteja joita he olivat saaneet.\u00a0Hyv\u00e4ntahtoinen video sai kuitenkin osakseen ik\u00e4vi\u00e4 kommentteja, mik\u00e4 sai Lotan pohtimaan jopa somettamisen lopettamista.\u00a0<\/p>\n<p>        <a itemprop=\"url\" href=\"https:\/\/www.seiska.fi\/kotimaa\/lotta-ja-pappa-kohun-keskella-huoli-herasi\/2010867\" rel=\"nofollow noopener\" target=\"_blank\"><\/p>\n<p>\nHuoli her\u00e4si\n<\/p>\n<p class=\"section-date\">\n        <strong class=\"article-section\" data-section=\"kotimaa\"><br \/>\n            kotimaa<br \/>\n        <\/strong><br \/>\n        3.12. 16:00\n    <\/p>\n<p>Lotta ja pappa kohun keskell\u00e4 \u2013 huoli her\u00e4si\n    <\/p>\n<p itemprop=\"description\" class=\"subtitle \">\n    Lotta teki rajun ratkaisun sen j\u00e4lkeen, kun jouluinen lauluvideo aiheutti kamalia seuraamuksia.\n<\/p>\n<p>        <\/a><\/p>\n<p class=\"article-content article-content-width !bg-background\">Lotta kertoo saaneensa kommentin, ett\u00e4 h\u00e4nen rahastus papan kustannuksella ei ota loppuakseen.<\/p>\n<p class=\"article-content article-content-width !bg-background\">\u2013 Sen alla \u2013 sek\u00e4 my\u00f6s toisten kommenttien alla \u2013 ihmiset valittivat siit\u00e4, kuinka min\u00e4 kinuan ilmaista tavaraa, kuinka kanavastamme on tullut kaupallinen, kuinka olen k\u00e4skenyt papan puhumaan saunasta koska haluan ilmaisen kiukaan, Lotta kertoo ep\u00e4uskoisena.\u00a0<\/p>\n<p>                <img decoding=\"async\" src=\"https:\/\/www.europesays.com\/fi\/wp-content\/uploads\/2025\/12\/910869.webp\" width=\"576\" height=\"720\" alt=\"Lotta ja Jorma olivat mukana Ylen Unohtumattomat \u2013 muistikuoron matka -sarjassa.\" loading=\"lazy\" \/>            <\/p>\n<p>\n            Lotta ja Jorma olivat mukana Ylen Unohtumattomat \u2013 muistikuoron matka -sarjassa.<br \/>\n            \u00a9 Hanne Manelius\n        <\/p>\n<p>Muistuttaa papan sairaudesta<\/p>\n<p class=\"article-content article-content-width !bg-background\">Lotta kertoo, ett\u00e4 he saavat runsaasti yhteisty\u00f6pyynt\u00f6j\u00e4, mutta h\u00e4n kielt\u00e4ytyy niist\u00e4 kaikista, koska haluaa heid\u00e4n somekanaviensa tuottavan iloa ja lohtua \u2013 ei rahaa.<\/p>\n<p class=\"article-content article-content-width !bg-background\">\u2013 En yleens\u00e4 suutu helposti, mutta t\u00e4ll\u00e4 kertaa suutuin. Poistin kaikki ajastamani joululauluvideot, enk\u00e4 edes noussut lentokoneeseen Lontoosta Suomeen, joka minulla oli varattu 3.12. J\u00e4in Lontooseen.<\/p>\n<p class=\"article-content article-content-width !bg-background\">H\u00e4nen puolisonsa oli muistuttanut, ett\u00e4 jos Lotta lopettaisi somen tekemisen, kiusaajat voittaisivat.<\/p>\n<p>        <a itemprop=\"url\" href=\"https:\/\/www.seiska.fi\/katso\/unohtumattomat-hammentaa-katsojia-mika-on-totuus-lotasta\/1941206\" rel=\"nofollow noopener\" target=\"_blank\"><\/p>\n<p>\nLotta ja pappa\n<\/p>\n<p class=\"section-date\">\n        <strong class=\"article-section\" data-section=\"katso\"><br \/>\n            katso<br \/>\n        <\/strong><br \/>\n        25.9. 13:15\n    <\/p>\n<p>Unohtumattomat h\u00e4mment\u00e4\u00e4 katsojia: Mik\u00e4 on totuus Lotasta?\n    <\/p>\n<p itemprop=\"description\" class=\"subtitle \">\n    Lotta-Sofia Saahko vastaa katsojien kummasteluun pappansa omaishoitajuudesta.\n<\/p>\n<p>        <\/a><\/p>\n<p class=\"article-content article-content-width !bg-background\">Lotta jatkaa, ett\u00e4 aiemmin pappa mainitsi videolla toivovansa, ett\u00e4 heid\u00e4n kuoronsa saisi laulaa Linnan juhlissa sai Lotta viestej\u00e4, ett\u00e4 h\u00e4n olisi opettanut pappaa sanomaan n\u00e4in, koska h\u00e4n haluaa sinne itse.<\/p>\n<p class=\"article-content article-content-width !bg-background\">\u2013 Saanko viel\u00e4 muistuttaa? Pappa on muistisairas. En voi opettaa h\u00e4nt\u00e4 sanomaan yht\u00e4\u00e4n mit\u00e4\u00e4n, vaikka kuinka haluaisin. En anna kiusaajien voittaa vaan jatkamme laulamista. Maailma tarvitsee iloa, Lotta muistuttaa.<\/p>\n","protected":false},"excerpt":{"rendered":"Pappa ja Lotta vakuuttavat, ett\u00e4 kumpikin nauttii lauluvideoiden tekemisest\u00e4. Sosaalisesta mediasta tuttu kaksikko on kohdannut ik\u00e4v\u00e4\u00e4 kommentointia. Lotta&hellip;\n","protected":false},"author":2,"featured_media":113497,"comment_status":"","ping_status":"","sticky":false,"template":"","format":"standard","meta":{"footnotes":""},"categories":[136],"tags":[407,137,1752,33,31,30,10716,20891,408,1829,3002,11612,32,109],"class_list":{"0":"post-113496","1":"post","2":"type-post","3":"status-publish","4":"format-standard","5":"has-post-thumbnail","7":"category-julkkikset","8":"tag-celebrities","9":"tag-entertainment","10":"tag-facebook","11":"tag-fi","12":"tag-finland","13":"tag-finnish","14":"tag-jorma-saahko","15":"tag-joululauluvideo","16":"tag-julkkikset","17":"tag-kiusaaminen","18":"tag-lotta-ja-pappa","19":"tag-lotta-sofia-saahko","20":"tag-suomi","21":"tag-viihde"},"share_on_mastodon":{"url":"https:\/\/pubeurope.com\/@fi\/115700367739860181","error":""},"_links":{"self":[{"href":"https:\/\/www.europesays.com\/fi\/wp-json\/wp\/v2\/posts\/113496","targetHints":{"allow":["GET"]}}],"collection":[{"href":"https:\/\/www.europesays.com\/fi\/wp-json\/wp\/v2\/posts"}],"about":[{"href":"https:\/\/www.europesays.com\/fi\/wp-json\/wp\/v2\/types\/post"}],"author":[{"embeddable":true,"href":"https:\/\/www.europesays.com\/fi\/wp-json\/wp\/v2\/users\/2"}],"replies":[{"embeddable":true,"href":"https:\/\/www.europesays.com\/fi\/wp-json\/wp\/v2\/comments?post=113496"}],"version-history":[{"count":0,"href":"https:\/\/www.europesays.com\/fi\/wp-json\/wp\/v2\/posts\/113496\/revisions"}],"wp:featuredmedia":[{"embeddable":true,"href":"https:\/\/www.europesays.com\/fi\/wp-json\/wp\/v2\/media\/113497"}],"wp:attachment":[{"href":"https:\/\/www.europesays.com\/fi\/wp-json\/wp\/v2\/media?parent=113496"}],"wp:term":[{"taxonomy":"category","embeddable":true,"href":"https:\/\/www.europesays.com\/fi\/wp-json\/wp\/v2\/categories?post=113496"},{"taxonomy":"post_tag","embeddable":true,"href":"https:\/\/www.europesays.com\/fi\/wp-json\/wp\/v2\/tags?post=113496"}],"curies":[{"name":"wp","href":"https:\/\/api.w.org\/{rel}","templated":true}]}}