{"id":113503,"date":"2025-12-11T10:14:12","date_gmt":"2025-12-11T10:14:12","guid":{"rendered":"https:\/\/www.europesays.com\/fi\/113503\/"},"modified":"2025-12-11T10:14:12","modified_gmt":"2025-12-11T10:14:12","slug":"verkossa-leviaa-kauhukuva-suomen-taloudesta","status":"publish","type":"post","link":"https:\/\/www.europesays.com\/fi\/113503\/","title":{"rendered":"Verkossa levi\u00e4\u00e4 kauhukuva Suomen taloudesta"},"content":{"rendered":"<p><img decoding=\"async\" class=\"image image-show image-preview\" src=\"https:\/\/www.europesays.com\/fi\/wp-content\/uploads\/2025\/12\/ea9cae983be27ee61abdfafd8605cd873e7d4fbe6f695cca063c0a3fa8cf7a50.jpg\" alt=\"\"\/><img decoding=\"async\" class=\"image image-show\" src=\"https:\/\/www.europesays.com\/fi\/wp-content\/uploads\/2025\/12\/1765448052_752_ea9cae983be27ee61abdfafd8605cd873e7d4fbe6f695cca063c0a3fa8cf7a50.jpg\" alt=\"\"\/><\/p>\n<p>Veronmaksaien toimitusjohtaja Teemu Lehtinen. Arkistokuva vuodelta 2023. Joel Maisalmi<\/p>\n<p class=\"paragraph\">Veronmaksajien toimitusjohtaja <strong>Teemu Lehtinen<\/strong> jakoi X-viestipalvelussa keskiviikkona ennustetta, jonka mukaan Suomen julkiset menot ovat nousseet Ranskan ohi koko EU:n k\u00e4rkeen. Ennusteen on laatinut EU-komissio.<\/p>\n<p class=\"paragraph\">\u2013 Julkiset menot ovat Suomessa 58,9 % suhteessa BKT:een. Muut p\u00e4rj\u00e4\u00e4v\u00e4t paljon v\u00e4hemm\u00e4ll\u00e4. Menot ovat l\u00e4pi katosta ja verot tapissa. Menos\u00e4\u00e4st\u00f6j\u00e4 siis tarvitaan, eik\u00e4 niille ole j\u00e4rkev\u00e4\u00e4 vaihtoehtoa, Lehtinen kirjoittaa.<\/p>\n<p class=\"paragraph\">Ennusteesta k\u00e4y ilmi, ett\u00e4 Suomen julkiset menot suhteessa bruttokansantuotteeseen ovat l\u00e4hes 10 %-yksikk\u00f6\u00e4 suuremmat kuin EU-maiden keskiarvo on (49,6 %) tai seitsem\u00e4nten\u00e4 olevalla Ruotsilla (50,2 %) ja sijalla 11 olevalla Tanskalla (49,4).<\/p>\n<p class=\"paragraph\">Julkisten menojen suhde bruttokansantuotteeseen on yksi tapa kuvata julkisen sektorin laajuutta, eli valtion, hv-alueiden, kuntien ja sosiaaliturvarahastojen laajuutta.<\/p>\n<p>Jungner: \u201dTuo on jo saavutus\u201d<\/p>\n<p class=\"paragraph\">Lehtisen p\u00e4ivityksess\u00e4 olevaa kuvaa on jaettu tai kommentoitu t\u00e4n\u00e4\u00e4n ja eilen innokkaasti sosiaalisessa mediassa.<\/p>\n<p class=\"paragraph\">\u2013 EU:n suurimmat julkiset menot, kohta EUn laajin ty\u00f6tt\u00f6myys, nopeimmin kasvava velanotto ja EUn surkeimmat talouden kasvuluvut eiv\u00e4t ole voittava kokonaisuus. Suomesta on tullut varoittava esimerkki. Maailman ykk\u00f6sest\u00e4 EUn surkeimmaksi 20 vuodessa. Tuo on jo saavutus, <strong>Mikael Jungner<\/strong> (kok) kirjoittaa X:ss\u00e4.<\/p>\n<p class=\"paragraph\">Kokoomuksen kansanedustaja Tere Sammallahti pit\u00e4\u00e4 58,9 %:n lukua mykistytt\u00e4v\u00e4n\u00e4.<\/p>\n<p class=\"paragraph\">\u2013 Todellisuudessa meill\u00e4 on 25 miljardia euroa liian isot julkiset menot. Oikenee vain s\u00e4\u00e4st\u00e4m\u00e4ll\u00e4, Sammallahti kirjoittaa.<\/p>\n<p class=\"paragraph\">X:n lis\u00e4ksi kuvaa on jaettu innolla my\u00f6s Facebookissa.<\/p>\n","protected":false},"excerpt":{"rendered":"Veronmaksaien toimitusjohtaja Teemu Lehtinen. Arkistokuva vuodelta 2023. Joel Maisalmi Veronmaksajien toimitusjohtaja Teemu Lehtinen jakoi X-viestipalvelussa keskiviikkona ennustetta, jonka&hellip;\n","protected":false},"author":2,"featured_media":113504,"comment_status":"","ping_status":"","sticky":false,"template":"","format":"standard","meta":{"footnotes":""},"categories":[76],"tags":[35,79,77,33,31,30,863,637,886,885,887,32,78],"class_list":{"0":"post-113503","1":"post","2":"type-post","3":"status-publish","4":"format-standard","5":"has-post-thumbnail","7":"category-talous","8":"tag-24h","9":"tag-business","10":"tag-economy","11":"tag-fi","12":"tag-finland","13":"tag-finnish","14":"tag-hallitus","15":"tag-politiikka","16":"tag-puolueet","17":"tag-suomen-poliittiset-puolueet","18":"tag-suomen-politiikka","19":"tag-suomi","20":"tag-talous"},"share_on_mastodon":{"url":"https:\/\/pubeurope.com\/@fi\/115700411243273092","error":""},"_links":{"self":[{"href":"https:\/\/www.europesays.com\/fi\/wp-json\/wp\/v2\/posts\/113503","targetHints":{"allow":["GET"]}}],"collection":[{"href":"https:\/\/www.europesays.com\/fi\/wp-json\/wp\/v2\/posts"}],"about":[{"href":"https:\/\/www.europesays.com\/fi\/wp-json\/wp\/v2\/types\/post"}],"author":[{"embeddable":true,"href":"https:\/\/www.europesays.com\/fi\/wp-json\/wp\/v2\/users\/2"}],"replies":[{"embeddable":true,"href":"https:\/\/www.europesays.com\/fi\/wp-json\/wp\/v2\/comments?post=113503"}],"version-history":[{"count":0,"href":"https:\/\/www.europesays.com\/fi\/wp-json\/wp\/v2\/posts\/113503\/revisions"}],"wp:featuredmedia":[{"embeddable":true,"href":"https:\/\/www.europesays.com\/fi\/wp-json\/wp\/v2\/media\/113504"}],"wp:attachment":[{"href":"https:\/\/www.europesays.com\/fi\/wp-json\/wp\/v2\/media?parent=113503"}],"wp:term":[{"taxonomy":"category","embeddable":true,"href":"https:\/\/www.europesays.com\/fi\/wp-json\/wp\/v2\/categories?post=113503"},{"taxonomy":"post_tag","embeddable":true,"href":"https:\/\/www.europesays.com\/fi\/wp-json\/wp\/v2\/tags?post=113503"}],"curies":[{"name":"wp","href":"https:\/\/api.w.org\/{rel}","templated":true}]}}