{"id":113505,"date":"2025-12-11T10:15:12","date_gmt":"2025-12-11T10:15:12","guid":{"rendered":"https:\/\/www.europesays.com\/fi\/113505\/"},"modified":"2025-12-11T10:15:12","modified_gmt":"2025-12-11T10:15:12","slug":"stubbin-suunnitelmiin-viime-hetken-muutos-il-seuraa","status":"publish","type":"post","link":"https:\/\/www.europesays.com\/fi\/113505\/","title":{"rendered":"Stubbin suunnitelmiin viime hetken muutos \u2013 IL seuraa"},"content":{"rendered":"<p>Tasavallan presidentti tekee valtiovierailun Alankomaihin 11.\u201312. joulukuuta.<\/p>\n<p><img decoding=\"async\" class=\"image image-show image-preview\" src=\"https:\/\/www.europesays.com\/fi\/wp-content\/uploads\/2025\/12\/0a53fc42bb0affe5c95e1b1d8e394920174567ab206286b07b32b09db37a0c97.jpg\" alt=\"\"\/><img decoding=\"async\" class=\"image image-show\" src=\"https:\/\/www.europesays.com\/fi\/wp-content\/uploads\/2025\/12\/1765448112_531_0a53fc42bb0affe5c95e1b1d8e394920174567ab206286b07b32b09db37a0c97.jpg\" alt=\"\"\/><\/p>\n<p>Alexander Stubb tekee valtiovierailun Alankomaihin. Roosa Br\u00f6ijer<\/p>\n<p class=\"paragraph\">Tasavallan presidentti <a href=\"https:\/\/www.iltalehti.fi\/henkilot\/Alexander Stubb\" class=\"article-link-person-page\" rel=\"nofollow noopener\" target=\"_blank\">Alexander Stubb<\/a> ja h\u00e4nen puolisonsa <a href=\"https:\/\/www.iltalehti.fi\/henkilot\/Suzanne Innes-Stubb\" class=\"article-link-person-page\" rel=\"nofollow noopener\" target=\"_blank\">Suzanne Innes-Stubb<\/a> aloittavat torstaina kaksip\u00e4iv\u00e4isen valtiovierailun Alankomaihin kuningas <a href=\"https:\/\/www.iltalehti.fi\/henkilot\/Willem-Alexander\" class=\"article-link-person-page\" rel=\"nofollow noopener\" target=\"_blank\">Willem-Alexanderin<\/a> kutsusta.<\/p>\n<p class=\"paragraph\">Torstai alkaa Amsterdamin Dam-aukiolla j\u00e4rjestett\u00e4vill\u00e4 vastaanottoseremonioilla, joiden yhteydess\u00e4 Stubb laskee seppeleen kansallismuistomerkille. Sen j\u00e4lkeen Stubb luennoi Amsterdamin yliopistossa ja tapaa opiskelijoita.<\/p>\n<p class=\"paragraph\">Iltap\u00e4iv\u00e4ll\u00e4 presidenttipari tutustuu drooniteknologiaan ja puolustusministeri\u00f6n Defensity College -ohjelmaan.<\/p>\n<p class=\"paragraph\">Presidentin torstain ohjelmaan tuli my\u00f6s viime hetken muutos. Stubb poistuu puolustusalan tilaisuudesta etuajassa osallistuakseen halukkaiden koalition kokoukseen et\u00e4yhteyden avulla. Tasavallan presidentin kanslian <a href=\"https:\/\/www.presidentti.fi\/presidentti-stubb-osallistuu-halukkaiden-koalition-johtajien-virtuaalikokoukseen-2\/\" target=\"_blank\" rel=\"noopener nofollow\">mukaan<\/a> kokouksen aiheena on koalition tuki Ukrainalle ja rauhanneuvottelujen seuraavat vaiheet.<\/p>\n<p class=\"paragraph\">Kokouksen takia Stubbilta j\u00e4\u00e4 v\u00e4list\u00e4 my\u00f6s merimuseolla j\u00e4rjestett\u00e4v\u00e4 yritystilaisuus. Siell\u00e4 Suomea edustaa ulkomaankauppa- ja kehitysministeri <a href=\"https:\/\/www.iltalehti.fi\/henkilot\/Ville Tavio\" class=\"article-link-person-page\" rel=\"nofollow noopener\" target=\"_blank\">Ville Tavio<\/a> (ps). P\u00e4iv\u00e4 p\u00e4\u00e4ttyy kuninkaanlinnan juhlaillalliseen.<\/p>\n<p class=\"paragraph\">Perjantaina ohjelma jatkuu Haagissa. Stubb ja kuningas Willem-Alexander vierailevat Naton tietoj\u00e4rjestelm\u00e4virastossa, mink\u00e4 j\u00e4lkeen Stubb tapaa parlamentin yl\u00e4- sek\u00e4 alahuoneen puheenjohtajat ja p\u00e4\u00e4ministeri <a href=\"https:\/\/www.iltalehti.fi\/henkilot\/Dick Schoof\" class=\"article-link-person-page\" rel=\"nofollow noopener\" target=\"_blank\">Dick Schoofin<\/a> keskustellakseen Euroopan turvallisuudesta ja Ukrainasta.<\/p>\n<p class=\"paragraph\">Loppup\u00e4iv\u00e4\u00e4n sis\u00e4ltyv\u00e4t ty\u00f6lounas Duivenvoorden linnassa, tapaaminen Clingendael-instituutin asiantuntijoiden kanssa sek\u00e4 vierailu Kansainv\u00e4lisess\u00e4 rikostuomioistuimessa.<\/p>\n<p class=\"paragraph\">Iltalehden ulkomaantoimittaja <strong>Heikki Mulari<\/strong> ja kuvaaja <strong>Elle Laitila<\/strong> raportoivat vierailusta paikan p\u00e4\u00e4lt\u00e4. Seuraamme valtiovierailun etenemist\u00e4 hetki hetkelt\u00e4 t\u00e4ss\u00e4 jutussa.<\/p>\n<p>Ei vanhempia p\u00e4ivityksi\u00e4<\/p>\n","protected":false},"excerpt":{"rendered":"Tasavallan presidentti tekee valtiovierailun Alankomaihin 11.\u201312. joulukuuta. Alexander Stubb tekee valtiovierailun Alankomaihin. Roosa Br\u00f6ijer Tasavallan presidentti Alexander Stubb&hellip;\n","protected":false},"author":2,"featured_media":113506,"comment_status":"","ping_status":"","sticky":false,"template":"","format":"standard","meta":{"footnotes":""},"categories":[14],"tags":[35,22,23,26,27,33,31,30,17,24,25,28,29,15,18,21,142,637,886,888,887,32,19,20,56,16,59,60,61],"class_list":{"0":"post-113505","1":"post","2":"type-post","3":"status-publish","4":"format-standard","5":"has-post-thumbnail","7":"category-ulkomaat","8":"tag-24h","9":"tag-breaking-news","10":"tag-breakingnews","11":"tag-featured-news","12":"tag-featurednews","13":"tag-fi","14":"tag-finland","15":"tag-finnish","16":"tag-headlines","17":"tag-latest-news","18":"tag-latestnews","19":"tag-main-news","20":"tag-mainnews","21":"tag-news","22":"tag-otsikot","23":"tag-paauutiset","24":"tag-poliitikot","25":"tag-politiikka","26":"tag-puolueet","27":"tag-suomalaiset-poliitikot","28":"tag-suomen-politiikka","29":"tag-suomi","30":"tag-top-stories","31":"tag-topstories","32":"tag-ulkomaat","33":"tag-uutiset","34":"tag-world","35":"tag-world-news","36":"tag-worldnews"},"share_on_mastodon":{"url":"https:\/\/pubeurope.com\/@fi\/115700414827325577","error":""},"_links":{"self":[{"href":"https:\/\/www.europesays.com\/fi\/wp-json\/wp\/v2\/posts\/113505","targetHints":{"allow":["GET"]}}],"collection":[{"href":"https:\/\/www.europesays.com\/fi\/wp-json\/wp\/v2\/posts"}],"about":[{"href":"https:\/\/www.europesays.com\/fi\/wp-json\/wp\/v2\/types\/post"}],"author":[{"embeddable":true,"href":"https:\/\/www.europesays.com\/fi\/wp-json\/wp\/v2\/users\/2"}],"replies":[{"embeddable":true,"href":"https:\/\/www.europesays.com\/fi\/wp-json\/wp\/v2\/comments?post=113505"}],"version-history":[{"count":0,"href":"https:\/\/www.europesays.com\/fi\/wp-json\/wp\/v2\/posts\/113505\/revisions"}],"wp:featuredmedia":[{"embeddable":true,"href":"https:\/\/www.europesays.com\/fi\/wp-json\/wp\/v2\/media\/113506"}],"wp:attachment":[{"href":"https:\/\/www.europesays.com\/fi\/wp-json\/wp\/v2\/media?parent=113505"}],"wp:term":[{"taxonomy":"category","embeddable":true,"href":"https:\/\/www.europesays.com\/fi\/wp-json\/wp\/v2\/categories?post=113505"},{"taxonomy":"post_tag","embeddable":true,"href":"https:\/\/www.europesays.com\/fi\/wp-json\/wp\/v2\/tags?post=113505"}],"curies":[{"name":"wp","href":"https:\/\/api.w.org\/{rel}","templated":true}]}}