{"id":113507,"date":"2025-12-11T10:16:10","date_gmt":"2025-12-11T10:16:10","guid":{"rendered":"https:\/\/www.europesays.com\/fi\/113507\/"},"modified":"2025-12-11T10:16:10","modified_gmt":"2025-12-11T10:16:10","slug":"kenraaliluutnantti-jos-nain-kay-venaja-hyokkaa-eurooppaan","status":"publish","type":"post","link":"https:\/\/www.europesays.com\/fi\/113507\/","title":{"rendered":"Kenraaliluutnantti:\u00a0Jos n\u00e4in k\u00e4y,\u00a0Ven\u00e4j\u00e4 hy\u00f6kk\u00e4\u00e4 Eurooppaan"},"content":{"rendered":"<p>Yhdysvaltalainen kenraaliluutnantti Ben Hodges uskoo, ett\u00e4 Ven\u00e4j\u00e4 hy\u00f6kk\u00e4\u00e4 Eurooppaan, jos se p\u00e4\u00e4stet\u00e4\u00e4n Ukrainan suhteen liian helpolla.<\/p>\n<p><img decoding=\"async\" class=\"image image-show image-preview\" src=\"https:\/\/www.europesays.com\/fi\/wp-content\/uploads\/2025\/11\/f37ce811ab5e01e3f36b1d74a67ab84dca888572898282d571ead3c31487f22d.jpg\" alt=\"\"\/><img decoding=\"async\" class=\"image image-show\" src=\"https:\/\/www.europesays.com\/fi\/wp-content\/uploads\/2025\/11\/1764418450_662_f37ce811ab5e01e3f36b1d74a67ab84dca888572898282d571ead3c31487f22d.jpg\" alt=\"\"\/><\/p>\n<p>L\u00e4ntisten arvioiden mukaan Putinin Ven\u00e4j\u00e4ll\u00e4 on laajentumispyrkimyksi\u00e4. EPA\/AOP<\/p>\n<p class=\"paragraph\">Ven\u00e4j\u00e4 hy\u00f6kk\u00e4\u00e4 Eurooppaan,\u00a0jos\u00a0Ukrainan\u00a0rauhansopimuksessa ei taata maan\u00a0puolustuskyky\u00e4 ja Ven\u00e4j\u00e4 armahdetaan sotarikoksista,\u00a0sanoo el\u00e4k\u00f6itynyt\u00a0yhdysvaltalainen kenraaliluutnantti <strong>Ben\u00a0Hodges<\/strong> <a href=\"https:\/\/meduza.io\/en\/feature\/2025\/12\/10\/former-u-s-army-europe-commander-ben-hodges-on-why-a-russia-friendly-peace-plan-would-guarantee-an-attack-on-nato\" target=\"_blank\" rel=\"noopener nofollow\">Meduzan<\/a>\u00a0haastattelussa.<\/p>\n<p class=\"paragraph\">Hodgesin\u00a0mukaan\u00a0Ukrainan tulee saada tehd\u00e4 mit\u00e4 tahansa\u00a0vahvistaakseen itse\u00e4\u00e4n ja est\u00e4\u00e4kseen Ven\u00e4j\u00e4\u00e4 hy\u00f6kk\u00e4\u00e4m\u00e4st\u00e4 maahan uudestaan.<\/p>\n<p class=\"paragraph\"><a href=\"https:\/\/www.iltalehti.fi\/ulkomaat\/71bca3bc-3ced-4ba1-bd4a-affc45fd3671\" rel=\"nofollow noopener\" target=\"_blank\">Uusimmassa ehdotuksessa<\/a> Ven\u00e4j\u00e4n ja Ukrainan rauhansopimukseksi on Ukrainalle my\u00f6nteisemm\u00e4t ehdot.\u00a0Sopimus\u00a0muun muassa\u00a0antaisi Ukrainalle Naton 5. artiklaa vastaavat\u00a0turvatakuut\u00a0ja\u00a0kielt\u00e4isi\u00a0Ven\u00e4j\u00e4\u00e4 puuttumasta Ukrainan itsem\u00e4\u00e4r\u00e4\u00e4misoikeuden alaisiin asioihin, kuten armeijan kokoon.<\/p>\n<p class=\"paragraph\">Aiemmassa sopimusehdotuksen perusteella Ukrainan asevoimien koko rajoitettaisiin\u00a0600 000 henkil\u00f6\u00f6n.\u00a0Aiemmasta 28-kohtaisesta sopimusehdotuksesta neuvottelivat Yhdysvallat ja Ven\u00e4j\u00e4. Ukrainaa tai Euroopan maita ei otettu mukaan neuvotteluihin, ja ehdotus koettiin\u00a0Kremlin tavoitteita my\u00f6t\u00e4ilev\u00e4ksi.<\/p>\n<p class=\"paragraph\">Hodgesin\u00a0mukaan\u00a0Naton\u00a0ja\u00a0Euroopan\u00a0unionin\u00a0on\u00a0tunnustettava,\u00a0ett\u00e4\u00a0Ven\u00e4j\u00e4\u00a0k\u00e4y\u00a0sotaa\u00a0heit\u00e4\u00a0vastaan.<\/p>\n<p class=\"paragraph\">\u2013 Paras tapa varmistaa, ett\u00e4 Ven\u00e4j\u00e4 ei ikin\u00e4 hy\u00f6kk\u00e4\u00e4 Nato-maahan, on auttaa Ukrainaa voittamaan Ven\u00e4j\u00e4, h\u00e4n sanoo.<\/p>\n","protected":false},"excerpt":{"rendered":"Yhdysvaltalainen kenraaliluutnantti Ben Hodges uskoo, ett\u00e4 Ven\u00e4j\u00e4 hy\u00f6kk\u00e4\u00e4 Eurooppaan, jos se p\u00e4\u00e4stet\u00e4\u00e4n Ukrainan suhteen liian helpolla. L\u00e4ntisten arvioiden&hellip;\n","protected":false},"author":2,"featured_media":103140,"comment_status":"","ping_status":"","sticky":false,"template":"","format":"standard","meta":{"footnotes":""},"categories":[12],"tags":[35,802,804,22,23,26,27,33,31,30,17,24,25,803,28,29,15,18,21,637,2535,32,19,20,16],"class_list":{"0":"post-113507","1":"post","2":"type-post","3":"status-publish","4":"format-standard","5":"has-post-thumbnail","7":"category-suomi","8":"tag-24h","9":"tag-armeijat-ja-aseelliset-joukot","10":"tag-aseelliset-konfliktit","11":"tag-breaking-news","12":"tag-breakingnews","13":"tag-featured-news","14":"tag-featurednews","15":"tag-fi","16":"tag-finland","17":"tag-finnish","18":"tag-headlines","19":"tag-latest-news","20":"tag-latestnews","21":"tag-levottomuudet-ja-sodat","22":"tag-main-news","23":"tag-mainnews","24":"tag-news","25":"tag-otsikot","26":"tag-paauutiset","27":"tag-politiikka","28":"tag-puolustuspolitiikka","29":"tag-suomi","30":"tag-top-stories","31":"tag-topstories","32":"tag-uutiset"},"share_on_mastodon":{"url":"https:\/\/pubeurope.com\/@fi\/115700418805365994","error":""},"_links":{"self":[{"href":"https:\/\/www.europesays.com\/fi\/wp-json\/wp\/v2\/posts\/113507","targetHints":{"allow":["GET"]}}],"collection":[{"href":"https:\/\/www.europesays.com\/fi\/wp-json\/wp\/v2\/posts"}],"about":[{"href":"https:\/\/www.europesays.com\/fi\/wp-json\/wp\/v2\/types\/post"}],"author":[{"embeddable":true,"href":"https:\/\/www.europesays.com\/fi\/wp-json\/wp\/v2\/users\/2"}],"replies":[{"embeddable":true,"href":"https:\/\/www.europesays.com\/fi\/wp-json\/wp\/v2\/comments?post=113507"}],"version-history":[{"count":0,"href":"https:\/\/www.europesays.com\/fi\/wp-json\/wp\/v2\/posts\/113507\/revisions"}],"wp:featuredmedia":[{"embeddable":true,"href":"https:\/\/www.europesays.com\/fi\/wp-json\/wp\/v2\/media\/103140"}],"wp:attachment":[{"href":"https:\/\/www.europesays.com\/fi\/wp-json\/wp\/v2\/media?parent=113507"}],"wp:term":[{"taxonomy":"category","embeddable":true,"href":"https:\/\/www.europesays.com\/fi\/wp-json\/wp\/v2\/categories?post=113507"},{"taxonomy":"post_tag","embeddable":true,"href":"https:\/\/www.europesays.com\/fi\/wp-json\/wp\/v2\/tags?post=113507"}],"curies":[{"name":"wp","href":"https:\/\/api.w.org\/{rel}","templated":true}]}}