{"id":113508,"date":"2025-12-11T10:17:07","date_gmt":"2025-12-11T10:17:07","guid":{"rendered":"https:\/\/www.europesays.com\/fi\/113508\/"},"modified":"2025-12-11T10:17:07","modified_gmt":"2025-12-11T10:17:07","slug":"pienituloisten-tuetut-lomat-loppuvat-olemme-surullisia-ja-jarkyttyneita-uutissuomalainen","status":"publish","type":"post","link":"https:\/\/www.europesays.com\/fi\/113508\/","title":{"rendered":"Pienituloisten tuetut lomat loppuvat \u2013 &#8221;Olemme surullisia ja j\u00e4rkyttyneit\u00e4&#8221; | Uutissuomalainen"},"content":{"rendered":"<p>Valtio on lopettamassa pienituloisille lapsiperheille ja aikuisille suunnatun lomatoiminnan rahoituksen vuoden 2026 j\u00e4lkeen.<\/p>\n<p>Asiasta kertovat Sosiaali- ja terveysj\u00e4rjest\u00f6jen avustuskeskus STEA ja Loma ja Terveys ry.<\/p>\n<p>Tuettu loma on 4\u20135 vuorokauden mittainen t\u00e4ysihoitoloma, joka sis\u00e4lt\u00e4\u00e4 majoituksen, lomaohjelman sek\u00e4 ruokailut. Tuetut lomat on suunnattu perheille ja aikuisille, joilla ei muutoin ole mahdollisuutta lomaan taloudellisista, sosiaalisista tai terveydellisist\u00e4 syist\u00e4.<\/p>\n<p>\u2013 Olemme surullisia ja j\u00e4rkyttyneit\u00e4 tilanteesta. Sosiaalinen lomatoiminta on monille ainoa mahdollisuus heng\u00e4ht\u00e4\u00e4 arjesta ja ker\u00e4t\u00e4 voimavaroja. Lomatoiminnan p\u00e4\u00e4ttyess\u00e4 tuhannet ihmiset j\u00e4\u00e4v\u00e4t jatkossa kokonaan ilman merkityksellist\u00e4 lomaa, Loma ja Terveys ry:n toiminnanjohtaja <strong>Anne Yl\u00f6nen<\/strong> toteaa tiedotteessa.<\/p>\n<p>Tuetun loman positiiviset vaikutukset lomalaisten el\u00e4m\u00e4\u00e4n ovat Yl\u00f6sen mukaan tutkitusti merkitt\u00e4vi\u00e4.<\/p>\n<p>Yhdistys pyrkii toteuttamaan vuodelle 2026 suunnatut perhelomat suunnitelmien mukaisesti. Aikuisille suunnattujen lomien tilanteesta Loma ja Terveys tiedottaa my\u00f6hemmin.<\/p>\n<p>Hallitus p\u00e4\u00e4tti kautensa alussa leikata sote-j\u00e4rjest\u00f6jen avustuksia noin 140 miljoonalla eurolla. Sosiaali- ja terveysj\u00e4rjest\u00f6jen valtionavustukset pienenev\u00e4t ensi vuonna 30 miljoonalla eurolla eli kymmenell\u00e4 prosentilla t\u00e4m\u00e4n vuoden avustustasoon verrattuna.<\/p>\n","protected":false},"excerpt":{"rendered":"Valtio on lopettamassa pienituloisille lapsiperheille ja aikuisille suunnatun lomatoiminnan rahoituksen vuoden 2026 j\u00e4lkeen. Asiasta kertovat Sosiaali- ja terveysj\u00e4rjest\u00f6jen&hellip;\n","protected":false},"author":2,"featured_media":113509,"comment_status":"","ping_status":"","sticky":false,"template":"","format":"standard","meta":{"footnotes":""},"categories":[5],"tags":[22,23,26,27,33,31,30,17,2353,587,24,25,28,29,15,18,21,98,103,32,167,19,20,860,16,796],"class_list":{"0":"post-113508","1":"post","2":"type-post","3":"status-publish","4":"format-standard","5":"has-post-thumbnail","7":"category-otsikot","8":"tag-breaking-news","9":"tag-breakingnews","10":"tag-featured-news","11":"tag-featurednews","12":"tag-fi","13":"tag-finland","14":"tag-finnish","15":"tag-headlines","16":"tag-hotellit-ja-majoitus","17":"tag-koyhyys-ja-sosiaaliturva","18":"tag-latest-news","19":"tag-latestnews","20":"tag-main-news","21":"tag-mainnews","22":"tag-news","23":"tag-otsikot","24":"tag-paauutiset","25":"tag-perhe","26":"tag-sosiaalikysymykset","27":"tag-suomi","28":"tag-terveys","29":"tag-top-stories","30":"tag-topstories","31":"tag-tyoelama","32":"tag-uutiset","33":"tag-yhteiskunta"},"share_on_mastodon":{"url":"https:\/\/pubeurope.com\/@fi\/115700422642406381","error":""},"_links":{"self":[{"href":"https:\/\/www.europesays.com\/fi\/wp-json\/wp\/v2\/posts\/113508","targetHints":{"allow":["GET"]}}],"collection":[{"href":"https:\/\/www.europesays.com\/fi\/wp-json\/wp\/v2\/posts"}],"about":[{"href":"https:\/\/www.europesays.com\/fi\/wp-json\/wp\/v2\/types\/post"}],"author":[{"embeddable":true,"href":"https:\/\/www.europesays.com\/fi\/wp-json\/wp\/v2\/users\/2"}],"replies":[{"embeddable":true,"href":"https:\/\/www.europesays.com\/fi\/wp-json\/wp\/v2\/comments?post=113508"}],"version-history":[{"count":0,"href":"https:\/\/www.europesays.com\/fi\/wp-json\/wp\/v2\/posts\/113508\/revisions"}],"wp:featuredmedia":[{"embeddable":true,"href":"https:\/\/www.europesays.com\/fi\/wp-json\/wp\/v2\/media\/113509"}],"wp:attachment":[{"href":"https:\/\/www.europesays.com\/fi\/wp-json\/wp\/v2\/media?parent=113508"}],"wp:term":[{"taxonomy":"category","embeddable":true,"href":"https:\/\/www.europesays.com\/fi\/wp-json\/wp\/v2\/categories?post=113508"},{"taxonomy":"post_tag","embeddable":true,"href":"https:\/\/www.europesays.com\/fi\/wp-json\/wp\/v2\/tags?post=113508"}],"curies":[{"name":"wp","href":"https:\/\/api.w.org\/{rel}","templated":true}]}}