{"id":113510,"date":"2025-12-11T10:29:12","date_gmt":"2025-12-11T10:29:12","guid":{"rendered":"https:\/\/www.europesays.com\/fi\/113510\/"},"modified":"2025-12-11T10:29:12","modified_gmt":"2025-12-11T10:29:12","slug":"seura-kysely-asunnosta-johti-treffeille-ja-liisa-hyssala-ja-eero-lehti-rakastuivat","status":"publish","type":"post","link":"https:\/\/www.europesays.com\/fi\/113510\/","title":{"rendered":"Seura: Kysely asunnosta johti treffeille, ja Liisa Hyss\u00e4l\u00e4 ja Eero Lehti rakastuivat"},"content":{"rendered":"<p class=\"ingress\">Liisa Hyss\u00e4l\u00e4 kertoo Seurassa, miten tapasi puolisonsa Eero Lehden, sill\u00e4 Tinder ja seuranhakupalvelut eiv\u00e4t olleet heit\u00e4 varten.<\/p>\n<p>Ex-ministeri <strong>Liisa Hyss\u00e4l\u00e4<\/strong>, 76, kertoo <a href=\"https:\/\/seura.fi\/viihde\/julkkikset\/liisa-hyssala-tuli-kylaan-eero-lehden-luo-ja-jai-sille-tielle\/\" target=\"_blank\" rel=\"noreferrer noopener nofollow\">Seurassa<\/a> kokeneensa yksin\u00e4isyytt\u00e4 puolisonsa <strong>Esko Hyss\u00e4l\u00e4n<\/strong> menehdytty\u00e4 vuonna 2021. Samoihin aikoihin Liisa luopui v\u00e4hitellen ty\u00f6el\u00e4m\u00e4st\u00e4. El\u00e4m\u00e4ntilanteen muuttuessa syntyi idea muutosta Nizzaan, jossa Liisa ajatteli asuvansa vuokralla osan vuodesta. H\u00e4n muisti tuttunsa, liike-el\u00e4m\u00e4n vaikuttaja <strong>Eero Lehden<\/strong>, 81, omistavan asunnon sielt\u00e4 ja laittoi Eerolle s\u00e4hk\u00f6postiviestin. Vastausta ei kuulunut, ja Liisa alkoi ihmetell\u00e4. <\/p>\n<p>\u201dNo sitten yht\u00e4kki\u00e4 t\u00e4m\u00e4 soittaa ja sanoo, ett\u00e4 piti tarkistaa, onko asunto myyty. Hiukan ihmettelin, ett\u00e4 eik\u00f6 h\u00e4n tied\u00e4, omistaako h\u00e4n asuntoa en\u00e4\u00e4 vai ei\u201d, Liisa kertoo Seurassa.<\/p>\n<p>Asunto oli kuin olikin myyty, mutta puhelinkeskustelussa Liisa kertoi saaneensa aikoinaan kutsun Eeron edesmenneelt\u00e4 puolisolta <strong>Ulpu Lehdelt\u00e4<\/strong> Lehtien Sipoon-kotiin katsomaan huvilan sisustusta. Koti oli ollut silloin antiikkilehdess\u00e4.<\/p>\n<p>\u201dEero sanoi, ett\u00e4 kutsu oli voimassa\u201d, Liisa muistelee Seurassa.<\/p>\n<p>Puolisonsa Ulpun menehdytty\u00e4 Eero ei sen kummemmin ollut kaivannut naista rinnalleen, kunnes huomasi muuttuneensa alakuloiseksi ja kaipaavansa kotiel\u00e4m\u00e4\u00e4. Tinder ja muut seuranhakupalvelut eiv\u00e4t innostaneet. Kun Liisa sitten soitti loma-asuntoasiaa, Eero rohkaistui kutsumaan Liisan sy\u00f6m\u00e4\u00e4n, sill\u00e4 h\u00e4n muisti parturissa lukeneensa naistenlehden haastattelun, jossa ex-ministeri Liisa Hyss\u00e4l\u00e4 kertoi olevansa vapaa nainen ja ett\u00e4 rakkaudelle olisi el\u00e4m\u00e4ss\u00e4 tilaa.<\/p>\n<p>Pari tapasi ravintolaillallisen merkeiss\u00e4, ja viime vuoden kev\u00e4\u00e4ll\u00e4 Liisa tuli ensimm\u00e4ist\u00e4 kertaa y\u00f6kyl\u00e4\u00e4n Sipooseen ja j\u00e4i sille tielleen.<\/p>\n<p>\u201dOli j\u00e4rkev\u00e4\u00e4 jutella rauhassa ja ottaa selville, onko mit\u00e4\u00e4n pohjaa, ja jatkaa tutustumista. Kun ollaan t\u00e4ss\u00e4 i\u00e4ss\u00e4, ei kannata tuhlata kenenk\u00e4\u00e4n aikaa\u201d, Liisa tuumii Seuran haastattelussa.<\/p>\n<p>\u201dKannattaa uskaltaa\u201d<\/p>\n<p>Liisa kertoo Seurassa miettineens\u00e4, olisiko h\u00e4nest\u00e4 viel\u00e4 parisuhteeseen. Pystyisik\u00f6 h\u00e4n esimerkiksi asumaan kenenk\u00e4\u00e4n kanssa vai ovatko omat tavat vakiintuneet?<\/p>\n<p>\u201dMutta sitten Eero heitti minut illallisen j\u00e4lkeen kotiin. Kun nousin autosta, h\u00e4n sanoi: fokus on nyt t\u00e4ss\u00e4.\u201d<\/p>\n<p>T\u00e4ll\u00e4 Eero tarkoitti, ett\u00e4 oli rakastumassa. Liisa pohti, uskaltautuisiko heitt\u00e4yty\u00e4 suhteeseen, ja soitti tytt\u00e4relleen kysy\u00e4kseen neuvoja.<\/p>\n<p>\u201dTyt\u00e4r sanoi, ett\u00e4 viesti on selv\u00e4. H\u00e4nkin kannusti minua uskaltamaan, koska tiesi, miten olin k\u00e4rsinyt yksin\u00e4isyydest\u00e4.\u201d<\/p>\n<p>Tulevaisuutta pari ei ole juuri suunnitellut, eiv\u00e4tk\u00e4 he ole puhuneet h\u00e4ist\u00e4k\u00e4\u00e4n.<\/p>\n<p>\u201dNautimme jokaisesta p\u00e4iv\u00e4st\u00e4 sellaisena, kuin se tulee. Tied\u00e4mme, kuinka onnekkaita olemme. Siksi haluamme sanoa muillekin, ett\u00e4 kannattaa uskaltaa.\u201d<\/p>\n<p>Lue Liisa Hyss\u00e4l\u00e4n ja Eero Lehden koko haastattelu Seuran numerosta 50\/25 tai osoitteesta <a href=\"https:\/\/seura.fi\/viihde\/julkkikset\/liisa-hyssala-tuli-kylaan-eero-lehden-luo-ja-jai-sille-tielle\/\" target=\"_blank\" rel=\"noreferrer noopener nofollow\">Seura.fi<\/a>.<\/p>\n<p>    Sinua voi kiinnostaa my\u00f6s:<\/p>\n<ol class=\"read-also__list\">\n<li>\n<p>            <img loading=\"lazy\" decoding=\"async\" class=\"card__image awpo-lqip awpo-lazy\" width=\"1260\" height=\"800\" src=\"https:\/\/www.europesays.com\/fi\/wp-content\/uploads\/2025\/12\/rehnit.jpg\"\/>                <a href=\"https:\/\/anna.fi\/kategoria\/ihmiset\" class=\"card__vignette\" rel=\"nofollow noopener\" target=\"_blank\"><br \/>\n            Ihmiset          <\/a><\/p>\n<p>      <a href=\"https:\/\/anna.fi\/ihmiset\/kaikki-meni-uusiksi-kun-olli-rehn-tapasi-vanhan-tyotuttunsa-merjan-kaytamme-hississa-joutoajan-suutelemiseen\" class=\"card__link-overlay\" rel=\"nofollow noopener\" target=\"_blank\">Kaikki meni uusiksi, kun Olli Rehn tapasi vanhan ty\u00f6tuttunsa Merjan \u2013 \u201dK\u00e4yt\u00e4mme hississ\u00e4 joutoajan suutelemiseen\u201d<\/a><\/p>\n<\/li>\n<li>\n<p>            <img loading=\"lazy\" decoding=\"async\" class=\"card__image awpo-lqip awpo-lazy\" width=\"2000\" height=\"1333\" src=\"https:\/\/www.europesays.com\/fi\/wp-content\/uploads\/2025\/12\/1765448950_497_viva_leena_uotila_21a2199_edit.jpg\"\/>                <a href=\"https:\/\/anna.fi\/kategoria\/ihmiset\" class=\"card__vignette\" rel=\"nofollow noopener\" target=\"_blank\"><br \/>\n            Ihmiset          <\/a><\/p>\n<p>      <a href=\"https:\/\/anna.fi\/ihmiset\/olen-ollut-itsepainen\" class=\"card__link-overlay\" rel=\"nofollow noopener\" target=\"_blank\">Puoliso ohjailee t\u00f6ks\u00e4yttelev\u00e4\u00e4 Leena Uotilaa sosiaalisissa tilanteissa: \u201dOlisit voinut tuonkin sanoa yst\u00e4v\u00e4llisemmin\u201d<\/a><\/p>\n<\/li>\n<li>\n<p>            <img loading=\"lazy\" decoding=\"async\" class=\"card__image awpo-lqip awpo-lazy\" width=\"2140\" height=\"1427\" src=\"https:\/\/www.europesays.com\/fi\/wp-content\/uploads\/2025\/12\/olgapaakuva.jpg\"\/>                <a href=\"https:\/\/anna.fi\/kategoria\/ihmiset\" class=\"card__vignette\" rel=\"nofollow noopener\" target=\"_blank\"><br \/>\n            Ihmiset          <\/a><\/p>\n<p>      <a href=\"https:\/\/anna.fi\/ihmiset\/olga-ja-tuukka-temosen-rakkaustarina\" class=\"card__link-overlay\" rel=\"nofollow noopener\" target=\"_blank\">Olga Temoselle puoliso Tuukka oli &#8221;peruskallio&#8221;, joka j\u00e4\u00e4 vierelle kun lapset muuttavat pois kotoa \u2212 t\u00e4llainen oli pariskunnan kaunis rakkaustarina<\/a><\/p>\n<\/li>\n<\/ol>\n","protected":false},"excerpt":{"rendered":"Liisa Hyss\u00e4l\u00e4 kertoo Seurassa, miten tapasi puolisonsa Eero Lehden, sill\u00e4 Tinder ja seuranhakupalvelut eiv\u00e4t olleet heit\u00e4 varten. Ex-ministeri&hellip;\n","protected":false},"author":2,"featured_media":113511,"comment_status":"","ping_status":"","sticky":false,"template":"","format":"standard","meta":{"footnotes":""},"categories":[136],"tags":[407,137,33,31,30,408,15862,7678,8162,32,109],"class_list":{"0":"post-113510","1":"post","2":"type-post","3":"status-publish","4":"format-standard","5":"has-post-thumbnail","7":"category-julkkikset","8":"tag-celebrities","9":"tag-entertainment","10":"tag-fi","11":"tag-finland","12":"tag-finnish","13":"tag-julkkikset","14":"tag-leskeys","15":"tag-rakastuminen","16":"tag-seura","17":"tag-suomi","18":"tag-viihde"},"share_on_mastodon":{"url":"https:\/\/pubeurope.com\/@fi\/115700470268977497","error":""},"_links":{"self":[{"href":"https:\/\/www.europesays.com\/fi\/wp-json\/wp\/v2\/posts\/113510","targetHints":{"allow":["GET"]}}],"collection":[{"href":"https:\/\/www.europesays.com\/fi\/wp-json\/wp\/v2\/posts"}],"about":[{"href":"https:\/\/www.europesays.com\/fi\/wp-json\/wp\/v2\/types\/post"}],"author":[{"embeddable":true,"href":"https:\/\/www.europesays.com\/fi\/wp-json\/wp\/v2\/users\/2"}],"replies":[{"embeddable":true,"href":"https:\/\/www.europesays.com\/fi\/wp-json\/wp\/v2\/comments?post=113510"}],"version-history":[{"count":0,"href":"https:\/\/www.europesays.com\/fi\/wp-json\/wp\/v2\/posts\/113510\/revisions"}],"wp:featuredmedia":[{"embeddable":true,"href":"https:\/\/www.europesays.com\/fi\/wp-json\/wp\/v2\/media\/113511"}],"wp:attachment":[{"href":"https:\/\/www.europesays.com\/fi\/wp-json\/wp\/v2\/media?parent=113510"}],"wp:term":[{"taxonomy":"category","embeddable":true,"href":"https:\/\/www.europesays.com\/fi\/wp-json\/wp\/v2\/categories?post=113510"},{"taxonomy":"post_tag","embeddable":true,"href":"https:\/\/www.europesays.com\/fi\/wp-json\/wp\/v2\/tags?post=113510"}],"curies":[{"name":"wp","href":"https:\/\/api.w.org\/{rel}","templated":true}]}}