{"id":113512,"date":"2025-12-11T10:30:10","date_gmt":"2025-12-11T10:30:10","guid":{"rendered":"https:\/\/www.europesays.com\/fi\/113512\/"},"modified":"2025-12-11T10:30:10","modified_gmt":"2025-12-11T10:30:10","slug":"merikuvaaja-petri-porkola-teki-reposaari-aiheisen-kuvakalenterin","status":"publish","type":"post","link":"https:\/\/www.europesays.com\/fi\/113512\/","title":{"rendered":"Merikuvaaja Petri Porkola teki Reposaari-aiheisen kuvakalenterin"},"content":{"rendered":"<p>Porilaine|Kotiseuturakkaus<\/p>\n<p class=\"article-ingress--medium\">Petri Porkola vietti lapsuudessaan paljon aikaa Ahlaisten ulkosaaristossa. Vaikka ty\u00f6t ovat edelleen Helsingiss\u00e4, h\u00e4n p\u00e4\u00e4tti muuttaa paikkaan, josta voi hurauttaa nopeasti rakkaaseen saareen veneell\u00e4,<\/p>\n<p><img decoding=\"async\" src=\"https:\/\/www.europesays.com\/fi\/wp-content\/uploads\/2025\/12\/1765449009_58_468.jpg\" alt=\"Lapsuutensa merellisiin maisemiin palannut Petri Porkola teki kuvakalenterin uudesta kotisaarestaan Reposaaresta. Kuvassa n\u00e4kyv\u00e4 toukokuun kalenterin\u00e4kym\u00e4 esittelee Reposaarta yl\u00e4vinkkelist\u00e4. Kyseisen kalenterikuvan Porkola on ottanut droonin avulla.\" class=\"_Img_1rerz_1\" style=\"aspect-ratio:1.3333333333333333\" loading=\"eager\"\/><\/p>\n<p class=\"article-picture-caption\">Lapsuutensa merellisiin maisemiin palannut Petri Porkola teki kuvakalenterin uudesta kotisaarestaan Reposaaresta. Kuvassa n\u00e4kyv\u00e4 toukokuun kalenterin\u00e4kym\u00e4 esittelee Reposaarta yl\u00e4vinkkelist\u00e4. Kyseisen kalenterikuvan Porkola on ottanut droonin avulla. Kuva:\u00a0Kimmo Lehto<\/p>\n<p><a href=\"https:\/\/www.satakunnankansa.fi\/haku\/?query=Kimmo+Lehto\" rel=\"nofollow noopener\" target=\"_blank\"><\/p>\n<p>Kimmo Lehto<\/p>\n<p><\/a><\/p>\n<p>11:12<\/p>\n<p class=\"article-body mb-nof-24 px-nof-16\">Pori<\/p>\n<p class=\"article-body mb-nof-24 px-nof-16\">Porilaisista kaupunginosista tehd\u00e4\u00e4n harvoin omia kuvakalentereita, mutta Reposaaresta sellaisia on ensi vuodelle tarjolla ainakin paria erilaista. Perinteeksi muodostunut Reposaari-yhdistyksen oma kuvakalenteri tuli myyntiin jo aiemmin syksyll\u00e4 ja \u00e4skett\u00e4in oman Reposaari-kalenterinsa julkaisi paikallinen yritt\u00e4j\u00e4 ja merikuvaaja <a class=\"article-personlink\" href=\"https:\/\/www.satakunnankansa.fi\/haku\/?query=Petri%20Porkola\" rel=\"nofollow noopener\" target=\"_blank\">Petri Porkola<\/a>.<\/p>\n<p>KommentoiIlmoita asiavirheest\u00e4KommentoiIlmoita asiavirheest\u00e4<\/p>\n","protected":false},"excerpt":{"rendered":"Porilaine|Kotiseuturakkaus Petri Porkola vietti lapsuudessaan paljon aikaa Ahlaisten ulkosaaristossa. Vaikka ty\u00f6t ovat edelleen Helsingiss\u00e4, h\u00e4n p\u00e4\u00e4tti muuttaa paikkaan,&hellip;\n","protected":false},"author":2,"featured_media":113513,"comment_status":"","ping_status":"","sticky":false,"template":"","format":"standard","meta":{"footnotes":""},"categories":[135],"tags":[389,387,388,390,137,33,31,30,80,32,394,393,391,392,109],"class_list":{"0":"post-113512","1":"post","2":"type-post","3":"status-publish","4":"format-standard","5":"has-post-thumbnail","7":"category-taiteet-ja-suunnittelu","8":"tag-arts","9":"tag-arts-and-design","10":"tag-artsanddesign","11":"tag-design","12":"tag-entertainment","13":"tag-fi","14":"tag-finland","15":"tag-finnish","16":"tag-satakunnan-kansa","17":"tag-suomi","18":"tag-suunnittelu","19":"tag-taiteet","20":"tag-taiteet-ja-suunnittelu","21":"tag-taiteetsuunnittelu","22":"tag-viihde"},"share_on_mastodon":{"url":"https:\/\/pubeurope.com\/@fi\/115700473740706716","error":""},"_links":{"self":[{"href":"https:\/\/www.europesays.com\/fi\/wp-json\/wp\/v2\/posts\/113512","targetHints":{"allow":["GET"]}}],"collection":[{"href":"https:\/\/www.europesays.com\/fi\/wp-json\/wp\/v2\/posts"}],"about":[{"href":"https:\/\/www.europesays.com\/fi\/wp-json\/wp\/v2\/types\/post"}],"author":[{"embeddable":true,"href":"https:\/\/www.europesays.com\/fi\/wp-json\/wp\/v2\/users\/2"}],"replies":[{"embeddable":true,"href":"https:\/\/www.europesays.com\/fi\/wp-json\/wp\/v2\/comments?post=113512"}],"version-history":[{"count":0,"href":"https:\/\/www.europesays.com\/fi\/wp-json\/wp\/v2\/posts\/113512\/revisions"}],"wp:featuredmedia":[{"embeddable":true,"href":"https:\/\/www.europesays.com\/fi\/wp-json\/wp\/v2\/media\/113513"}],"wp:attachment":[{"href":"https:\/\/www.europesays.com\/fi\/wp-json\/wp\/v2\/media?parent=113512"}],"wp:term":[{"taxonomy":"category","embeddable":true,"href":"https:\/\/www.europesays.com\/fi\/wp-json\/wp\/v2\/categories?post=113512"},{"taxonomy":"post_tag","embeddable":true,"href":"https:\/\/www.europesays.com\/fi\/wp-json\/wp\/v2\/tags?post=113512"}],"curies":[{"name":"wp","href":"https:\/\/api.w.org\/{rel}","templated":true}]}}