{"id":113527,"date":"2025-12-11T10:53:07","date_gmt":"2025-12-11T10:53:07","guid":{"rendered":"https:\/\/www.europesays.com\/fi\/113527\/"},"modified":"2025-12-11T10:53:07","modified_gmt":"2025-12-11T10:53:07","slug":"arvomme-kaksi-huawei-watch-gt-6-alykelloa-muropaketin-lukijoille-viela-ehdit-osallistua","status":"publish","type":"post","link":"https:\/\/www.europesays.com\/fi\/113527\/","title":{"rendered":"Arvomme kaksi Huawei Watch GT 6 -\u00e4lykelloa Muropaketin lukijoille &#8211; viel\u00e4 ehdit osallistua!"},"content":{"rendered":"<p>Viel\u00e4 ehdit osallistumaan kahden Huawei Watch GT 6:n arvontaan.<\/p>\n<p>Arvomme kaikkien\u00a0keskiviikkoon 17. joulukuuta kello 12.00 menness\u00e4\u00a0Muropaketin uutiskirjeen tilanneiden kesken kaksi eri Huawein \u00e4lykelloa. Mallit ovat:<\/p>\n<ul class=\"wp-block-list\">\n<li>Musta Huawei Watch GT 6 46 mm<\/li>\n<li>Vihre\u00e4 Huawei Watch GT 6 46 mm<\/li>\n<\/ul>\n<p>Huawei Watch GT 6 -\u00e4lykellon ohjehinta on Suomessa 269 euroa.<\/p>\n<p>My\u00f6s kirjeen jo tilanneet voivat osallistua kisaan.<\/p>\n<p>Lue lis\u00e4\u00e4 t\u00e4\u00e4lt\u00e4:<\/p>\n<p><a href=\"https:\/\/muropaketti.com\/yhteistyokampanjat\/kilpailu-tilaa-muropaketin-uutiskirje-ja-voita-huawei-watch-gt-6-alykello-arvo-269-e\/\" rel=\"nofollow noopener\" target=\"_blank\">Tilaa Muropaketin uutiskirje ja voita Huawei Watch GT 6 -\u00e4lykello (arvo 269 \u20ac)<\/a><\/p>\n","protected":false},"excerpt":{"rendered":"Viel\u00e4 ehdit osallistumaan kahden Huawei Watch GT 6:n arvontaan. Arvomme kaikkien\u00a0keskiviikkoon 17. joulukuuta kello 12.00 menness\u00e4\u00a0Muropaketin uutiskirjeen tilanneiden&hellip;\n","protected":false},"author":2,"featured_media":113528,"comment_status":"","ping_status":"","sticky":false,"template":"","format":"standard","meta":{"footnotes":""},"categories":[86],"tags":[420,33,31,30,421,32,91,92],"class_list":{"0":"post-113527","1":"post","2":"type-post","3":"status-publish","4":"format-standard","5":"has-post-thumbnail","7":"category-laitteet","8":"tag-equipment","9":"tag-fi","10":"tag-finland","11":"tag-finnish","12":"tag-laitteet","13":"tag-suomi","14":"tag-technology","15":"tag-teknologia"},"share_on_mastodon":{"url":"https:\/\/pubeurope.com\/@fi\/115700564237860400","error":""},"_links":{"self":[{"href":"https:\/\/www.europesays.com\/fi\/wp-json\/wp\/v2\/posts\/113527","targetHints":{"allow":["GET"]}}],"collection":[{"href":"https:\/\/www.europesays.com\/fi\/wp-json\/wp\/v2\/posts"}],"about":[{"href":"https:\/\/www.europesays.com\/fi\/wp-json\/wp\/v2\/types\/post"}],"author":[{"embeddable":true,"href":"https:\/\/www.europesays.com\/fi\/wp-json\/wp\/v2\/users\/2"}],"replies":[{"embeddable":true,"href":"https:\/\/www.europesays.com\/fi\/wp-json\/wp\/v2\/comments?post=113527"}],"version-history":[{"count":0,"href":"https:\/\/www.europesays.com\/fi\/wp-json\/wp\/v2\/posts\/113527\/revisions"}],"wp:featuredmedia":[{"embeddable":true,"href":"https:\/\/www.europesays.com\/fi\/wp-json\/wp\/v2\/media\/113528"}],"wp:attachment":[{"href":"https:\/\/www.europesays.com\/fi\/wp-json\/wp\/v2\/media?parent=113527"}],"wp:term":[{"taxonomy":"category","embeddable":true,"href":"https:\/\/www.europesays.com\/fi\/wp-json\/wp\/v2\/categories?post=113527"},{"taxonomy":"post_tag","embeddable":true,"href":"https:\/\/www.europesays.com\/fi\/wp-json\/wp\/v2\/tags?post=113527"}],"curies":[{"name":"wp","href":"https:\/\/api.w.org\/{rel}","templated":true}]}}