{"id":113539,"date":"2025-12-11T11:07:17","date_gmt":"2025-12-11T11:07:17","guid":{"rendered":"https:\/\/www.europesays.com\/fi\/113539\/"},"modified":"2025-12-11T11:07:17","modified_gmt":"2025-12-11T11:07:17","slug":"tutkija-han-voittaisi-ukrainan-presidentinvaalit","status":"publish","type":"post","link":"https:\/\/www.europesays.com\/fi\/113539\/","title":{"rendered":"Tutkija: H\u00e4n voittaisi Ukrainan presidentinvaalit"},"content":{"rendered":"<p>Tutkija: H\u00e4n voittaisi Ukrainan presidentinvaalit | MTV Uutiset<a class=\"sr-only bg-component-bg-color focus:not-sr-only focus:absolute focus:left-0 focus:right-auto focus:top-0 focus:p-200\" href=\"#main\" data-sentry-component=\"SkipToContentLink\" data-sentry-source-file=\"SkipToContentLink.tsx\">Hypp\u00e4\u00e4 p\u00e4\u00e4sis\u00e4lt\u00f6\u00f6n<\/a>Sis\u00e4ll\u00f6t<\/p>\n<ul class=\"flex w-full flex-1 flex-wrap gap-800\">\n<li class=\"block flex-1 flex-nowrap xs:flex-initial\" data-testid=\"site-footer-section-item-component\" data-sentry-component=\"SiteFooterSectionItem\" data-sentry-source-file=\"SiteFooterSectionItem.tsx\">Tomi Einonen<br \/>Vastaava p\u00e4\u00e4toimittaja<\/li>\n<li class=\"block flex-1 flex-nowrap xs:flex-initial\" data-testid=\"site-footer-section-item-component\" data-sentry-component=\"SiteFooterSectionItem\" data-sentry-source-file=\"SiteFooterSectionItem.tsx\">Ilkka Ahtiainen<br \/>Uutisp\u00e4\u00e4toimittaja<\/li>\n<li class=\"block flex-1 flex-nowrap xs:flex-initial\" data-testid=\"site-footer-section-item-component\" data-sentry-component=\"SiteFooterSectionItem\" data-sentry-source-file=\"SiteFooterSectionItem.tsx\">Mona Haapsaari<br \/>Julkaisup\u00e4\u00e4llikk\u00f6<\/li>\n<li class=\"block flex-1 flex-nowrap xs:flex-initial\" data-testid=\"site-footer-section-item-component\" data-sentry-component=\"SiteFooterSectionItem\" data-sentry-source-file=\"SiteFooterSectionItem.tsx\">Teemu Niikko<br \/>Toimitusp\u00e4\u00e4llikk\u00f6, urheilu<\/li>\n<\/ul>\n<p>Liiketoiminta ja kehitys<\/p>\n<ul class=\"flex w-full flex-1 flex-wrap gap-800\">\n<li class=\"block flex-1 flex-nowrap xs:flex-initial\" data-testid=\"site-footer-section-item-component\" data-sentry-component=\"SiteFooterSectionItem\" data-sentry-source-file=\"SiteFooterSectionItem.tsx\">Jaakko Hietanen<br \/>Head of Digital Development<\/li>\n<\/ul>\n<p>MTV Uutiset on sitoutunut noudattamaan Journalistin ohjeita<a class=\"flex flex-col items-center justify-center\" data-testid=\"Etusivu-navigation-bar-item\" role=\"link\" title=\"Etusivu linkki\" data-sentry-element=\"Link\" data-sentry-component=\"InternalLink\" data-sentry-source-file=\"InternalLink.tsx\" href=\"https:\/\/www.mtvuutiset.fi\/\" rel=\"nofollow noopener\" target=\"_blank\">Etusivu<\/a><a class=\"flex flex-col items-center justify-center\" data-testid=\"Videot-navigation-bar-item\" role=\"link\" title=\"Videot linkki\" data-sentry-element=\"Link\" data-sentry-component=\"InternalLink\" data-sentry-source-file=\"InternalLink.tsx\" href=\"https:\/\/www.mtvuutiset.fi\/videot\" rel=\"nofollow noopener\" target=\"_blank\">Videot<\/a><a class=\"flex flex-col items-center justify-center\" data-testid=\"Tuoreimmat-navigation-bar-item\" role=\"link\" title=\"Tuoreimmat linkki\" data-sentry-element=\"Link\" data-sentry-component=\"InternalLink\" data-sentry-source-file=\"InternalLink.tsx\" href=\"https:\/\/www.mtvuutiset.fi\/tuoreimmat\" rel=\"nofollow noopener\" target=\"_blank\">Tuoreimmat<\/a><a class=\"flex flex-col items-center justify-center\" data-testid=\"Luetuimmat-navigation-bar-item\" role=\"link\" title=\"Luetuimmat linkki\" data-sentry-element=\"Link\" data-sentry-component=\"InternalLink\" data-sentry-source-file=\"InternalLink.tsx\" href=\"https:\/\/www.mtvuutiset.fi\/luetuimmat\" rel=\"nofollow noopener\" target=\"_blank\">Luetuimmat<\/a>Odota<img alt=\"Ukrainan Ison-Britannian-suurl\u00e4hettil\u00e4s, kenraali Valeri Zaluzhnyi l\u00e4hti Downing Streetilt\u00e4 osallistuakseen halukkaiden maiden kokoukseen Lontoossa 24. lokakuuta 2025.\" data-testid=\"header-media-image\" class=\"h-full w-full object-cover transition duration-700 ease-in-out hover:scale-[1.05]\" fetchpriority=\"high\" loading=\"eager\" width=\"1024\" height=\"576\" decoding=\"async\" style=\"color:transparent;background-size:cover;background-position:50% 50%;background-repeat:no-repeat;background-image:url(&quot;data:image\/svg+xml;base64,Cjxzdmcgd2lkdGg9IjEwMjQiIGhlaWdodD0iNTc2IiB2ZXJzaW9uPSIxLjEiIHhtbG5zPSJodHRwOi8vd3d3LnczLm9yZy8yMDAwL3N2ZyIgeG1sbnM6eGxpbms9Imh0dHA6Ly93d3cudzMub3JnLzE5OTkveGxpbmsiPgogIDxkZWZzPgogICAgPGxpbmVhckdyYWRpZW50IGlkPSJnIj4KICAgICAgPHN0b3Agc3RvcC1jb2xvcj0iIzBCMTgyMyIgb2Zmc2V0PSIyMCUiIC8+CiAgICAgIDxzdG9wIHN0b3AtY29sb3I9IiMxQTI3MzIiIG9mZnNldD0iNTAlIiAvPgogICAgICA8c3RvcCBzdG9wLWNvbG9yPSIjMEIxODIzIiBvZmZzZXQ9IjcwJSIgLz4KICAgIDwvbGluZWFyR3JhZGllbnQ+CiAgPC9kZWZzPgogIDxyZWN0IHdpZHRoPSIxMDI0IiBoZWlnaHQ9IjU3NiIgZmlsbD0iIzBCMTgyMyIgLz4KICA8cmVjdCBpZD0iciIgd2lkdGg9IjEwMjQiIGhlaWdodD0iNTc2IiBmaWxsPSJ1cmwoI2cpIiAvPgogIDxhbmltYXRlIHhsaW5rOmhyZWY9IiNyIiBhdHRyaWJ1dGVOYW1lPSJ4IiBmcm9tPSItMTAyNCIgdG89IjEwMjQiIGR1cj0iMXMiIHJlcGVhdENvdW50PSJpbmRlZmluaXRlIiAgLz4KPC9zdmc+&quot;)\" src=\"https:\/\/www.europesays.com\/fi\/wp-content\/uploads\/2025\/12\/1765451237_492_image\"\/>Ukrainan Ison-Britannian-suurl\u00e4hettil\u00e4s, kenraali Valeri Zaluzhnyi l\u00e4hti Downing Streetilt\u00e4 osallistuakseen halukkaiden maiden kokoukseen Lontoossa 24. lokakuuta 2025.STELLA Pictures \/ ddpJulkaistu 11.12.2025 11:39<\/p>\n<p><strong class=\"typography-bold\">Tutkijan mukaan vaalien pit\u00e4minen sodan aikana olisi Ukrainalle tuhoisaa. Sen vuoksi Ven\u00e4j\u00e4 vaaleja haluaakin. Ykk\u00f6shaastaja tuskin asettuisi ehdolle.<\/strong><\/p>\n<p>Ukrainan presidentti <strong class=\"typography-bold\">Volodymyr Zelenskyi<\/strong> sanoi tiistaina, ett\u00e4 on valmis j\u00e4rjest\u00e4m\u00e4\u00e4n maassa vaalit, kunhan Yhdysvallat pystyy takaamaan niiden turvallisuuden.\u00a0<\/p>\n<p>Ulkopoliittisen instituutin vanhemman tutkijan <strong class=\"typography-bold\">Ryhor Nizhnikaun<\/strong> mukaan kyseess\u00e4 on taitava poliittinen liike ajan pelaamiseksi.\u00a0<\/p>\n<p>Vaaleja ei kuitenkaan todellisuudessa ole n\u00e4k\u00f6piiriss\u00e4.<\/p>\n<p>Ukrainassa olisi normaalin aikataulun mukaan pit\u00e4nyt olla presidentinvaalit kev\u00e4\u00e4ll\u00e4 2024. Maassa on kuitenkin vallinnut Ven\u00e4j\u00e4n vuoden 2022 hy\u00f6kk\u00e4yksest\u00e4 l\u00e4htien sotatila, jonka aikana vaaleja ei perustuslain mukaan voida j\u00e4rjest\u00e4\u00e4.<\/p>\n<p>Ven\u00e4j\u00e4 on k\u00e4ytt\u00e4nyt t\u00e4t\u00e4 asetelmaa hyv\u00e4kseen ja vaatinut Ukrainaan uusia vaaleja v\u00e4itt\u00e4en, ettei Zelenskyi ole en\u00e4\u00e4 laillinen presidentti.<\/p>\n<p><strong class=\"typography-bold\">Lue my\u00f6s: <\/strong><a class=\"underline\" data-testid=\"internal-link\" role=\"link\" data-sentry-element=\"Link\" data-sentry-component=\"InternalLink\" data-sentry-source-file=\"InternalLink.tsx\" href=\"https:\/\/www.mtvuutiset.fi\/artikkeli\/kenraaliluutnantti-venajan-hyokkays-eurooppaan-on-varmaa-jos-tallainen-rauhansopimus-hyvaksytaan\/9268694\" rel=\"nofollow noopener\" target=\"_blank\"><strong class=\"typography-bold\">Kenraaliluutnantti: Ven\u00e4j\u00e4n hy\u00f6kk\u00e4ys Eurooppaan on varmaa, jos t\u00e4llainen rauhansopimus hyv\u00e4ksyt\u00e4\u00e4n<\/strong><\/a><\/p>\n<p>My\u00f6s Yhdysvaltain presidentti <strong class=\"typography-bold\">Donald Trump<\/strong> on syytt\u00e4nyt Zelenskyin k\u00e4ytt\u00e4v\u00e4n sotaa hyv\u00e4kseen v\u00e4ltt\u00e4\u00e4kseen uusien vaalien pit\u00e4misen.\u00a0<\/p>\n<p>My\u00f6ntym\u00e4ll\u00e4 uusiin vaaleihin Yhdysvaltain turvatakuiden ehdolla Zelenskyi siirt\u00e4\u00e4 Nizhnikaun mielest\u00e4 vastuun taitavasti Trumpille.<\/p>\n<p>\u2013\u2009Zelenskyi n\u00e4ytt\u00e4\u00e4 ett\u00e4 ongelmana ei ole h\u00e4n, vaan sota. H\u00e4n asettaa vaalien pit\u00e4miselle ehdon, jota on mahdotonta t\u00e4ytt\u00e4\u00e4, Nizhnikau sanoo STT:lle.<\/p>\n<p>\u2013\u2009Vaikuttaa silt\u00e4, ett\u00e4 k\u00e4yt\u00e4nn\u00f6ss\u00e4 turvatakuut vaalien j\u00e4rjest\u00e4miseksi olisivat samanlaiset kuin ne turvatakuut, jotka Ukraina haluaisi rauhansopimuksen my\u00f6t\u00e4, eli joukkoja Ukrainaan.<\/p>\n<p><strong class=\"typography-bold\">Laillisuus edelleen esteen\u00e4<\/strong><\/p>\n<p>Samat asiat, jotka ovat est\u00e4neet vaalien pit\u00e4misen t\u00e4h\u00e4nkin asti, ovat yh\u00e4 olemassa.<\/p>\n<p>Ukrainassa perustuslaki kielt\u00e4\u00e4 vaalien pit\u00e4misen sota-aikana. Zelenskyi sanoi tiistaina pyyt\u00e4v\u00e4ns\u00e4 parlamenttia valmistelemaan lakimuutoksia, jotta vaalien j\u00e4rjest\u00e4minen olisi mahdollista sotatilalain ollessa voimassa.<\/p>\n<p>Nizhnikaun mukaan Zelenskyi ei voi saada perustuslain muutosta l\u00e4pi parlamentista. Vaalien pit\u00e4mist\u00e4 sota-aikana my\u00f6s vastustetaan laajasti Ukrainassa.<\/p>\n<p>\u2013\u2009Zelenskyi on populisti ja tiet\u00e4\u00e4, mik\u00e4 yleinen mielipide on. H\u00e4n tiet\u00e4\u00e4, ett\u00e4 enemmist\u00f6 ukrainalaisista pit\u00e4\u00e4 vaalien j\u00e4rjest\u00e4mist\u00e4 sodan aikana vahingollisena.<\/p>\n<p><strong class=\"typography-bold\">Vaalit horjuttaisivat Ukrainaa<\/strong><\/p>\n<p>Ven\u00e4j\u00e4n motiivi vaalien vaatimiselle on Nizhnikaun mukaan Ukrainan ep\u00e4vakauttaminen. Vaalien pit\u00e4minen sodan riehuessa olisi h\u00e4nen mielest\u00e4\u00e4n Ukrainalle vaarallista monella tavalla.<\/p>\n<p>Sotatilan ollessa voimassa vaalit eiv\u00e4t ikin\u00e4 voisi tuottaa laillista presidentti\u00e4, Nizhnikau sanoo.\u00a0<\/p>\n<p>T\u00e4ll\u00e4 hetkell\u00e4 Ven\u00e4j\u00e4n v\u00e4itteet laittomasta hallituksesta eiv\u00e4t pid\u00e4 paikkaansa, sill\u00e4 Zelenskyi on demokraattisesti valittu presidentti.<\/p>\n<p>\u2013\u2009Mutta jos he pit\u00e4v\u00e4t vaalit, niiden on kaikista yrityksist\u00e4 huolimatta mahdotonta olla vapaat ja demokraattiset sotatilan aikana, Nizhnikau analysoi.<\/p>\n<p>\u2013\u2009Se horjuttaisi maata entisest\u00e4\u00e4n.<\/p>\n<p><strong class=\"typography-bold\">Ykk\u00f6shaastajakaan ei asettuisi ehdolle<\/strong><\/p>\n<p>Zelenskyin l\u00e4hipiiri on viime viikkoina joutunut keskelle korruptiovyyhti\u00e4. Ent\u00e4 jos vaalit todella j\u00e4rjestett\u00e4isiin nyt? Kuka voittaisi?<\/p>\n<p>Nizhnikaun mukaan Ukrainan asevoimien entinen komentaja <strong class=\"typography-bold\">Valeri Zaluzhnyi<\/strong> voittaisi vaalit, jos h\u00e4n asettuisi ehdolle. Tutkija ei kuitenkaan usko, ett\u00e4 kukaan Ukrainan parasta ajatteleva l\u00e4htisi t\u00e4ss\u00e4 tilanteessa haastamaan Zelenskyi\u00e4.<\/p>\n<p><img alt=\"Ukrainan presidentti Volodymyr Zelenskyi halaa entist\u00e4 armeijan komentajaa Valerii Zaluzhnyia (oikealla). Zelenskyi my\u00f6nsi h\u00e4nelle Ukrainan sankari -kunniamitalin 9. helmikuuta 2024 Kiovassa.\" data-testid=\"crops-image\" class=\"h-full w-full object-cover transition duration-700 ease-in-out hover:scale-[1.05]\" fetchpriority=\"low\" loading=\"lazy\" width=\"1024\" height=\"576\" decoding=\"async\" style=\"color:transparent;background-size:cover;background-position:50% 50%;background-repeat:no-repeat;background-image:url(&quot;data:image\/svg+xml;base64,Cjxzdmcgd2lkdGg9IjEwMjQiIGhlaWdodD0iNTc2IiB2ZXJzaW9uPSIxLjEiIHhtbG5zPSJodHRwOi8vd3d3LnczLm9yZy8yMDAwL3N2ZyIgeG1sbnM6eGxpbms9Imh0dHA6Ly93d3cudzMub3JnLzE5OTkveGxpbmsiPgogIDxkZWZzPgogICAgPGxpbmVhckdyYWRpZW50IGlkPSJnIj4KICAgICAgPHN0b3Agc3RvcC1jb2xvcj0iIzBCMTgyMyIgb2Zmc2V0PSIyMCUiIC8+CiAgICAgIDxzdG9wIHN0b3AtY29sb3I9IiMxQTI3MzIiIG9mZnNldD0iNTAlIiAvPgogICAgICA8c3RvcCBzdG9wLWNvbG9yPSIjMEIxODIzIiBvZmZzZXQ9IjcwJSIgLz4KICAgIDwvbGluZWFyR3JhZGllbnQ+CiAgPC9kZWZzPgogIDxyZWN0IHdpZHRoPSIxMDI0IiBoZWlnaHQ9IjU3NiIgZmlsbD0iIzBCMTgyMyIgLz4KICA8cmVjdCBpZD0iciIgd2lkdGg9IjEwMjQiIGhlaWdodD0iNTc2IiBmaWxsPSJ1cmwoI2cpIiAvPgogIDxhbmltYXRlIHhsaW5rOmhyZWY9IiNyIiBhdHRyaWJ1dGVOYW1lPSJ4IiBmcm9tPSItMTAyNCIgdG89IjEwMjQiIGR1cj0iMXMiIHJlcGVhdENvdW50PSJpbmRlZmluaXRlIiAgLz4KPC9zdmc+&quot;)\" src=\"https:\/\/www.europesays.com\/fi\/wp-content\/uploads\/2025\/12\/1765451237_920_image\"\/>Zelenskyi halasi Zaluzhnyia (oikealla).) my\u00f6nnetty\u00e4\u00e4n h\u00e4nelle Ukrainan sankari -kunniamitalin 9. helmikuuta 2024 Kiovassa.Alamy \/ AOP<\/p>\n<p>\u2013\u2009Jos vaalien pit\u00e4miseen painostettaisiin ulkopuolelta, uskon ett\u00e4 Zaluzhnyi ja muut Ukraina-my\u00f6nteiset ehdokkaat kielt\u00e4ytyisiv\u00e4t asettumasta ehdolle, koska se ei olisi maan intressien mukaista, Nizhnikau sanoo.<\/p>\n<p>\u2013\u2009Ainoa hy\u00f6tyj\u00e4 vaaleista ja nykyisist\u00e4 rauhanneuvotteluista on Moskova.<\/p>\n","protected":false},"excerpt":{"rendered":"Tutkija: H\u00e4n voittaisi Ukrainan presidentinvaalit | MTV UutisetHypp\u00e4\u00e4 p\u00e4\u00e4sis\u00e4lt\u00f6\u00f6nSis\u00e4ll\u00f6t Tomi EinonenVastaava p\u00e4\u00e4toimittaja Ilkka AhtiainenUutisp\u00e4\u00e4toimittaja Mona HaapsaariJulkaisup\u00e4\u00e4llikk\u00f6 Teemu NiikkoToimitusp\u00e4\u00e4llikk\u00f6,&hellip;\n","protected":false},"author":2,"featured_media":113540,"comment_status":"","ping_status":"","sticky":false,"template":"","format":"standard","meta":{"footnotes":""},"categories":[14],"tags":[22,23,26,27,33,31,30,17,24,25,28,29,15,18,21,32,19,20,56,16,59,60,61],"class_list":{"0":"post-113539","1":"post","2":"type-post","3":"status-publish","4":"format-standard","5":"has-post-thumbnail","7":"category-ulkomaat","8":"tag-breaking-news","9":"tag-breakingnews","10":"tag-featured-news","11":"tag-featurednews","12":"tag-fi","13":"tag-finland","14":"tag-finnish","15":"tag-headlines","16":"tag-latest-news","17":"tag-latestnews","18":"tag-main-news","19":"tag-mainnews","20":"tag-news","21":"tag-otsikot","22":"tag-paauutiset","23":"tag-suomi","24":"tag-top-stories","25":"tag-topstories","26":"tag-ulkomaat","27":"tag-uutiset","28":"tag-world","29":"tag-world-news","30":"tag-worldnews"},"share_on_mastodon":{"url":"https:\/\/pubeurope.com\/@fi\/115700619539909456","error":""},"_links":{"self":[{"href":"https:\/\/www.europesays.com\/fi\/wp-json\/wp\/v2\/posts\/113539","targetHints":{"allow":["GET"]}}],"collection":[{"href":"https:\/\/www.europesays.com\/fi\/wp-json\/wp\/v2\/posts"}],"about":[{"href":"https:\/\/www.europesays.com\/fi\/wp-json\/wp\/v2\/types\/post"}],"author":[{"embeddable":true,"href":"https:\/\/www.europesays.com\/fi\/wp-json\/wp\/v2\/users\/2"}],"replies":[{"embeddable":true,"href":"https:\/\/www.europesays.com\/fi\/wp-json\/wp\/v2\/comments?post=113539"}],"version-history":[{"count":0,"href":"https:\/\/www.europesays.com\/fi\/wp-json\/wp\/v2\/posts\/113539\/revisions"}],"wp:featuredmedia":[{"embeddable":true,"href":"https:\/\/www.europesays.com\/fi\/wp-json\/wp\/v2\/media\/113540"}],"wp:attachment":[{"href":"https:\/\/www.europesays.com\/fi\/wp-json\/wp\/v2\/media?parent=113539"}],"wp:term":[{"taxonomy":"category","embeddable":true,"href":"https:\/\/www.europesays.com\/fi\/wp-json\/wp\/v2\/categories?post=113539"},{"taxonomy":"post_tag","embeddable":true,"href":"https:\/\/www.europesays.com\/fi\/wp-json\/wp\/v2\/tags?post=113539"}],"curies":[{"name":"wp","href":"https:\/\/api.w.org\/{rel}","templated":true}]}}