{"id":11354,"date":"2025-08-20T16:51:08","date_gmt":"2025-08-20T16:51:08","guid":{"rendered":"https:\/\/www.europesays.com\/fi\/11354\/"},"modified":"2025-08-20T16:51:08","modified_gmt":"2025-08-20T16:51:08","slug":"halla-aho-jarkyttyi-tajutessaan-mika-saattoi-olla-hanen-kaytoksensa-taustalla-oireluettelo-oli-tyhjentava-kuvaus-minusta","status":"publish","type":"post","link":"https:\/\/www.europesays.com\/fi\/11354\/","title":{"rendered":"Halla-aho j\u00e4rkyttyi tajutessaan, mik\u00e4 saattoi olla h\u00e4nen k\u00e4yt\u00f6ksens\u00e4 taustalla \u2013 \u201dOireluettelo oli tyhjent\u00e4v\u00e4 kuvaus minusta\u201d"},"content":{"rendered":"<p>Jussi Halla-aho: Autistiset luonteenpiirteet olivat niit\u00e4, jotka osaltaan johtivat lapsuuden kiusaamiskierteeseen.<\/p>\n<p class=\"paragraph\">Entinen PS:n puheenjohtaja, eduskunnan puhemies <strong>Jussi Halla-aho<\/strong> kertoo poikkeuksellisen avoimesti luonteenpiirteist\u00e4\u00e4n <strong>Markku Heikkil\u00e4n<\/strong> kirjoittamassa, tuoreessa el\u00e4m\u00e4kerrassaan.<\/p>\n<p class=\"paragraph\">Kirjassa Halla-ahon <strong>Sanna<\/strong>-sisko kertoo Jussi Halla-ahon suostumuksella veljens\u00e4 \u201dneurokirjoa l\u00e4hentyvist\u00e4 luonteenpiirteist\u00e4\u201d.<\/p>\n<p class=\"paragraph\">\u2013 Oli siis nostettava kissa p\u00f6yd\u00e4lle ja kysytt\u00e4v\u00e4 puhemiehelt\u00e4 suoraan, olisiko h\u00e4n valmis avaamaan lausahdustaan \u201dasperger\u00f6itymisest\u00e4\u201d ja kertomaan, millaisissa tilanteissa omat ei-neurotyypilliset tuntemukset h\u00e4nen mielest\u00e4\u00e4n tulevat esille, Heikkil\u00e4 taustoittaa kirjassa.<\/p>\n<p>Halla-aho: \u201dMin\u00e4 puhun vain, jos on asiaa\u201d<\/p>\n<p class=\"paragraph\">Halla-aho kertoo t\u00f6rm\u00e4nneens\u00e4 sanaan \u2019asperger\u2019 ensimm\u00e4ist\u00e4 kertaa vasta my\u00f6h\u00e4isell\u00e4 i\u00e4ll\u00e4.<\/p>\n<p class=\"paragraph\">\u2013 Tutustuin asiaan yleisest\u00e4 mielenkiinnosta ja tajusin yll\u00e4tyksekseni ja v\u00e4h\u00e4n j\u00e4rkytykseksenikin, ett\u00e4 oireluettelo oli tyhjent\u00e4v\u00e4 kuvaus minusta ja niist\u00e4 ominaisuuksistani, jotka olivat lapsesta l\u00e4htien tehneet monista asioista minulle vaikeampia ja monimutkaisempia kuin muille ihmisille, Halla-aho kertoo.<\/p>\n<p class=\"paragraph\">H\u00e4n tunnustaa kokevansa varsinkin kaikenlaisen sosiaalisen kanssak\u00e4ymisen hyvin kuormittavana.<\/p>\n<p class=\"paragraph\">\u2013 T\u00e4m\u00e4 ei tarkoita, ett\u00e4 kanssak\u00e4yminen ei voisi olla hyv\u00e4\u00e4 ja tyydytt\u00e4v\u00e4\u00e4, mutta se vie minulta voimia samalla tavalla kuin fyysinen ponnistelu, Halla-aho kertoo.<\/p>\n<p class=\"paragraph\">\u2013 Min\u00e4 puhun vain, jos on asiaa, ja pyrin silloinkin selviytym\u00e4\u00e4n mahdollisimman pienell\u00e4 sanam\u00e4\u00e4r\u00e4ll\u00e4. Minun n\u00e4k\u00f6kulmastani suurella osalla muista ihmisist\u00e4 tuntuu olevan jatkuva puheripuli, tarve t\u00e4ytt\u00e4\u00e4 kaikki hiljaisuus puheella, Halla-aho jatkaa.<\/p>\n<p class=\"paragraph\">Tutustuttuaan autismi-ilmi\u00f6\u00f6n tarkemmin h\u00e4n kertoo ymm\u00e4rt\u00e4neens\u00e4, ett\u00e4 vika ei ole ollut sen enemp\u00e4\u00e4 h\u00e4ness\u00e4 kuin ymp\u00e4rist\u00f6ss\u00e4k\u00e4\u00e4n, vaan erilaisten tarpeiden ja taipumusten yhteent\u00f6rm\u00e4yksess\u00e4.<\/p>\n<p>\u201dPystyn keskittym\u00e4\u00e4n vain yhteen asiaan kerrallaan\u201d<\/p>\n<p class=\"paragraph\">Toinen Halla-ahon itsess\u00e4\u00e4n tunnistama autistinen rajoite on \u201dmultitaskaamisen\u201d vaikeus.<\/p>\n<p class=\"paragraph\">\u2013 V\u00e4lt\u00e4n ty\u00f6lounaita, koska en osaa sy\u00f6d\u00e4 ja puhua samaan aikaan. Koen p\u00e4\u00e4lle puhumisen hyvin raskaana, koska en pysty kuuntelemaan ja puhumaan samaan aikaan.<\/p>\n<p class=\"paragraph\">Halla-ahon mukaan monen asian yhtaikaisen hoitamisen vaikeus on heijastunut my\u00f6s ihmissuhteisiin.<\/p>\n<p class=\"paragraph\">\u2013 L\u00e4hes koko el\u00e4m\u00e4ni minulla on ollut kerralla korkeintaan yksi l\u00e4heisempi ihmissuhde, parisuhteet pois lukien. Hyvin usein ei yht\u00e4k\u00e4\u00e4n, koska minulla ei ole energiaa eik\u00e4 kiinnostusta sellaiseen kanssak\u00e4ymiseen, jonka ainoa funktio on \u201dsuhteen yll\u00e4pito\u201d, Halla-aho paljastaa.<\/p>\n<p class=\"paragraph\">Halla-ahosta parhaita ja helpoimpia ovat olleet sellaiset suhteet, joita ei tarvitse pit\u00e4\u00e4 yll\u00e4, joissa on kiva jutella v\u00e4lill\u00e4, mutta ei tarvitse jutella koko ajan, joissa on kiva n\u00e4hd\u00e4 v\u00e4lill\u00e4, mutta ei ole mik\u00e4\u00e4n ongelma olla n\u00e4kem\u00e4tt\u00e4k\u00e4\u00e4n.<\/p>\n<p>Kirjan kuvitusta. Jussi Halla-aho leluhevosen ohjissa 1975. Jussi Halla-ahon albumi<\/p>\n<p>Lapsuuden kiusaamiskierre<\/p>\n<p class=\"paragraph\">Halla-aho kertoo kirjassa ymm\u00e4rt\u00e4v\u00e4ns\u00e4 nyt, ett\u00e4 autistiset luonteenpiirteet olivat niit\u00e4, jotka osaltaan johtivat lapsuuden kiusaamiskierteeseen.<\/p>\n<p class=\"paragraph\">\u2013 Omassa lapsuudessani t\u00e4llaisia asioita ei diagnosoitu. Muille lapsille autistiset piirteet olivat kuin veren haju haikalalle ja suoranainen kutsu kiusata sit\u00e4, jolla t\u00e4llaisia luonteenpiirteit\u00e4 oli.<\/p>\n<p class=\"paragraph\">\u2013 Aikuisten asenne taas oli se, ett\u00e4 minun pit\u00e4\u00e4 ryhdist\u00e4yty\u00e4 ja \u201dottaa itse\u00e4ni niskasta kiinni\u201d ja ett\u00e4 luonteen heikkous voidaan \u201dkepitt\u00e4\u00e4\u201d ihmisest\u00e4 ulos. Muodostui helposti kierre, jossa ymp\u00e4rist\u00f6n reaktiot vain vahvistivat autistisia piirteit\u00e4. Vet\u00e4ytymisest\u00e4, n\u00e4kym\u00e4tt\u00f6m\u00e4ksi tekeytymisest\u00e4 ja vastarinnattomuudesta tuli selviytymisstrategiani, Halla-aho kuvaa.<\/p>\n<p>\u2013 Vaikka huomion, my\u00f6nteisen tai kielteisen, keskipisteen\u00e4 oleminen ei edelleenk\u00e4\u00e4n ole minulle mieluisaa, se on vuosien altistuksen my\u00f6t\u00e4 muuttunut v\u00e4hemm\u00e4n vaikeaksi, Jussi Halla-aho sanoo kirjassa. Arkistokuva. Henri K\u00e4rkk\u00e4inen<\/p>\n<p class=\"paragraph\">Halla-ahon n\u00e4k\u00f6kulmasta h\u00e4nen luonteensa erityispiirteet ovat olleet politiikassa my\u00f6s vahvuus. H\u00e4n kertoo omistavansa hyvin heikon itsepuolustus- ja kilpailuvietin. H\u00e4n sanoo, ett\u00e4 ei halua taistella asemista tai puheajasta, eik\u00e4 h\u00e4vi\u00e4minen tai n\u00f6yryytt\u00e4minen tuota h\u00e4nelle h\u00e4pe\u00e4\u00e4 eik\u00e4 tuskaa.<\/p>\n<p class=\"paragraph\">Niinkin voi olla, ett\u00e4 ilman olalla istuvaa pient\u00e4 aspergeria Halla-aho ei olisi tullut edes l\u00e4hteneeksi mukaan politiikkaan. Heikkous saattoi h\u00e4nen oman arvionsa mukaan muuttua vahvuudeksi, Heikkil\u00e4 kirjoittaa.<\/p>\n<p class=\"paragraph\">\u2013 En luultavasti olisi ryhtynyt analysoimaan yhteiskunnallisia ongelmia enk\u00e4 l\u00e4htenyt politiikkaan ajamaan asioihin muutosta, elleiv\u00e4t vallinneisiin totuuksiin sis\u00e4ltyv\u00e4t ristiriidat ja ep\u00e4loogisuudet olisi riivanneet j\u00e4rjestyst\u00e4 ja johdonmukaisuutta kaipaavaa luonnettani.<\/p>\n<p class=\"paragraph\">\u2013 Oman havaintoni ja k\u00e4sitt\u00e4\u00e4kseni tutkimustiedonkin perusteella asperger-tyyppiset luonteenpiirteet ovat yliedustettuna maahanmuuttokriittisiss\u00e4 liikkeiss\u00e4, varmaankin juuri edell\u00e4 mainituista syist\u00e4, Halla-aho jatkaa.<\/p>\n<p>Kirjan kuvitusta. Jussi Halla-aho koko perheen voimin Teneriffan Teidell\u00e4 vuodenvaihteessa 2016\u20132017. Jussi Halla-ahon albumi<\/p>\n<p>Halla-aho: \u201dDiagnoosista tulee usein veruke\u201d<\/p>\n<p class=\"paragraph\">Halla-ahon mukaan neuropsykologisista diagnooseista tulee liian helposti osa ihmisen identiteetti\u00e4, etenkin aikana, jolloin jokainen haluaa kuulua johonkin v\u00e4\u00e4rinkohdeltuun ja -ymm\u00e4rrettyyn v\u00e4hemmist\u00f6\u00f6n.<\/p>\n<p class=\"paragraph\">\u2013 Kun ihminen saa l\u00e4\u00e4ketieteellisen vahvistuksen sille, ett\u00e4 h\u00e4nell\u00e4 on vaikeaa, diagnoosista tulee usein veruke sille, ett\u00e4 ei edes yritet\u00e4, vaan j\u00e4\u00e4d\u00e4\u00e4n sohvan nurkkaan popsimaan pillereit\u00e4 ja m\u00e4rehtim\u00e4\u00e4n omaa surkeutta, Halla-aho sanoo.<\/p>\n<p class=\"paragraph\">\u2013 Ehk\u00e4 ihmisten pit\u00e4isi vain hyv\u00e4ksy\u00e4 se, ett\u00e4 el\u00e4m\u00e4 itsess\u00e4\u00e4n on ep\u00e4reilua.<\/p>\n<p class=\"paragraph\">Halla-aho sanoo vuosien mittaan oppineensa, ett\u00e4 treenaamalla voi p\u00e4\u00e4st\u00e4 parempaan kuntoon paitsi fyysisesti my\u00f6s psyykkisesti.<\/p>\n<p class=\"paragraph\">\u2013 Vaikka huomion, my\u00f6nteisen tai kielteisen, keskipisteen\u00e4 oleminen ei edelleenk\u00e4\u00e4n ole minulle mieluisaa, se on vuosien altistuksen my\u00f6t\u00e4 muuttunut v\u00e4hemm\u00e4n vaikeaksi, h\u00e4n p\u00e4\u00e4tt\u00e4\u00e4.<\/p>\n<p class=\"paragraph\">Markku Heikkil\u00e4n kirjoittama \u2019Jussi Halla-aho \u2013 El\u00e4m\u00e4kerta\u2019 on ilmestynyt. Kirjan on kustantanut Readme.fi.<\/p>\n<p>Jussi Halla-ahosta kertova el\u00e4m\u00e4kerta on julkaistu. Kuvassa Halla-aho Lahdessa puoluekokouksessa kes\u00e4kuussa. Inka Soveri<\/p>\n","protected":false},"excerpt":{"rendered":"Jussi Halla-aho: Autistiset luonteenpiirteet olivat niit\u00e4, jotka osaltaan johtivat lapsuuden kiusaamiskierteeseen. Entinen PS:n puheenjohtaja, eduskunnan puhemies Jussi Halla-aho&hellip;\n","protected":false},"author":2,"featured_media":11355,"comment_status":"","ping_status":"","sticky":false,"template":"","format":"standard","meta":{"footnotes":""},"categories":[5],"tags":[35,22,23,26,27,33,31,30,17,24,25,28,29,15,18,21,49,637,886,885,887,32,19,20,16],"class_list":{"0":"post-11354","1":"post","2":"type-post","3":"status-publish","4":"format-standard","5":"has-post-thumbnail","7":"category-otsikot","8":"tag-24h","9":"tag-breaking-news","10":"tag-breakingnews","11":"tag-featured-news","12":"tag-featurednews","13":"tag-fi","14":"tag-finland","15":"tag-finnish","16":"tag-headlines","17":"tag-latest-news","18":"tag-latestnews","19":"tag-main-news","20":"tag-mainnews","21":"tag-news","22":"tag-otsikot","23":"tag-paauutiset","24":"tag-perussuomalaiset","25":"tag-politiikka","26":"tag-puolueet","27":"tag-suomen-poliittiset-puolueet","28":"tag-suomen-politiikka","29":"tag-suomi","30":"tag-top-stories","31":"tag-topstories","32":"tag-uutiset"},"share_on_mastodon":{"url":"","error":""},"_links":{"self":[{"href":"https:\/\/www.europesays.com\/fi\/wp-json\/wp\/v2\/posts\/11354","targetHints":{"allow":["GET"]}}],"collection":[{"href":"https:\/\/www.europesays.com\/fi\/wp-json\/wp\/v2\/posts"}],"about":[{"href":"https:\/\/www.europesays.com\/fi\/wp-json\/wp\/v2\/types\/post"}],"author":[{"embeddable":true,"href":"https:\/\/www.europesays.com\/fi\/wp-json\/wp\/v2\/users\/2"}],"replies":[{"embeddable":true,"href":"https:\/\/www.europesays.com\/fi\/wp-json\/wp\/v2\/comments?post=11354"}],"version-history":[{"count":0,"href":"https:\/\/www.europesays.com\/fi\/wp-json\/wp\/v2\/posts\/11354\/revisions"}],"wp:featuredmedia":[{"embeddable":true,"href":"https:\/\/www.europesays.com\/fi\/wp-json\/wp\/v2\/media\/11355"}],"wp:attachment":[{"href":"https:\/\/www.europesays.com\/fi\/wp-json\/wp\/v2\/media?parent=11354"}],"wp:term":[{"taxonomy":"category","embeddable":true,"href":"https:\/\/www.europesays.com\/fi\/wp-json\/wp\/v2\/categories?post=11354"},{"taxonomy":"post_tag","embeddable":true,"href":"https:\/\/www.europesays.com\/fi\/wp-json\/wp\/v2\/tags?post=11354"}],"curies":[{"name":"wp","href":"https:\/\/api.w.org\/{rel}","templated":true}]}}