{"id":113541,"date":"2025-12-11T11:08:09","date_gmt":"2025-12-11T11:08:09","guid":{"rendered":"https:\/\/www.europesays.com\/fi\/113541\/"},"modified":"2025-12-11T11:08:09","modified_gmt":"2025-12-11T11:08:09","slug":"laatikot-jatettiin-aulaan-toimeentuloasiakkaiden-tiedot-vaarantuivat","status":"publish","type":"post","link":"https:\/\/www.europesays.com\/fi\/113541\/","title":{"rendered":"Laatikot j\u00e4tettiin aulaan: Toimeentuloasiakkaiden tiedot vaarantuivat"},"content":{"rendered":"<p>Asiakastietoja vaarantui arkiston muutossa henkil\u00f6st\u00f6n v\u00e4\u00e4rinymm\u00e4rryksen takia. Arkistokoteloiden otsikoita ehdittiin katsella ja kuvata.<\/p>\n<p><img decoding=\"async\" class=\"image image-show image-preview\" src=\"https:\/\/www.europesays.com\/fi\/wp-content\/uploads\/2025\/12\/823411a13d94f36f11dbc8f0aa7cca6ae04a2024ac67fa2d5bdb0d1811902619.jpg\" alt=\"\"\/><img decoding=\"async\" class=\"image image-show\" src=\"https:\/\/www.europesays.com\/fi\/wp-content\/uploads\/2025\/12\/1765451289_906_823411a13d94f36f11dbc8f0aa7cca6ae04a2024ac67fa2d5bdb0d1811902619.jpg\" alt=\"\"\/><\/p>\n<p>Hyvinvointialue on tehnyt tapahtuneesta ilmoituksen tietosuojavaltuutetulle. Ismo Pekkarinen, AOP<\/p>\n<p class=\"paragraph\">Asiakkaiden tietoja on vaarantunut arkiston muuton yhteydess\u00e4 N\u00e4rpi\u00f6ss\u00e4, kerrotaan Pohjanmaan hyvinvointialueen tiedotteessa.<\/p>\n<p class=\"paragraph\">Sosiaalihuollon arkistoja siirrettiin kunnalta hyvinvointialueelle keskiviikkona 10.12. Suljettuja arkistokoteloita sis\u00e4lt\u00e4neet laatikot j\u00e4tettiin\u00a0y\u00f6n yli N\u00e4rpi\u00f6n kaupungintalon aulaan\u00a0odottamaan\u00a0kuljetusta.<\/p>\n<p class=\"paragraph\">Pohjanmaan\u00a0hyvinvointialueen\u00a0tiedotteen mukaan henkil\u00f6st\u00f6\u00a0oli\u00a0luullut, ett\u00e4 rakennuksen ovet lukitaan kello 16. Samassa rakennuksessa sijaitseva kirjasto on\u00a0kuitenkin auki kello 20 asti.<\/p>\n<p class=\"paragraph\">Valvontakameramateriaalin perusteella koteloiden otsikkoja on tarkasteltu ja niist\u00e4 on otettu kuva.\u00a0Ulkopuoliset henkil\u00f6t eiv\u00e4t ole kuitenkaan avanneet koteloita. Kotelot\u00a0sis\u00e4lsiv\u00e4t toimeentulotukeen liittyvi\u00e4 asiakirjoja ainakin 1980-luvulta vuoteen 2007.<\/p>\n<p class=\"paragraph\">Tiedotteen mukaan hyvinvointialue on tehnyt tapahtuneesta ilmoituksen tietosuojavaltuutetulle.<\/p>\n","protected":false},"excerpt":{"rendered":"Asiakastietoja vaarantui arkiston muutossa henkil\u00f6st\u00f6n v\u00e4\u00e4rinymm\u00e4rryksen takia. Arkistokoteloiden otsikoita ehdittiin katsella ja kuvata. Hyvinvointialue on tehnyt tapahtuneesta ilmoituksen&hellip;\n","protected":false},"author":2,"featured_media":113542,"comment_status":"","ping_status":"","sticky":false,"template":"","format":"standard","meta":{"footnotes":""},"categories":[12],"tags":[35,22,23,26,27,33,31,30,17,53,24,25,28,29,15,18,21,122,103,32,19,20,546,16,796],"class_list":{"0":"post-113541","1":"post","2":"type-post","3":"status-publish","4":"format-standard","5":"has-post-thumbnail","7":"category-suomi","8":"tag-24h","9":"tag-breaking-news","10":"tag-breakingnews","11":"tag-featured-news","12":"tag-featurednews","13":"tag-fi","14":"tag-finland","15":"tag-finnish","16":"tag-headlines","17":"tag-laki-oikeus-ja-rikos","18":"tag-latest-news","19":"tag-latestnews","20":"tag-main-news","21":"tag-mainnews","22":"tag-news","23":"tag-otsikot","24":"tag-paauutiset","25":"tag-pelastaminen","26":"tag-sosiaalikysymykset","27":"tag-suomi","28":"tag-top-stories","29":"tag-topstories","30":"tag-turvallisuus","31":"tag-uutiset","32":"tag-yhteiskunta"},"share_on_mastodon":{"url":"https:\/\/pubeurope.com\/@fi\/115700623388728039","error":""},"_links":{"self":[{"href":"https:\/\/www.europesays.com\/fi\/wp-json\/wp\/v2\/posts\/113541","targetHints":{"allow":["GET"]}}],"collection":[{"href":"https:\/\/www.europesays.com\/fi\/wp-json\/wp\/v2\/posts"}],"about":[{"href":"https:\/\/www.europesays.com\/fi\/wp-json\/wp\/v2\/types\/post"}],"author":[{"embeddable":true,"href":"https:\/\/www.europesays.com\/fi\/wp-json\/wp\/v2\/users\/2"}],"replies":[{"embeddable":true,"href":"https:\/\/www.europesays.com\/fi\/wp-json\/wp\/v2\/comments?post=113541"}],"version-history":[{"count":0,"href":"https:\/\/www.europesays.com\/fi\/wp-json\/wp\/v2\/posts\/113541\/revisions"}],"wp:featuredmedia":[{"embeddable":true,"href":"https:\/\/www.europesays.com\/fi\/wp-json\/wp\/v2\/media\/113542"}],"wp:attachment":[{"href":"https:\/\/www.europesays.com\/fi\/wp-json\/wp\/v2\/media?parent=113541"}],"wp:term":[{"taxonomy":"category","embeddable":true,"href":"https:\/\/www.europesays.com\/fi\/wp-json\/wp\/v2\/categories?post=113541"},{"taxonomy":"post_tag","embeddable":true,"href":"https:\/\/www.europesays.com\/fi\/wp-json\/wp\/v2\/tags?post=113541"}],"curies":[{"name":"wp","href":"https:\/\/api.w.org\/{rel}","templated":true}]}}