{"id":113543,"date":"2025-12-11T11:09:09","date_gmt":"2025-12-11T11:09:09","guid":{"rendered":"https:\/\/www.europesays.com\/fi\/113543\/"},"modified":"2025-12-11T11:09:09","modified_gmt":"2025-12-11T11:09:09","slug":"han-on-uusi-miss-suomi","status":"publish","type":"post","link":"https:\/\/www.europesays.com\/fi\/113543\/","title":{"rendered":"H\u00e4n on uusi Miss Suomi"},"content":{"rendered":"<p>Uusi Miss Suomi on Tara Lehtonen.<\/p>\n<p><img decoding=\"async\" class=\"image image-show image-preview\" src=\"https:\/\/www.europesays.com\/fi\/wp-content\/uploads\/2025\/12\/24659b6928d27d0526a57b8b6f2669c2f62348848ae4d386a149aed9ce667a8b.jpg\" alt=\"\"\/><img decoding=\"async\" class=\"image image-show\" src=\"https:\/\/www.europesays.com\/fi\/wp-content\/uploads\/2025\/12\/1765451349_961_24659b6928d27d0526a57b8b6f2669c2f62348848ae4d386a149aed9ce667a8b.jpg\" alt=\"\"\/><\/p>\n<p>23-vuotiaasta Tara Lehtosesta tuli Miss Suomi. Elle Laitila<\/p>\n<p class=\"paragraph\">Raumalta kotoisin oleva <strong>Tara Lehtonen<\/strong>, 23, on uusi Miss Suomi.<\/p>\n<p class=\"paragraph\">Lehtonen nousee Miss Suomeksi t\u00e4n\u00e4\u00e4n torstaina 11. joulukuuta 2025 sen j\u00e4lkeen, kun <strong>Sarah Dzafce<\/strong> menetti kruununsa rasismikohun takia.<\/p>\n<p class=\"paragraph\">Lehtonen on Pitsimissi 2022 sek\u00e4 Miss Face 2023 -kilpailun ensimm\u00e4inen perint\u00f6prinsessa. Lehtonen kertoi Miss Suomi -kilpailun aikana ty\u00f6skentelev\u00e4ns\u00e4 sales managerina ja tapahtuma-alan yritt\u00e4j\u00e4n\u00e4. T\u00f6iden ohella Lehtonen on opiskellut myynnin ja markkinoinnin tutkintoa. T\u00e4ll\u00e4 hetkell\u00e4 Lehtonen asuu Helsingiss\u00e4.<\/p>\n<p class=\"paragraph\">Kuluneiden kuukausien aikana Lehtonen on julkaissut aktiivisesti sis\u00e4lt\u00f6\u00e4 sosiaaliseen mediaan ja n\u00e4ytt\u00e4nyt syksy\u00e4\u00e4n ensimm\u00e4isen perint\u00f6prinsessan roolissa. Lehtonen on tehnyt paljon edustust\u00f6it\u00e4, mutta my\u00f6s lomaillut Balilla kolmen viikon ajan.<\/p>\n<p class=\"paragraph\"><a href=\"https:\/\/www.iltalehti.fi\/viihdeuutiset\/7635cda1-f53e-4235-a328-3adcfe9bec45\" rel=\"nofollow noopener\" target=\"_blank\">N\u00e4in Lehtosesta kerrottiin<\/a> Miss Suomi -kilpailun semifinaalitiedotteessa:<\/p>\n<p class=\"paragraph\">Raumalta kotoisin oleva Tara Lehtonen, 23, harrasti intohimoisesti erilaisia urheilulajeja lentopallosta cheerleadingiin, kunnes diagnoosit v\u00e4lilevyn pullistumasta ja rappeumasta sel\u00e4ss\u00e4 pakottivat h\u00e4net muuttamaan suunnitelmiaan.<\/p>\n<p class=\"paragraph\">\u2013 Sen j\u00e4lkeen tunsin oloni hyvin voimattomaksi ja pohdin, mihin suuntaan el\u00e4m\u00e4ni on menossa, h\u00e4n kertoi.<\/p>\n<p class=\"paragraph\">Tuon j\u00e4lkeen h\u00e4n p\u00e4\u00e4tti suunnata missimaailmaan. Kokemus opetti h\u00e4nelle periksiantamattomuutta ja p\u00e4\u00e4tt\u00e4v\u00e4isyytt\u00e4.<\/p>\n<p class=\"paragraph\">\u2013 Ep\u00e4varmuudet voi aina k\u00e4\u00e4nt\u00e4\u00e4 omaksi voimaksi ja vahvuudeksi, Lehtonen totesi tiedotteessa.<\/p>\n<p>Tara Lehtonen (oik.) kruunattiin syyskuussa ensimm\u00e4iseksi perint\u00f6prinsessaksi. Timur Yilmaz<\/p>\n<p class=\"paragraph\"><a href=\"https:\/\/www.iltalehti.fi\/viihdeuutiset\/3ed63efc-93e1-4a87-aeea-883d08eb996d\" rel=\"nofollow noopener\" target=\"_blank\">Kilpailun finaalin lehdist\u00f6tilaisuudessa<\/a> Lehtonen kertoi pienell\u00e4 paikkakunnalla asumisen opettaneen h\u00e4nelle, kuinka poikkeamat \u201dnormista\u201d her\u00e4tt\u00e4v\u00e4t huomiota.<\/p>\n<p class=\"paragraph\">\u2013 Se rajoitti pitk\u00e4\u00e4n uskallustani olla oma itseni. Tuolloin urheilu oli iso osa el\u00e4m\u00e4\u00e4ni.<\/p>\n<p class=\"paragraph\">\u2013 Muutama vuosi sitten sain kuitenkin diagnoosin, joka pys\u00e4ytti haaveeni kilpaurheilijan urasta. Olin pitk\u00e4\u00e4n hukassa, enk\u00e4 tiennyt, mit\u00e4 haluaisin tehd\u00e4, kunnes l\u00f6ysin uuden suunnan osallistumalla ensimm\u00e4iseen missikilpailuuni \u2013 ja voitin sen.<\/p>\n<p class=\"paragraph\">Lehtonen lupasi, ett\u00e4 Miss Suomena h\u00e4n olisi aidosti oma itsens\u00e4 ja valmis k\u00e4\u00e4rim\u00e4\u00e4n hihat.<\/p>\n<p class=\"paragraph\">\u2013 Haluan j\u00e4tt\u00e4\u00e4 j\u00e4lkeni Suomeen sek\u00e4 maailman lavoille. T\u00e4m\u00e4 on minun unelmani, ja aion tehd\u00e4 kaikkeni saavuttaakseni sen, Lehtonen lupasi.<\/p>\n<p>T\u00e4st\u00e4 rasismikohussa on kyse<\/p>\n<p class=\"paragraph\">Sarah Dzafce, 23, <a href=\"https:\/\/www.iltalehti.fi\/viihdeuutiset\/6d6a9e62-8781-4970-9666-3309d6313623\" rel=\"nofollow noopener\" target=\"_blank\">joutui joulukuun alussa suuren kohun keskelle<\/a>, kun sosiaalisessa mediassa alkoi levit\u00e4 rasistiseksi mielletty kuva, jossa h\u00e4n venytti silmi\u00e4\u00e4n vinoon. Kuvassa oli teksti: \u201dkiinalaisen kanssa sy\u00f6m\u00e4ss\u00e4\u201d. Jotkut somek\u00e4ytt\u00e4jist\u00e4 tulkitsivat, ett\u00e4 missi pilkkaa aasialaisia. Dzafcen mukaan kuva oli irrotettu asiayhteydest\u00e4.<\/p>\n<p class=\"paragraph\">Dzafcen mukaan h\u00e4nell\u00e4 oli migreeni.<\/p>\n<p class=\"paragraph\">\u2013 Olin yst\u00e4v\u00e4ni kanssa ravintolassa sy\u00f6m\u00e4ss\u00e4 ja minulla oli silloin voimakas p\u00e4\u00e4ns\u00e4rky ja kipua silm\u00e4ss\u00e4. Nojasin p\u00f6yt\u00e4\u00e4n, hieroin ohimoita ja venytin silmi\u00e4, koska se helpotti painetta, Dzafce kertoi.<\/p>\n<p class=\"paragraph\">Dzafcen mukaan h\u00e4nen yst\u00e4v\u00e4ns\u00e4 oli pit\u00e4nyt ilmett\u00e4 hassuna ja halunnut ottaa kuvan.<\/p>\n<p class=\"paragraph\">\u2013 Hymyilin kameraan ja h\u00e4n kirjoitti siihen oman tekstins\u00e4. Se teksti ei ole minun kirjoittama eik\u00e4 liity mill\u00e4\u00e4n tavalla mun tarkoitukseen. Kuva oli tarkoitettu vain l\u00e4heisille kavereille, ei jaettavaksi laajemmalle.<\/p>\n<p>Sarah Dzafce ei ole en\u00e4\u00e4 hallitseva Miss Suomi. Timur Yilmaz<\/p>\n<p class=\"paragraph\">Miss Suomi -organisaatio kommentoi rasismikohua useampaan kertaan julkisesti somekanavissaan ja medioissa. Sek\u00e4 Miss Suomi -organisaatio ett\u00e4 Dzafce julkaisivat anteeksipyynn\u00f6n sometileill\u00e4\u00e4n. Organisaation mukaan heill\u00e4 on nollatoleranssi rasismille.<\/p>\n<p class=\"paragraph\">\u2013 Olemme vilpitt\u00f6m\u00e4sti pahoillamme Miss Suomen aiheuttamasta mielipahasta ja ep\u00e4asiallisesta k\u00e4yt\u00f6ksest\u00e4. Se ei ole arvojemme mukaista eik\u00e4 koskaan tarkoituksemme, organisaatio ilmoitti Instagramissa.<\/p>\n<p class=\"paragraph\">\u2013 Me Finnartist Oy:ss\u00e4 ja Miss Suomi -kilpailussa uskomme siihen, ett\u00e4 anteeksi pyyt\u00e4minen ja anteeksi antaminen ovat molemmat yht\u00e4 t\u00e4rkeit\u00e4. Ne eiv\u00e4t poista tapahtunutta, mutta ne mahdollistavat kasvun, oppimisen ja inhimillisyyden, julkaisussa lis\u00e4ttiin.<\/p>\n<p class=\"paragraph\">Kohu sai uusia kierroksia, kun Miss Suomi julkaisi <a href=\"https:\/\/www.iltalehti.fi\/viihdeuutiset\/3de71e51-ea89-4ff8-bcbf-b41821bb1b0c\" rel=\"nofollow noopener\" target=\"_blank\">Tiktok-tilill\u00e4\u00e4n kantaaottavan videon lentokoneen bisnesluokasta.<\/a><\/p>\n<p class=\"paragraph\">\u2013 Jengi heittaa meanwhile m\u00e4 Finnairin businessluokas, h\u00e4n julisti.<\/p>\n<p class=\"paragraph\">Sittemmin Dzafce poisti videon.<\/p>\n","protected":false},"excerpt":{"rendered":"Uusi Miss Suomi on Tara Lehtonen. 23-vuotiaasta Tara Lehtosesta tuli Miss Suomi. Elle Laitila Raumalta kotoisin oleva Tara&hellip;\n","protected":false},"author":2,"featured_media":113544,"comment_status":"","ping_status":"","sticky":false,"template":"","format":"standard","meta":{"footnotes":""},"categories":[5],"tags":[35,22,23,2110,26,27,33,31,30,876,17,24,25,41,28,29,4629,15,18,21,151,32,19,20,16],"class_list":{"0":"post-113543","1":"post","2":"type-post","3":"status-publish","4":"format-standard","5":"has-post-thumbnail","7":"category-otsikot","8":"tag-24h","9":"tag-breaking-news","10":"tag-breakingnews","11":"tag-elamantapa-ja-vapaa-aika","12":"tag-featured-news","13":"tag-featurednews","14":"tag-fi","15":"tag-finland","16":"tag-finnish","17":"tag-fyysinen-kauneus","18":"tag-headlines","19":"tag-latest-news","20":"tag-latestnews","21":"tag-liikunta-ja-urheilu","22":"tag-main-news","23":"tag-mainnews","24":"tag-naisten-kauneuskilpailut","25":"tag-news","26":"tag-otsikot","27":"tag-paauutiset","28":"tag-sosiaalinen-media-ja-verkostoituminen","29":"tag-suomi","30":"tag-top-stories","31":"tag-topstories","32":"tag-uutiset"},"share_on_mastodon":{"url":"https:\/\/pubeurope.com\/@fi\/115700627210042632","error":""},"_links":{"self":[{"href":"https:\/\/www.europesays.com\/fi\/wp-json\/wp\/v2\/posts\/113543","targetHints":{"allow":["GET"]}}],"collection":[{"href":"https:\/\/www.europesays.com\/fi\/wp-json\/wp\/v2\/posts"}],"about":[{"href":"https:\/\/www.europesays.com\/fi\/wp-json\/wp\/v2\/types\/post"}],"author":[{"embeddable":true,"href":"https:\/\/www.europesays.com\/fi\/wp-json\/wp\/v2\/users\/2"}],"replies":[{"embeddable":true,"href":"https:\/\/www.europesays.com\/fi\/wp-json\/wp\/v2\/comments?post=113543"}],"version-history":[{"count":0,"href":"https:\/\/www.europesays.com\/fi\/wp-json\/wp\/v2\/posts\/113543\/revisions"}],"wp:featuredmedia":[{"embeddable":true,"href":"https:\/\/www.europesays.com\/fi\/wp-json\/wp\/v2\/media\/113544"}],"wp:attachment":[{"href":"https:\/\/www.europesays.com\/fi\/wp-json\/wp\/v2\/media?parent=113543"}],"wp:term":[{"taxonomy":"category","embeddable":true,"href":"https:\/\/www.europesays.com\/fi\/wp-json\/wp\/v2\/categories?post=113543"},{"taxonomy":"post_tag","embeddable":true,"href":"https:\/\/www.europesays.com\/fi\/wp-json\/wp\/v2\/tags?post=113543"}],"curies":[{"name":"wp","href":"https:\/\/api.w.org\/{rel}","templated":true}]}}