{"id":113559,"date":"2025-12-11T11:33:09","date_gmt":"2025-12-11T11:33:09","guid":{"rendered":"https:\/\/www.europesays.com\/fi\/113559\/"},"modified":"2025-12-11T11:33:09","modified_gmt":"2025-12-11T11:33:09","slug":"mies-kuoli-kanarialla","status":"publish","type":"post","link":"https:\/\/www.europesays.com\/fi\/113559\/","title":{"rendered":"Mies kuoli Kanarialla"},"content":{"rendered":"<p>Voimakas aalto vei kalastamassa olleen ihmisen mereen Lanzarotella. 27-vuotias italialaismies kuoli my\u00f6hemmin sairaalassa.<\/p>\n<p><img decoding=\"async\" class=\"image image-show image-preview\" src=\"https:\/\/www.europesays.com\/fi\/wp-content\/uploads\/2025\/12\/bf731668701259557264effd93374210f30eb352300bad5a11aa46115fad51a1.jpg\" alt=\"\"\/><img decoding=\"async\" class=\"image image-show\" src=\"https:\/\/www.europesays.com\/fi\/wp-content\/uploads\/2025\/12\/1765452789_716_bf731668701259557264effd93374210f30eb352300bad5a11aa46115fad51a1.jpg\" alt=\"\"\/><\/p>\n<p>Mies kuoli Lanzarotella. AOP<\/p>\n<p class=\"paragraph\">Kalastamassa ollut ihminen kuoli maanantaina iltap\u00e4iv\u00e4ll\u00e4 Lanzaroten Playa Blancalla j\u00e4\u00e4ty\u00e4\u00e4n suuren aallon alle, kertoo <a href=\"https:\/\/www.canarianweekly.com\/posts\/UPDATE-One-of-the-men-swept-away-by-a-wave-in-Lanzarote-dies\" target=\"_blank\" rel=\"noopener nofollow\">Canarian Weekly<\/a>. Uhri oli 27-vuotias italialainen mies.<\/p>\n<p class=\"paragraph\">Ensihoitajien p\u00e4\u00e4sty\u00e4 uhrin luo t\u00e4m\u00e4n syd\u00e4n oli pys\u00e4htynyt. Ensihoito reagoi tilanteeseen nopeasti ja sai vakautettua potilaan tilan. Mies menehtyi my\u00f6hemmin sairaalassa.<\/p>\n<p class=\"paragraph\">Viranomaiset olivat antaneet alueelle varoituksen kovan aallokon takia. Vain minuutteja ennen onnettomuutta aallot olivat voimakkaita ja jopa nelj\u00e4 metri\u00e4 korkeita.<\/p>\n<p class=\"paragraph\">Sunnuntaina Teneriffalla kuoli nelj\u00e4 ihmist\u00e4, jotka olivat j\u00e4\u00e4neet suuren aallon alle. Viidett\u00e4 onnettomuuden uhria etsit\u00e4\u00e4n edelleen.<\/p>\n","protected":false},"excerpt":{"rendered":"Voimakas aalto vei kalastamassa olleen ihmisen mereen Lanzarotella. 27-vuotias italialaismies kuoli my\u00f6hemmin sairaalassa. Mies kuoli Lanzarotella. AOP Kalastamassa&hellip;\n","protected":false},"author":2,"featured_media":113560,"comment_status":"","ping_status":"","sticky":false,"template":"","format":"standard","meta":{"footnotes":""},"categories":[14],"tags":[35,22,23,26,27,33,31,30,17,501,24,25,72,28,29,15,18,21,2461,32,502,167,19,20,56,16,59,60,61],"class_list":{"0":"post-113559","1":"post","2":"type-post","3":"status-publish","4":"format-standard","5":"has-post-thumbnail","7":"category-ulkomaat","8":"tag-24h","9":"tag-breaking-news","10":"tag-breakingnews","11":"tag-featured-news","12":"tag-featurednews","13":"tag-fi","14":"tag-finland","15":"tag-finnish","16":"tag-headlines","17":"tag-laakaripalvelut","18":"tag-latest-news","19":"tag-latestnews","20":"tag-luonto","21":"tag-main-news","22":"tag-mainnews","23":"tag-news","24":"tag-otsikot","25":"tag-paauutiset","26":"tag-sairaalat-ja-terveyskeskukset","27":"tag-suomi","28":"tag-terveydenhoito","29":"tag-terveys","30":"tag-top-stories","31":"tag-topstories","32":"tag-ulkomaat","33":"tag-uutiset","34":"tag-world","35":"tag-world-news","36":"tag-worldnews"},"share_on_mastodon":{"url":"https:\/\/pubeurope.com\/@fi\/115700721494990433","error":""},"_links":{"self":[{"href":"https:\/\/www.europesays.com\/fi\/wp-json\/wp\/v2\/posts\/113559","targetHints":{"allow":["GET"]}}],"collection":[{"href":"https:\/\/www.europesays.com\/fi\/wp-json\/wp\/v2\/posts"}],"about":[{"href":"https:\/\/www.europesays.com\/fi\/wp-json\/wp\/v2\/types\/post"}],"author":[{"embeddable":true,"href":"https:\/\/www.europesays.com\/fi\/wp-json\/wp\/v2\/users\/2"}],"replies":[{"embeddable":true,"href":"https:\/\/www.europesays.com\/fi\/wp-json\/wp\/v2\/comments?post=113559"}],"version-history":[{"count":0,"href":"https:\/\/www.europesays.com\/fi\/wp-json\/wp\/v2\/posts\/113559\/revisions"}],"wp:featuredmedia":[{"embeddable":true,"href":"https:\/\/www.europesays.com\/fi\/wp-json\/wp\/v2\/media\/113560"}],"wp:attachment":[{"href":"https:\/\/www.europesays.com\/fi\/wp-json\/wp\/v2\/media?parent=113559"}],"wp:term":[{"taxonomy":"category","embeddable":true,"href":"https:\/\/www.europesays.com\/fi\/wp-json\/wp\/v2\/categories?post=113559"},{"taxonomy":"post_tag","embeddable":true,"href":"https:\/\/www.europesays.com\/fi\/wp-json\/wp\/v2\/tags?post=113559"}],"curies":[{"name":"wp","href":"https:\/\/api.w.org\/{rel}","templated":true}]}}