{"id":113561,"date":"2025-12-11T11:34:08","date_gmt":"2025-12-11T11:34:08","guid":{"rendered":"https:\/\/www.europesays.com\/fi\/113561\/"},"modified":"2025-12-11T11:34:08","modified_gmt":"2025-12-11T11:34:08","slug":"kuopiolainen-saatio-jakoi-jalleen-50-000-euron-edesta-apurahoja-katso-lista-saajista-savo","status":"publish","type":"post","link":"https:\/\/www.europesays.com\/fi\/113561\/","title":{"rendered":"Kuopiolainen s\u00e4\u00e4ti\u00f6 jakoi j\u00e4lleen 50\u2009000 euron edest\u00e4 apurahoja\u2009\u2013\u2009katso lista saajista | Savo"},"content":{"rendered":"<p>Kuopion muotoiluakatemian s\u00e4\u00e4ti\u00f6 on j\u00e4lleen jakanut 50\u2009000 euroa kotimaisille muotoilu- sek\u00e4 k\u00e4si- ja taideteollisuusalan yrityksille. Apurahoja sai viisi yrityst\u00e4 ja muotoilijaa.<\/p>\n<p>Kuopiolaisen <strong>Markus Laukkasen<\/strong> yritys Kaiku Acoustics Oy sai 10\u2009000 euroa kuulokkeiden lis\u00e4varusteiden suunnitteluun. Tavoitteena on tukea kotimaista suunnittelu- ja valmistusosaamista kest\u00e4vist\u00e4 materiaaleista.<\/p>\n<p><strong>Tobias Feuerbacher<\/strong> Karkkilasta sai 10\u2009000 euroa Birch Forest -kalustemalliston vienninedist\u00e4miseen. Rahoilla osallistutaan muun muassa Interior Lifestyle Tokyo 2026 -messuille.<\/p>\n<p><strong>Jukka Jokisen<\/strong> ja <strong>Heikki Konun<\/strong> yritys Jokinen &amp; Konu Design Oy Helsingist\u00e4 sai 10\u2009000 euroa v\u00e4h\u00e4hiilisten julkitilakalusteiden kehitt\u00e4miseen 3D-tulostetusta betonista.<\/p>\n<p><strong>Santeri Mortti<\/strong> Helsingist\u00e4 sai 10\u2009000 euroa uuden puukalustesarjan suunnitteluun kansainv\u00e4lisille markkinoille. <strong>Milla Vaahtera<\/strong> Porvoosta sai 10\u2009000 euroa Suomen Kansallismuseon laajennukseen suunnitellun valaisimen teolliseen tuotteistamiseen.<\/p>\n<p><strong class=\"diks-storyline__impact\">Hakemuksia saapui <\/strong>kaikkiaan 75. T\u00e4m\u00e4n vuoden apurahahankkeissa korostuivat tuotekehitys, kansainv\u00e4listyminen, vastuullisuus ja k\u00e4sin tekeminen. Teemat ovat s\u00e4\u00e4ti\u00f6n mukaan ajankohtaisempia kuin koskaan.<\/p>\n<p>Kuopion muotoiluakatemian s\u00e4\u00e4ti\u00f6 perustettiin vuonna 2014. S\u00e4\u00e4ti\u00f6n taustalla on perinteik\u00e4s Kuopion rouvasv\u00e4enyhdistys. Rouvasv\u00e4enyhdistys on toiminut Kuopiossa vuodesta 1860 alkaen ja antanut k\u00e4sity\u00f6opetusta vuodesta 1884 alkaen. Koulu toimi Kuopion muotoiluakatemian nimell\u00e4 Savonia-ammattikorkeakoulun kulttuurialan yksikk\u00f6n\u00e4 vuoteen 2014 saakka.<\/p>\n<p>Nyky\u00e4\u00e4n Kuopion muotoiluakatemia tarjoaa taiteen perusopetusta lapsille ja nuorille sek\u00e4 kursseja aikuisille. Muotoiluakatemian s\u00e4\u00e4ti\u00f6 on tukenut vuosittain kotimaisia muotoilualan yrityksi\u00e4 ja muotoilijoita.<\/p>\n","protected":false},"excerpt":{"rendered":"Kuopion muotoiluakatemian s\u00e4\u00e4ti\u00f6 on j\u00e4lleen jakanut 50\u2009000 euroa kotimaisille muotoilu- sek\u00e4 k\u00e4si- ja taideteollisuusalan yrityksille. Apurahoja sai viisi&hellip;\n","protected":false},"author":2,"featured_media":113562,"comment_status":"","ping_status":"","sticky":false,"template":"","format":"standard","meta":{"footnotes":""},"categories":[12],"tags":[22,23,26,27,33,31,30,17,405,108,1132,20895,24,25,28,29,15,18,21,32,487,19,20,16],"class_list":{"0":"post-113561","1":"post","2":"type-post","3":"status-publish","4":"format-standard","5":"has-post-thumbnail","7":"category-suomi","8":"tag-breaking-news","9":"tag-breakingnews","10":"tag-featured-news","11":"tag-featurednews","12":"tag-fi","13":"tag-finland","14":"tag-finnish","15":"tag-headlines","16":"tag-helsingin-seutukunta","17":"tag-kulttuuri","18":"tag-kuopio","19":"tag-kuopion-muotoiluakatemia","20":"tag-latest-news","21":"tag-latestnews","22":"tag-main-news","23":"tag-mainnews","24":"tag-news","25":"tag-otsikot","26":"tag-paauutiset","27":"tag-suomi","28":"tag-teknologia-yleista","29":"tag-top-stories","30":"tag-topstories","31":"tag-uutiset"},"share_on_mastodon":{"url":"https:\/\/pubeurope.com\/@fi\/115700725480317521","error":""},"_links":{"self":[{"href":"https:\/\/www.europesays.com\/fi\/wp-json\/wp\/v2\/posts\/113561","targetHints":{"allow":["GET"]}}],"collection":[{"href":"https:\/\/www.europesays.com\/fi\/wp-json\/wp\/v2\/posts"}],"about":[{"href":"https:\/\/www.europesays.com\/fi\/wp-json\/wp\/v2\/types\/post"}],"author":[{"embeddable":true,"href":"https:\/\/www.europesays.com\/fi\/wp-json\/wp\/v2\/users\/2"}],"replies":[{"embeddable":true,"href":"https:\/\/www.europesays.com\/fi\/wp-json\/wp\/v2\/comments?post=113561"}],"version-history":[{"count":0,"href":"https:\/\/www.europesays.com\/fi\/wp-json\/wp\/v2\/posts\/113561\/revisions"}],"wp:featuredmedia":[{"embeddable":true,"href":"https:\/\/www.europesays.com\/fi\/wp-json\/wp\/v2\/media\/113562"}],"wp:attachment":[{"href":"https:\/\/www.europesays.com\/fi\/wp-json\/wp\/v2\/media?parent=113561"}],"wp:term":[{"taxonomy":"category","embeddable":true,"href":"https:\/\/www.europesays.com\/fi\/wp-json\/wp\/v2\/categories?post=113561"},{"taxonomy":"post_tag","embeddable":true,"href":"https:\/\/www.europesays.com\/fi\/wp-json\/wp\/v2\/tags?post=113561"}],"curies":[{"name":"wp","href":"https:\/\/api.w.org\/{rel}","templated":true}]}}