{"id":113563,"date":"2025-12-11T11:35:07","date_gmt":"2025-12-11T11:35:07","guid":{"rendered":"https:\/\/www.europesays.com\/fi\/113563\/"},"modified":"2025-12-11T11:35:07","modified_gmt":"2025-12-11T11:35:07","slug":"nain-saastat-sahkolaskussa-satoja-euroja-sopimuksissa-hurjia-eroja","status":"publish","type":"post","link":"https:\/\/www.europesays.com\/fi\/113563\/","title":{"rendered":"N\u00e4in s\u00e4\u00e4st\u00e4t s\u00e4hk\u00f6laskussa satoja euroja \u2013 sopimuksissa hurjia eroja"},"content":{"rendered":"<p>Kilpailuviranomainen on vertaillut s\u00e4hk\u00f6sopimuksia.<\/p>\n<p class=\"article-body mb-nof-24 px-nof-16\">Oikeanlaisen s\u00e4hk\u00f6sopimuksen valinta saattaa tuoda satojen eurojen s\u00e4\u00e4st\u00f6n s\u00e4hk\u00f6laskuun, sanoo Kilpailu- ja kuluttajavirasto (KKV) tiedotteessaan.<\/p>\n<p class=\"article-body mb-nof-24 px-nof-16\">Virasto on tutkinut, miten s\u00e4hk\u00f6n hinta muodostuu, millaisia sopimuksia kuluttajille on tarjolla ja millaisia ongelmia kuluttajat ovat kohdanneet s\u00e4hk\u00f6sopimusten kanssa.<\/p>\n<p class=\"article-body mb-nof-24 px-nof-16\">Jo aiemmin on havaittu, ett\u00e4 uusiutuvan energiantuotannon ja erityisesti tuulivoima\u00adkapasiteetin kasvu on lis\u00e4nnyt voimakkaasti s\u00e4hk\u00f6n hintavaihteluita. Lis\u00e4ksi vuonna 2022 alkanut Ukrainan sota aiheutti markkinoille \u00e4killisi\u00e4 shokkeja, jotka voimistivat hintavaihtelua entisest\u00e4\u00e4n.<\/p>\n<p class=\"article-body mb-nof-24 px-nof-16\">S\u00e4hk\u00f6n kuluttajamarkkinoilla hintojen vaihtelu n\u00e4kyy erityisesti p\u00f6rssis\u00e4hk\u00f6\u00adsopimuksissa, mutta muuttunut tilanne vaikuttaa my\u00f6s muihin s\u00e4hk\u00f6sopimus\u00adtyyppeihin.<\/p>\n<p class=\"article-body mb-nof-24 px-nof-16\">\u2013\u2009S\u00e4hk\u00f6kriisin j\u00e4lkeen erot eri sopimuksien v\u00e4lill\u00e4 ovat kasvaneet merkitt\u00e4v\u00e4sti. Kuluttajien kannattaakin olla entist\u00e4 tarkempia s\u00e4hk\u00f6sopimusta valitessaan. Itselle ja omalle k\u00e4yt\u00f6lle sopivan sopimuksen avulla voi s\u00e4\u00e4st\u00e4 jopa satoja euroja vuodessa, KKV:n tutkimusohjaaja <a class=\"article-personlink\" href=\"https:\/\/www.is.fi\/haku\/?query=Jan%20J%C3%A4%C3%A4skel%C3%A4inen\" rel=\"nofollow noopener\" target=\"_blank\">Jan J\u00e4\u00e4skel\u00e4inen<\/a> sanoo tiedotteessa.<\/p>\n<p class=\"article-body mb-nof-24 px-nof-16\">KKV:n mukaan s\u00e4hk\u00f6kriisin j\u00e4lkeen p\u00f6rssis\u00e4hk\u00f6\u00adsopimukset ovat olleet keskim\u00e4\u00e4rin halvin vaihtoehto. P\u00f6rssis\u00e4hk\u00f6ss\u00e4 hinta kuitenkin vaihtelee paljon. Sen vuoksi virasto neuvoo kuluttajaa pohtimaan, kuinka paljon h\u00e4n pystyy ottamaan riski\u00e4 ja siet\u00e4m\u00e4\u00e4n ep\u00e4varmuutta s\u00e4hk\u00f6n hinnasta, ja kuinka paljon oma talous kest\u00e4\u00e4 hinnan nousua.<\/p>\n<p class=\"article-body mb-nof-24 px-nof-16\">Jos s\u00e4hk\u00f6n hintavaihtelu huolestuttaa tai hinnan nousu voisi aiheuttaa talousvaikeuksia, m\u00e4\u00e4r\u00e4aikainen sopimus on usein parempi vaihtoehto, koska sen hinta pysyy vakaana.<\/p>\n<p class=\"article-body mb-nof-24 px-nof-16\">Hintariskien lis\u00e4ksi kannattaa pohtia, kuinka ahkerasti haluaa seurata s\u00e4hk\u00f6markkinoita ja pystyyk\u00f6 ajoittamaan s\u00e4hk\u00f6nkulutustaan halvoille ajankohdille.<\/p>\n<p class=\"article-body mb-nof-24 px-nof-16\">\u2013\u2009Ennen kuin mit\u00e4\u00e4n s\u00e4hk\u00f6sopimusta tekee, kannattaa selvitt\u00e4\u00e4, mink\u00e4laisia hintavaihteluita sopimus sis\u00e4lt\u00e4\u00e4 ja miten sopimuksen hinta ja muut sopimusehdot voivat muuttua. Jos sopimuksen sis\u00e4lt\u00f6\u00e4 ei ymm\u00e4rr\u00e4, sit\u00e4 ei kannata valita, Energiaviraston ekonomisti <a class=\"article-personlink\" href=\"https:\/\/www.is.fi\/haku\/?query=Jonatan%20Kanervo\" rel=\"nofollow noopener\" target=\"_blank\">Jonatan Kanervo<\/a> sanoo tiedotteessa.<\/p>\n<p class=\"article-body mb-nof-24 px-nof-16\">KKV kertoo kuluttajaneuvontansa ja kuluttaja-asiamiehen saavan vuosittain satoja s\u00e4hk\u00f6\u00f6n liittyvi\u00e4 yhteydenottoja. S\u00e4hk\u00f6sopimusten myyntitavoista ongelmia kuluttajille aiheuttavat etenkin puhelin- ja st\u00e4ndimyynti.<\/p>\n<p class=\"article-body mb-nof-24 px-nof-16\">Ongelmien selvittelyn vaikeutta lis\u00e4\u00e4 mahdollinen huonosti toimiva asiakaspalvelu.<\/p>\n<p class=\"article-body mb-nof-24 px-nof-16\">S\u00e4hk\u00f6kuluista suuri osa kertyy s\u00e4hk\u00f6n siirtomaksusta, jota ei voi kilpailuttaa. KKV huomauttaa, ett\u00e4 erot siirtoyhti\u00f6iden hinnoittelussa ovat suuria ja siirtoalueiden rajat eiv\u00e4t aina noudata kuntarajoja.<\/p>\n<p class=\"article-body mb-nof-24 px-nof-16\">\u2013\u2009Siirtoyhti\u00f6t\u00e4 ei voi kilpailuttaa. S\u00e4hk\u00f6nsiirron hinnoittelu kannattaa ottaa kuitenkin huomioon jo muuttaessa, KKV sanoo.<\/p>\n","protected":false},"excerpt":{"rendered":"Kilpailuviranomainen on vertaillut s\u00e4hk\u00f6sopimuksia. Oikeanlaisen s\u00e4hk\u00f6sopimuksen valinta saattaa tuoda satojen eurojen s\u00e4\u00e4st\u00f6n s\u00e4hk\u00f6laskuun, sanoo Kilpailu- ja kuluttajavirasto (KKV)&hellip;\n","protected":false},"author":2,"featured_media":113564,"comment_status":"","ping_status":"","sticky":false,"template":"","format":"standard","meta":{"footnotes":""},"categories":[5],"tags":[22,23,26,27,33,31,30,17,34,24,25,28,29,15,18,21,32,19,20,16],"class_list":{"0":"post-113563","1":"post","2":"type-post","3":"status-publish","4":"format-standard","5":"has-post-thumbnail","7":"category-otsikot","8":"tag-breaking-news","9":"tag-breakingnews","10":"tag-featured-news","11":"tag-featurednews","12":"tag-fi","13":"tag-finland","14":"tag-finnish","15":"tag-headlines","16":"tag-ilta-sanomat","17":"tag-latest-news","18":"tag-latestnews","19":"tag-main-news","20":"tag-mainnews","21":"tag-news","22":"tag-otsikot","23":"tag-paauutiset","24":"tag-suomi","25":"tag-top-stories","26":"tag-topstories","27":"tag-uutiset"},"share_on_mastodon":{"url":"https:\/\/pubeurope.com\/@fi\/115700729377416890","error":""},"_links":{"self":[{"href":"https:\/\/www.europesays.com\/fi\/wp-json\/wp\/v2\/posts\/113563","targetHints":{"allow":["GET"]}}],"collection":[{"href":"https:\/\/www.europesays.com\/fi\/wp-json\/wp\/v2\/posts"}],"about":[{"href":"https:\/\/www.europesays.com\/fi\/wp-json\/wp\/v2\/types\/post"}],"author":[{"embeddable":true,"href":"https:\/\/www.europesays.com\/fi\/wp-json\/wp\/v2\/users\/2"}],"replies":[{"embeddable":true,"href":"https:\/\/www.europesays.com\/fi\/wp-json\/wp\/v2\/comments?post=113563"}],"version-history":[{"count":0,"href":"https:\/\/www.europesays.com\/fi\/wp-json\/wp\/v2\/posts\/113563\/revisions"}],"wp:featuredmedia":[{"embeddable":true,"href":"https:\/\/www.europesays.com\/fi\/wp-json\/wp\/v2\/media\/113564"}],"wp:attachment":[{"href":"https:\/\/www.europesays.com\/fi\/wp-json\/wp\/v2\/media?parent=113563"}],"wp:term":[{"taxonomy":"category","embeddable":true,"href":"https:\/\/www.europesays.com\/fi\/wp-json\/wp\/v2\/categories?post=113563"},{"taxonomy":"post_tag","embeddable":true,"href":"https:\/\/www.europesays.com\/fi\/wp-json\/wp\/v2\/tags?post=113563"}],"curies":[{"name":"wp","href":"https:\/\/api.w.org\/{rel}","templated":true}]}}