{"id":113565,"date":"2025-12-11T11:47:09","date_gmt":"2025-12-11T11:47:09","guid":{"rendered":"https:\/\/www.europesays.com\/fi\/113565\/"},"modified":"2025-12-11T11:47:09","modified_gmt":"2025-12-11T11:47:09","slug":"cheek-avautuu-uran-jalkeisesta-elamastaan-harvinainen-haastattelu-huomenta-suomessa","status":"publish","type":"post","link":"https:\/\/www.europesays.com\/fi\/113565\/","title":{"rendered":"Cheek avautuu uran j\u00e4lkeisest\u00e4 el\u00e4m\u00e4st\u00e4\u00e4n &#8211; harvinainen haastattelu Huomenta Suomessa"},"content":{"rendered":"<p>\n            Cheek Jare Tiihonen Valot Sammuu viimeinen esiintyminen Lahti 2018-08-25<br \/>\n            Allerin arkisto\n        <\/p>\n<p class=\"subtitle \">Jare Tiihonen p\u00e4ivitti kuulumisensa Huomenta Suomen haastattelussa.<\/p>\n<p class=\"article-content article-content-width !bg-background\"> eli  antoi haastattelun Huomenta Suomelle. Jare on esiintynyt harvakseltaan julkisuudessa uransa p\u00e4\u00e4t\u00f6skonsertin j\u00e4lkeen.<\/p>\n<p class=\"article-content article-content-width !bg-background\">Cheek p\u00e4\u00e4tti uransa Lahden j\u00e4\u00e4hyv\u00e4iskeikalla vuonna 2018.<\/p>\n<p class=\"article-content article-content-width !bg-background\">\u2013 Minulla oli jo hetken ollut, ett\u00e4 en tied\u00e4, mit\u00e4 pystyn en\u00e4\u00e4 antamaan uutta, mit\u00e4 en ollut jo antanut. En koskaan halunnut, ett\u00e4 antaminen muuttuisi ottamiseksi. Se oli yksi umpikuja, Jare sanoo haastattelussa.<\/p>\n<p class=\"article-content article-content-width !bg-background\">Jare k\u00e4vi puhumassa vanhalla koulullaan henkisest\u00e4 hyvinvoinnista ja kasvusta. Samalla h\u00e4nt\u00e4 haastateltiin Maikkarin aamuohjelmalle.<\/p>\n<p class=\"article-content article-content-width !bg-background\">\u2013 Ehk\u00e4 puhuimme jonkun verran t\u00e4m\u00e4n ajan moraalirappeumasta, Cheek kertoo tilaisuudesta.<\/p>\n<p class=\"article-content article-content-width !bg-background\">\u2013 Ja siit\u00e4, ett\u00e4 pit\u00e4isi ajatella ensin, tai ei pit\u00e4isi ajatella, ett\u00e4 mist\u00e4 min\u00e4 hy\u00f6dyn, vaan mik\u00e4 on oikein.<\/p>\n<p>        <a itemprop=\"url\" href=\"https:\/\/www.seiska.fi\/kotimaa\/cheek-teki-historiaa\/2014320\" rel=\"nofollow noopener\" target=\"_blank\"><\/p>\n<p>\nOho!\n<\/p>\n<p class=\"section-date\">\n        <strong class=\"article-section\" data-section=\"kotimaa\"><br \/>\n            kotimaa<br \/>\n        <\/strong><br \/>\n        7.12. 19:30\n    <\/p>\n<p>Cheek teki historiaa\n    <\/p>\n<p itemprop=\"description\" class=\"subtitle \">\n    Cheekin tribuuttialbumi teki historiaa.\n<\/p>\n<p>        <\/a><\/p>\n<p>Uusi olotila avautui<\/p>\n<p class=\"article-content article-content-width !bg-background\">Jare puhuu avoimesti el\u00e4m\u00e4st\u00e4\u00e4n ja haasteistaan. Yhdeks\u00e4n vuotta sitten h\u00e4n julkaisi omael\u00e4m\u00e4nkertansa, JHT \u2013 Mustalammas. Aiemmin t\u00e4n\u00e4 vuonna h\u00e4nelt\u00e4 ilmestyi el\u00e4m\u00e4nkerta JHT\u00a0\u2013 Missio vai mielenrauha.<\/p>\n<p class=\"article-content article-content-width !bg-background\">\u2013 Silloin kun n\u00e4ist\u00e4 ensimm\u00e4ist\u00e4 kertaa puhuin, niin se yht\u00e4kki\u00e4 avasi jonkun uuden olotilan, kun ei en\u00e4\u00e4 tarvinnutkaan pit\u00e4\u00e4 niit\u00e4 sis\u00e4ll\u00e4.<\/p>\n<p class=\"article-content article-content-width !bg-background\">\u2013 Kun olin laittanut ne kaikkien kuultavaksi, kaikkien tietoon, h\u00e4visi se sellainen salamyhk\u00e4isyys ja salailu niiden omien haasteiden kanssa. Seh\u00e4n on todella vapauttavaa.<\/p>\n<p>                <img decoding=\"async\" src=\"https:\/\/www.europesays.com\/fi\/wp-content\/uploads\/2025\/12\/1838127.webp\" width=\"576\" height=\"274\" alt=\"Cheek j\u00e4\u00e4hyv\u00e4iskonsertissaan.\" loading=\"lazy\" \/>            <\/p>\n<p>\n            Cheek j\u00e4\u00e4hyv\u00e4iskonsertissaan.<br \/>\n            Allerin arkisto\n        <\/p>\n<p class=\"article-content article-content-width !bg-background\">Avoimella tiell\u00e4 Jare on pysynyt.<\/p>\n<p class=\"article-content article-content-width !bg-background\">\u2013 Minulla ei ole en\u00e4\u00e4 mit\u00e4\u00e4n, mit\u00e4 en kehtaisi sanoa tai tuoda ulos.<\/p>\n<p>        <a itemprop=\"url\" href=\"https:\/\/www.seiska.fi\/katso\/huomenta-suomen-juontaja-suututti-katsojat\/1988845\" rel=\"nofollow noopener\" target=\"_blank\"><\/p>\n<p>\nHuomenta Suomi\n<\/p>\n<p class=\"section-date\">\n        <strong class=\"article-section\" data-section=\"katso\"><br \/>\n            katso<br \/>\n        <\/strong><br \/>\n        10.11. 15:15\n    <\/p>\n<p>Huomenta Suomen juontaja suututti katsojat\n    <\/p>\n<p itemprop=\"description\" class=\"subtitle \">\n    Shahin Doagun ja K\u00e4\u00e4rij\u00e4n kohtaaminen ei l\u00e4mmitt\u00e4nyt katsojien mielt\u00e4.\n<\/p>\n<p>        <\/a><\/p>\n<p class=\"article-content article-content-width !bg-background\">Jare haluaakin rohkaista nuoria olemaan v\u00e4litt\u00e4m\u00e4tt\u00e4 muiden ep\u00e4ilyist\u00e4 ja keskittym\u00e4\u00e4n omiin juttuihinsa. H\u00e4n ei itse uransa alussa saanut kannustavia sanoja.<\/p>\n<p class=\"italic m-italic article-content article-content-width !bg-background\">Huomenta Suomi p\u00e4ivitt\u00e4in MTV3:lla ja MTV Katsomossa.<\/p>\n<p>        <a itemprop=\"url\" href=\"https:\/\/www.seiska.fi\/katso\/teresa-merilainen-ahon-pokka-petti-uutislahetyksessa\/1943202\" rel=\"nofollow noopener\" target=\"_blank\"><\/p>\n<p>\nTeresa Meril\u00e4inen-Aho\n<\/p>\n<p class=\"section-date\">\n        <strong class=\"article-section\" data-section=\"katso\"><br \/>\n            katso<br \/>\n        <\/strong><br \/>\n        26.9. 15:15\n    <\/p>\n<p>Teresa Meril\u00e4inen-Ahon pokka petti uutisl\u00e4hetyksess\u00e4\n    <\/p>\n<p itemprop=\"description\" class=\"subtitle \">\n    MTV:n uutisankkuri Teresa Meril\u00e4inen-Aho huvittui urheilus\u00e4hkeest\u00e4.\n<\/p>\n<p>        <\/a><\/p>\n","protected":false},"excerpt":{"rendered":"Cheek Jare Tiihonen Valot Sammuu viimeinen esiintyminen Lahti 2018-08-25 Allerin arkisto Jare Tiihonen p\u00e4ivitti kuulumisensa Huomenta Suomen haastattelussa.&hellip;\n","protected":false},"author":2,"featured_media":113566,"comment_status":"","ping_status":"","sticky":false,"template":"","format":"standard","meta":{"footnotes":""},"categories":[136],"tags":[407,1866,20897,137,33,31,30,20896,7828,2711,408,32,109],"class_list":{"0":"post-113565","1":"post","2":"type-post","3":"status-publish","4":"format-standard","5":"has-post-thumbnail","7":"category-julkkikset","8":"tag-celebrities","9":"tag-cheek","10":"tag-elamankerta","11":"tag-entertainment","12":"tag-fi","13":"tag-finland","14":"tag-finnish","15":"tag-henkinen-hyvinvointi","16":"tag-huomenta-suomi","17":"tag-jare-tiihonen","18":"tag-julkkikset","19":"tag-suomi","20":"tag-viihde"},"share_on_mastodon":{"url":"https:\/\/pubeurope.com\/@fi\/115700776761846084","error":""},"_links":{"self":[{"href":"https:\/\/www.europesays.com\/fi\/wp-json\/wp\/v2\/posts\/113565","targetHints":{"allow":["GET"]}}],"collection":[{"href":"https:\/\/www.europesays.com\/fi\/wp-json\/wp\/v2\/posts"}],"about":[{"href":"https:\/\/www.europesays.com\/fi\/wp-json\/wp\/v2\/types\/post"}],"author":[{"embeddable":true,"href":"https:\/\/www.europesays.com\/fi\/wp-json\/wp\/v2\/users\/2"}],"replies":[{"embeddable":true,"href":"https:\/\/www.europesays.com\/fi\/wp-json\/wp\/v2\/comments?post=113565"}],"version-history":[{"count":0,"href":"https:\/\/www.europesays.com\/fi\/wp-json\/wp\/v2\/posts\/113565\/revisions"}],"wp:featuredmedia":[{"embeddable":true,"href":"https:\/\/www.europesays.com\/fi\/wp-json\/wp\/v2\/media\/113566"}],"wp:attachment":[{"href":"https:\/\/www.europesays.com\/fi\/wp-json\/wp\/v2\/media?parent=113565"}],"wp:term":[{"taxonomy":"category","embeddable":true,"href":"https:\/\/www.europesays.com\/fi\/wp-json\/wp\/v2\/categories?post=113565"},{"taxonomy":"post_tag","embeddable":true,"href":"https:\/\/www.europesays.com\/fi\/wp-json\/wp\/v2\/tags?post=113565"}],"curies":[{"name":"wp","href":"https:\/\/api.w.org\/{rel}","templated":true}]}}