{"id":113581,"date":"2025-12-11T11:59:09","date_gmt":"2025-12-11T11:59:09","guid":{"rendered":"https:\/\/www.europesays.com\/fi\/113581\/"},"modified":"2025-12-11T11:59:09","modified_gmt":"2025-12-11T11:59:09","slug":"naton-rutte-usa-on-sitoutunut-euroopan-turvallisuuteen-uutisia-lyhyesti","status":"publish","type":"post","link":"https:\/\/www.europesays.com\/fi\/113581\/","title":{"rendered":"Naton Rutte: USA on sitoutunut Euroopan turvallisuuteen | Uutisia lyhyesti"},"content":{"rendered":"<p class=\"aw-1gybjub aw-1p7kakr kEtdKx cEmitX yle__article__paragraph\">Sotilasliitto Naton p\u00e4\u00e4sihteeri <strong class=\"aw-ak79eh KyCXm yle__article__strong\">Mark Rutte<\/strong> sanoo, ett\u00e4 Yhdysvaltain tuore kansallisen turvallisuuden strategia osoittaa Yhdysvaltain olevan sitoutunut Euroopan turvallisuuteen.<\/p>\n<p class=\"aw-1gybjub aw-1p7kakr kEtdKx cEmitX yle__article__paragraph\">Viime viikolla julkaistu strategia oli monilta osin varsin kriittinen Eurooppaa kohtaan. Rutten mukaan Yhdysvallat haluaa Euroopan kantavan enemm\u00e4n vastuuta, ja juuri niin Eurooppa on tekem\u00e4ss\u00e4kin.<\/p>\n<p class=\"aw-1gybjub aw-1p7kakr kEtdKx cEmitX yle__article__paragraph\">Rutte puhui asiasta vieraillessaan Saksassa tapaamassa liittokansleria <strong class=\"aw-ak79eh KyCXm yle__article__strong\">Friedrich Merzi\u00e4<\/strong>. My\u00f6s Merz sanoi Yhdysvaltain strategian ilmaisevan, ett\u00e4 Yhdysvallat on sitoutunut Natoon.<\/p>\n","protected":false},"excerpt":{"rendered":"Sotilasliitto Naton p\u00e4\u00e4sihteeri Mark Rutte sanoo, ett\u00e4 Yhdysvaltain tuore kansallisen turvallisuuden strategia osoittaa Yhdysvaltain olevan sitoutunut Euroopan turvallisuuteen.&hellip;\n","protected":false},"author":2,"featured_media":113582,"comment_status":"","ping_status":"","sticky":false,"template":"","format":"standard","meta":{"footnotes":""},"categories":[14],"tags":[22,23,2267,26,27,33,31,30,17,70,24,25,28,29,20901,2579,15,18,21,32,19,20,546,56,16,59,60,61,619],"class_list":{"0":"post-113581","1":"post","2":"type-post","3":"status-publish","4":"format-standard","5":"has-post-thumbnail","7":"category-ulkomaat","8":"tag-breaking-news","9":"tag-breakingnews","10":"tag-eurooppa","11":"tag-featured-news","12":"tag-featurednews","13":"tag-fi","14":"tag-finland","15":"tag-finnish","16":"tag-headlines","17":"tag-kansainvalinen-politiikka","18":"tag-latest-news","19":"tag-latestnews","20":"tag-main-news","21":"tag-mainnews","22":"tag-mark-rutte","23":"tag-nato","24":"tag-news","25":"tag-otsikot","26":"tag-paauutiset","27":"tag-suomi","28":"tag-top-stories","29":"tag-topstories","30":"tag-turvallisuus","31":"tag-ulkomaat","32":"tag-uutiset","33":"tag-world","34":"tag-world-news","35":"tag-worldnews","36":"tag-yhdysvallat"},"share_on_mastodon":{"url":"https:\/\/pubeurope.com\/@fi\/115700824305611372","error":""},"_links":{"self":[{"href":"https:\/\/www.europesays.com\/fi\/wp-json\/wp\/v2\/posts\/113581","targetHints":{"allow":["GET"]}}],"collection":[{"href":"https:\/\/www.europesays.com\/fi\/wp-json\/wp\/v2\/posts"}],"about":[{"href":"https:\/\/www.europesays.com\/fi\/wp-json\/wp\/v2\/types\/post"}],"author":[{"embeddable":true,"href":"https:\/\/www.europesays.com\/fi\/wp-json\/wp\/v2\/users\/2"}],"replies":[{"embeddable":true,"href":"https:\/\/www.europesays.com\/fi\/wp-json\/wp\/v2\/comments?post=113581"}],"version-history":[{"count":0,"href":"https:\/\/www.europesays.com\/fi\/wp-json\/wp\/v2\/posts\/113581\/revisions"}],"wp:featuredmedia":[{"embeddable":true,"href":"https:\/\/www.europesays.com\/fi\/wp-json\/wp\/v2\/media\/113582"}],"wp:attachment":[{"href":"https:\/\/www.europesays.com\/fi\/wp-json\/wp\/v2\/media?parent=113581"}],"wp:term":[{"taxonomy":"category","embeddable":true,"href":"https:\/\/www.europesays.com\/fi\/wp-json\/wp\/v2\/categories?post=113581"},{"taxonomy":"post_tag","embeddable":true,"href":"https:\/\/www.europesays.com\/fi\/wp-json\/wp\/v2\/tags?post=113581"}],"curies":[{"name":"wp","href":"https:\/\/api.w.org\/{rel}","templated":true}]}}