{"id":113583,"date":"2025-12-11T12:00:12","date_gmt":"2025-12-11T12:00:12","guid":{"rendered":"https:\/\/www.europesays.com\/fi\/113583\/"},"modified":"2025-12-11T12:00:12","modified_gmt":"2025-12-11T12:00:12","slug":"tappo-konalassa-ilta-sanomat","status":"publish","type":"post","link":"https:\/\/www.europesays.com\/fi\/113583\/","title":{"rendered":"Tappo Konalassa &#8211; Ilta-Sanomat"},"content":{"rendered":"<p>Kolmekymppinen mies sotkeutui nuorempana raakaan sorakuoppamurhaan. Vain muutama viikko sitten h\u00e4net laskettiin vapaalle jalalle odottamaan tuomiota tapon yrityksest\u00e4.<\/p>\n<p class=\"article-body mb-nof-24 px-nof-16\">Poliisi ep\u00e4ilee <a class=\"article-genericlink\" href=\"https:\/\/www.is.fi\/kotimaa\/art-2000011680986.html\" rel=\"nofollow noopener\" target=\"_blank\">Helsingin Konalan<\/a> tiistaisesta taposta 33-vuotiasta miest\u00e4, jolla on raskas rikostausta muun muassa v\u00e4kivaltaisena velanperij\u00e4n\u00e4. Lis\u00e4ksi mies kytkeytyy Iitiss\u00e4 vuonna 2015 tehtyyn raakaan sorakuoppamurhaan.<\/p>\n<p class=\"article-body mb-nof-24 px-nof-16\">Vain muutama viikko sitten miehelle luettiin syyte M\u00e4nts\u00e4l\u00e4ss\u00e4 toukokuussa tapahtuneesta tapon yrityksest\u00e4. Syytt\u00e4j\u00e4n mukaan mies oli yritt\u00e4nyt tappaa uhrinsa ampumalla. Oikeuden on tarkoitus antaa tuomionsa ensi viikolla. Syytt\u00e4j\u00e4 vaati, ett\u00e4 mies olisi pidett\u00e4v\u00e4 vangittuna, mutta h\u00e4net oli laskettu vapaalle jalalle odottamaan tuomiota.<\/p>\n<p class=\"article-body mb-nof-24 px-nof-16\">Nyt poliisi ep\u00e4ilee, ett\u00e4 sama mies riisti toiselta miehelt\u00e4 hengen tiistaina aamuy\u00f6ll\u00e4 Helsingin Konalassa Kolsarintiell\u00e4 31-vuotiaan muusikkomiehen asunnossa.<\/p>\n<p class=\"article-body mb-nof-24 px-nof-16\">Tapon lis\u00e4ksi miest\u00e4 ep\u00e4ill\u00e4\u00e4n tapon yrityksest\u00e4 ja ampuma-aserikoksesta. Virkavalta sai tapahtumista tiedon viiden aikaan aamuy\u00f6ll\u00e4 tiistaina 9. joulukuuta.<\/p>\n<p class=\"article-body mb-nof-24 px-nof-16\">Henkirikoksen uhri, noin 49-vuotias mies, kiid\u00e4tettiin kerrostaloasunnolta sairaalaan, mutta h\u00e4n kuoli my\u00f6hemmin vammoihinsa. Tapon yrityksen uhriksi joutunut pari vuotta nuorempi mies haavoittui, mutta j\u00e4i eloon.<\/p>\n<p class=\"article-body mb-nof-24 px-nof-16\">Poliisin mukaan ep\u00e4ilty k\u00e4ytti veriteoissa ampuma-asetta. Virkavalta vaatii ep\u00e4ilty\u00e4 tappajaa perjantaina vangittavaksi Helsingin k\u00e4r\u00e4j\u00e4oikeudessa.<\/p>\n<p class=\"article-body mb-nof-24 px-nof-16\">IS koosti, mit\u00e4 Konalan taposta ep\u00e4illyn miehen aiemmista rikoksista tiedet\u00e4\u00e4n.<\/p>\n<p><img decoding=\"async\" src=\"https:\/\/www.europesays.com\/fi\/wp-content\/uploads\/2025\/12\/1765454410_47_468.jpg\" alt=\"Konalan poliisioperaatiota todistaneen naisen mukaan paikalle saapui kymmenisen poliisiautoa ja ambulanssi.\" class=\"_Img_1rerz_1\" style=\"aspect-ratio:1.5\" loading=\"eager\"\/><\/p>\n<p class=\"article-picture-caption\">Konalan poliisioperaatiota todistaneen naisen mukaan paikalle saapui kymmenisen poliisiautoa ja ambulanssi. Kuva:\u00a0Lassi Rinne<\/p>\n<p class=\"article-body mb-nof-24 px-nof-16\">Veriteosta ep\u00e4ilty mies p\u00e4\u00e4tyi vuonna 2016 k\u00e4r\u00e4jill\u00e4 syytetyn penkille<a class=\"article-genericlink\" href=\"https:\/\/www.is.fi\/kotimaa\/art-2000001194967.html\" rel=\"nofollow noopener\" target=\"_blank\"> Iitin sorakuoppamurhasta<\/a>.<\/p>\n<p class=\"article-body mb-nof-24 px-nof-16\">Hirvenmets\u00e4st\u00e4j\u00e4t l\u00f6ysiv\u00e4t puolialastoman, vuonna 1990 syntyneen m\u00e4nts\u00e4l\u00e4l\u00e4ismiehen ruumiin sorakuopalta Kausalan taajaman tuntumasta lokakuisena sunnuntaiaamuna vuonna 2015.<\/p>\n<p class=\"article-body mb-nof-24 px-nof-16\">Lopulta kolme miest\u00e4 tuomittiin elinkautisiin murhasta, mutta Konalan taposta ep\u00e4illyn miehen syyte henkirikoksesta kaatui. Sen sijaan h\u00e4net tuomittiin puolen vuoden vankeuteen rikoksentekij\u00e4n suojelemisesta ja huumerikoksesta.<\/p>\n<p class=\"article-body mb-nof-24 px-nof-16\">Oikeus katsoi, ett\u00e4 mies oli ennen veritekoa j\u00e4\u00e4nyt huoltoasemalle Kausalaan eik\u00e4 osallistunut uhrin surmaamiseen. Kun mies j\u00e4i ABC:n pihaan, muu joukko l\u00e4hti kuskaamaan uhria reilun 7 kilometrin p\u00e4\u00e4h\u00e4n sorakuopalle.<\/p>\n<p class=\"article-body mb-nof-24 px-nof-16\">Matkalla kohti rikospaikkaa tekij\u00e4t ryhtyiv\u00e4t perim\u00e4\u00e4n uhrilta vanhaa velkaa, pahoinpiteliv\u00e4t t\u00e4t\u00e4 ja pakottivat riisuuntumaan. Uhrin puhelin viskattiin auton ikkunasta ulos.<\/p>\n<p class=\"article-body mb-nof-24 px-nof-16\">Sorakuopalla alkoi silmit\u00f6n v\u00e4kivalta. Surmaajat l\u00f6iv\u00e4t uhria 25 kertaa veitsell\u00e4 ja muun muassa potkivat h\u00e4nt\u00e4. Oikeuden mukaan v\u00e4kivalta kesti varsin pitk\u00e4\u00e4n. Uhri oli kuollut vasta noin puolta tuntia my\u00f6hemmin.<\/p>\n<p><img decoding=\"async\" src=\"https:\/\/www.europesays.com\/fi\/wp-content\/uploads\/2025\/12\/1765454411_171_468.jpg\" alt=\"Mets\u00e4st\u00e4j\u00e4t l\u00f6ysiv\u00e4t nuoren miehen ruumiin sorakuopalta syksyll\u00e4 2015. Oikeus katsoi Konalan taposta ep\u00e4illyn miehen suojelleen murhaajia.\" class=\"_Img_1rerz_1\" style=\"aspect-ratio:1.5\" loading=\"eager\"\/><\/p>\n<p class=\"article-picture-caption\">Mets\u00e4st\u00e4j\u00e4t l\u00f6ysiv\u00e4t nuoren miehen ruumiin sorakuopalta syksyll\u00e4 2015. Oikeus katsoi Konalan taposta ep\u00e4illyn miehen suojelleen murhaajia. Kuva:\u00a0Seppo Solmela<\/p>\n<p class=\"article-body mb-nof-24 px-nof-16\">Aamuy\u00f6n tunteina tekij\u00e4t yrittiv\u00e4t piilottaa ruumiin sorakuopalle laihoin tuloksin. He palasivat takaisin Kausalan ABC:lle, jossa t\u00e4t\u00e4 nyky\u00e4 33-vuotias mies odotti heit\u00e4 sovitusti.<\/p>\n<p class=\"article-body mb-nof-24 px-nof-16\">Joukko suuntasi autolla hiekkatielle ja sytytti nuotion, jossa poltettiin murhaan kytkeytyvi\u00e4 todisteita, kuten verisi\u00e4 vaatteita sek\u00e4 uhrin huppari, farkut ja kaulahuivi.<\/p>\n<p class=\"article-body mb-nof-24 px-nof-16\">Konalan taposta ep\u00e4ilty mies oli oikeuden mukaan auttanut veristen vaatteiden h\u00e4vitt\u00e4misess\u00e4 ja kohennellut nuotiotulta. Lis\u00e4ksi mies oli huomauttanut auton pinnassa n\u00e4kyvist\u00e4 verij\u00e4ljist\u00e4, jolloin yksi tekij\u00f6it\u00e4 oli pyyhk\u00e4issyt ne pois.<\/p>\n<p class=\"article-body mb-nof-24 px-nof-16\">Mies my\u00f6nsi syyllistyneens\u00e4 rikoksentekij\u00e4n suojelemiseen ja kertoi kyyditt\u00e4neens\u00e4 uhria Lahden ja M\u00e4nts\u00e4l\u00e4n v\u00e4lill\u00e4 ennen veritekoa. H\u00e4n v\u00e4itti, ettei h\u00e4nell\u00e4 ollut tietoa saati ep\u00e4ilyst\u00e4 siit\u00e4, mit\u00e4 muut tulisivat uhrille tekem\u00e4\u00e4n. Vasta my\u00f6hemmin mies oli tajunnut uhrin puuttuvan joukosta ja aavistaneensa, mit\u00e4 t\u00e4lle oli tapahtunut.<\/p>\n<p class=\"article-body mb-nof-24 px-nof-16\">Kuskina toiminut ja vaatteita polttanut mies sai teon j\u00e4lkeen bensarahaksi 20 euroa, jonka yksi surmaajista oli vienyt uhrilta.<\/p>\n<p class=\"article-body mb-nof-24 px-nof-16\">Oikeus piti tekoa vakaasti harkittuna, erityisen raakana ja julmana sek\u00e4 kokonaisuutena arvostellen t\u00f6rke\u00e4n\u00e4. Rikoskumppanit olivat oikeuden mielest\u00e4 toimineet yhteisymm\u00e4rryksess\u00e4 l\u00e4pi tapahtumien.<\/p>\n<p class=\"article-body mb-nof-24 px-nof-16\">\u2013 Kukaan ei ole pyrkinyt est\u00e4m\u00e4\u00e4n tekij\u00e4\u00e4, eik\u00e4 ole pyrkinyt auttamaan uhria, tuomiossa todettiin.<\/p>\n<p><img decoding=\"async\" src=\"https:\/\/www.europesays.com\/fi\/wp-content\/uploads\/2025\/12\/1765454412_391_468.jpg\" alt=\"Konalan henkirikos tapahtui t\u00e4ss\u00e4 talossa.\" class=\"_Img_1rerz_1\" style=\"aspect-ratio:1.5\" loading=\"eager\"\/><\/p>\n<p class=\"article-picture-caption\">Konalan henkirikos tapahtui t\u00e4ss\u00e4 talossa. Kuva:\u00a0Lassi Rinne<\/p>\n<p class=\"article-body mb-nof-24 px-nof-16\">Sittemmin mies on joutunut syytetyn penkille my\u00f6s useista muista vakavista v\u00e4kivaltarikoksista.<\/p>\n<p class=\"article-body mb-nof-24 px-nof-16\">Kev\u00e4ttalvella 2021 mies tuomittiin 1 vuoden 10 kuukauden vankeuteen t\u00f6rke\u00e4st\u00e4 pahoinpitelyst\u00e4 ja t\u00f6rke\u00e4st\u00e4 kiristyksest\u00e4 Haminassa. Mies oli paria vuotta aiemmin er\u00e4\u00e4n kerhotilan pihalla pahoinpidellyt kolmen muun kanssa miehen t\u00f6rke\u00e4ll\u00e4 tavalla.<\/p>\n<p class=\"article-body mb-nof-24 px-nof-16\">Uhri sai rajun v\u00e4kivallan seurauksena alaleuan kaksoismurtuman, k\u00e4simurtuman ja lukuisia muita ruhjeita muun muassa p\u00e4\u00e4h\u00e4n ja jaloihin. Konalan taposta ep\u00e4ilty mies ja h\u00e4nen rikoskumppaninsa olivat jo aiemmin ilmoittaneet uhrille, ett\u00e4 t\u00e4m\u00e4n pit\u00e4isi maksaa 10\u202f000 euroa tai uhrilta leikataan k\u00e4si irti kulmahiomakoneella.<\/p>\n<p class=\"article-body mb-nof-24 px-nof-16\">Kun virkavalta ryhtyi setvim\u00e4\u00e4n Haminan tapausta, mies ei osannut kertoa tapahtumista. H\u00e4n v\u00e4itti olleensa kotona vaimonsa kanssa.<\/p>\n<p class=\"article-body mb-nof-24 px-nof-16\">Niin ik\u00e4\u00e4n vuoden 2021 kes\u00e4ll\u00e4 mies tuomittiin hovissa 2 vuoden ja 1 kuukauden vankeuteen t\u00f6rke\u00e4st\u00e4 pahoinpitelyst\u00e4 ja t\u00f6rke\u00e4st\u00e4 vapaudenriistosta M\u00e4nts\u00e4l\u00e4ss\u00e4.<\/p>\n<p class=\"article-body mb-nof-24 px-nof-16\">Mies oli yhdess\u00e4 rikoskumppaninsa kanssa varustautunut puukolla, nyrkkiraudalla ja kirveell\u00e4 ja pakottanut uhriksi joutuneen miehen auton per\u00e4konttiin. My\u00f6hemmin v\u00e4kivaltaisuuksien j\u00e4lkeen uhri oli teljetty kerrostaloasunnon vessaan k\u00e4det ja jalat nippusiteill\u00e4 sidottuna. Kun uhri makasi vessan lattialla, tekij\u00e4t viel\u00e4 l\u00f6iv\u00e4t ja potkivat h\u00e4nt\u00e4 sek\u00e4 viilteliv\u00e4t puukolla jalkoihin.<\/p>\n<p class=\"article-body mb-nof-24 px-nof-16\">Virkavalta sai tapahtumista tiedon, kun nippusiteist\u00e4 itsens\u00e4 irti keplotellut uhri hoippui M\u00e4nts\u00e4l\u00e4ss\u00e4 sijaitsevalle grillikioskille. Kioskilta oli soitettu h\u00e4t\u00e4keskukseen ja uhri kiid\u00e4tetty sairaalaan.<\/p>\n<p class=\"article-body mb-nof-24 px-nof-16\">MArraskuussa 2021 mies tuomittiin hovioikeudessa 3 vuoden ja 4 kuukauden vuoden vankeuteen t\u00f6rke\u00e4st\u00e4 kotirauhan rikkomisesta, t\u00f6rke\u00e4st\u00e4 ry\u00f6st\u00f6st\u00e4, t\u00f6rke\u00e4st\u00e4 pahoinpitelyst\u00e4 ja t\u00f6rke\u00e4st\u00e4 vapaudenriistosta.<\/p>\n<p class=\"article-body mb-nof-24 px-nof-16\">T\u00e4ll\u00e4 er\u00e4\u00e4 miehen ja h\u00e4nen rikostovereidensa uhriksi joutui lahtelainen pariskunta, jonka kotiin joukko tunkeutui velanperinn\u00e4n merkeiss\u00e4 syksyll\u00e4 2020.<\/p>\n<p class=\"article-body mb-nof-24 px-nof-16\">Konalan taposta ep\u00e4ilty mies oli muun muassa iskenyt pariskunnan miest\u00e4 puukolla reiteen ja aiheuttanut t\u00e4lle leikkaushoitoa vaatineen hengenvaarallisen vamman.<\/p>\n","protected":false},"excerpt":{"rendered":"Kolmekymppinen mies sotkeutui nuorempana raakaan sorakuoppamurhaan. Vain muutama viikko sitten h\u00e4net laskettiin vapaalle jalalle odottamaan tuomiota tapon yrityksest\u00e4.&hellip;\n","protected":false},"author":2,"featured_media":113584,"comment_status":"","ping_status":"","sticky":false,"template":"","format":"standard","meta":{"footnotes":""},"categories":[12],"tags":[22,23,26,27,33,31,30,17,34,24,25,28,29,15,18,21,32,19,20,16],"class_list":{"0":"post-113583","1":"post","2":"type-post","3":"status-publish","4":"format-standard","5":"has-post-thumbnail","7":"category-suomi","8":"tag-breaking-news","9":"tag-breakingnews","10":"tag-featured-news","11":"tag-featurednews","12":"tag-fi","13":"tag-finland","14":"tag-finnish","15":"tag-headlines","16":"tag-ilta-sanomat","17":"tag-latest-news","18":"tag-latestnews","19":"tag-main-news","20":"tag-mainnews","21":"tag-news","22":"tag-otsikot","23":"tag-paauutiset","24":"tag-suomi","25":"tag-top-stories","26":"tag-topstories","27":"tag-uutiset"},"share_on_mastodon":{"url":"https:\/\/pubeurope.com\/@fi\/115700828167539454","error":""},"_links":{"self":[{"href":"https:\/\/www.europesays.com\/fi\/wp-json\/wp\/v2\/posts\/113583","targetHints":{"allow":["GET"]}}],"collection":[{"href":"https:\/\/www.europesays.com\/fi\/wp-json\/wp\/v2\/posts"}],"about":[{"href":"https:\/\/www.europesays.com\/fi\/wp-json\/wp\/v2\/types\/post"}],"author":[{"embeddable":true,"href":"https:\/\/www.europesays.com\/fi\/wp-json\/wp\/v2\/users\/2"}],"replies":[{"embeddable":true,"href":"https:\/\/www.europesays.com\/fi\/wp-json\/wp\/v2\/comments?post=113583"}],"version-history":[{"count":0,"href":"https:\/\/www.europesays.com\/fi\/wp-json\/wp\/v2\/posts\/113583\/revisions"}],"wp:featuredmedia":[{"embeddable":true,"href":"https:\/\/www.europesays.com\/fi\/wp-json\/wp\/v2\/media\/113584"}],"wp:attachment":[{"href":"https:\/\/www.europesays.com\/fi\/wp-json\/wp\/v2\/media?parent=113583"}],"wp:term":[{"taxonomy":"category","embeddable":true,"href":"https:\/\/www.europesays.com\/fi\/wp-json\/wp\/v2\/categories?post=113583"},{"taxonomy":"post_tag","embeddable":true,"href":"https:\/\/www.europesays.com\/fi\/wp-json\/wp\/v2\/tags?post=113583"}],"curies":[{"name":"wp","href":"https:\/\/api.w.org\/{rel}","templated":true}]}}