{"id":113591,"date":"2025-12-11T12:20:14","date_gmt":"2025-12-11T12:20:14","guid":{"rendered":"https:\/\/www.europesays.com\/fi\/113591\/"},"modified":"2025-12-11T12:20:14","modified_gmt":"2025-12-11T12:20:14","slug":"mies-herasi-koomasta-ja-lausui-odottamattomat-sanat-upea-paivitys","status":"publish","type":"post","link":"https:\/\/www.europesays.com\/fi\/113591\/","title":{"rendered":"Mies her\u00e4si koomasta ja lausui odottamattomat sanat \u2013 Upea p\u00e4ivitys"},"content":{"rendered":"<p>Radek Cermak el\u00e4\u00e4 j\u00e4lleen t\u00e4ytt\u00e4 el\u00e4m\u00e4\u00e4.<\/p>\n<p><img decoding=\"async\" class=\"image image-show image-preview\" src=\"https:\/\/www.europesays.com\/fi\/wp-content\/uploads\/2025\/12\/77de4f88910f2657f4f07921b31f50c931ff0def4fd0b5ad561256c1d60df960.jpg\" alt=\"\"\/><img decoding=\"async\" class=\"image image-show\" src=\"https:\/\/www.europesays.com\/fi\/wp-content\/uploads\/2025\/12\/1765455613_191_77de4f88910f2657f4f07921b31f50c931ff0def4fd0b5ad561256c1d60df960.jpg\" alt=\"\"\/><\/p>\n<p>Nopeuslasku on hurjan n\u00e4k\u00f6inen laji. T\u00e4ss\u00e4 Radek Cermakin tyylin\u00e4yte. AOP<\/p>\n<p class=\"paragraph\">Nopeuslaskija <strong>Radek Cermakin<\/strong> el\u00e4m\u00e4ss\u00e4 n\u00e4kyy j\u00e4lleen valonpilkahduksia.<\/p>\n<p class=\"paragraph\">Syksyll\u00e4 2023 t\u0161ekkil\u00e4inen huippunimi joutui omassa puutarhassaan <a href=\"https:\/\/www.iltalehti.fi\/talviurheilu\/45b43262-7300-45af-9348-8eba5d4b6d68\" rel=\"nofollow noopener\" target=\"_blank\">onnettomuuteen<\/a>. H\u00e4n sai aivoverenvuodon ja joutui yli 40 p\u00e4iv\u00e4ksi koomaan.<\/p>\n<p class=\"paragraph\">Viime kev\u00e4\u00e4n\u00e4 <a href=\"https:\/\/www.sport.cz\/clanek\/zimni-sporty-lyzovani-pres-40-dnu-lezel-v-komatu-ted-opet-zavodil-doktori-jsou-andele-smeka-cesky-lyzar-5212218\" target=\"_blank\" rel=\"noopener nofollow\">Sport.cz<\/a> uutisoi Cermakin rajusta kuntoutusprosessista. H\u00e4nen t\u00e4ytyi opetella k\u00e4velem\u00e4\u00e4n ja jopa k\u00e4ytt\u00e4m\u00e4\u00e4n kasvojensa lihaksia uudelleen.<\/p>\n<p class=\"paragraph\">Koomasta her\u00e4tty\u00e4\u00e4n Cermak kysyi yll\u00e4tt\u00e4en, miss\u00e4 h\u00e4nen suksensa ovat.<\/p>\n<p class=\"paragraph\">Nyt perheenis\u00e4 on julkaissut Instagramissa liikuttavia kuvia, joissa h\u00e4n on palannut rinteeseen perheens\u00e4 kanssa. Sukset ovat l\u00f6ytyneet.<\/p>\n<p class=\"paragraph\">\u2013 Tykk\u00e4\u00e4n tulla t\u00e4nne milloin tahansa. T\u00e4m\u00e4 on paikka, jossa tytt\u00e4rest\u00e4ni tuli laskettelija, Cermak hehkuttaa syd\u00e4nemojien kera.<\/p>\n<p class=\"paragraph\">K\u00e4velykykyns\u00e4 hetkellisesti menett\u00e4nyt laskija on k\u00e4ynyt talven aikana my\u00f6s vaellusreissulla yst\u00e4viens\u00e4 kanssa.<\/p>\n<p class=\"paragraph\">Cermak on palannut pikkuhiljaa my\u00f6s leip\u00e4lajinsa pariin. H\u00e4n oli huippuvuosinaan vakiokasvo nopeuslaskun maailmancupissa.<\/p>\n<p class=\"paragraph\">Parhaimmillaan h\u00e4n tykitti rinnett\u00e4 alas 243 kilometrin tuntinopeudella. Se kirjattiin tuolloin T\u0161ekin enn\u00e4tykseksi.<\/p>\n<p><a href=\"https:\/\/www.iltalehti.fi\/telkku\/?utm_source=iltalehti.fi&amp;utm_medium=almainternal&amp;utm_campaign=urheilu_artikkelibanneri&amp;utm_content=banner_612_a\" rel=\"nofollow noopener\" target=\"_blank\"><img decoding=\"async\" src=\"https:\/\/www.europesays.com\/fi\/wp-content\/uploads\/2025\/08\/7ef604e47d46ca174b7df4149bd3557dbde56a86d520f8e1b2125548b0a2e03a.png\" alt=\"TV-ohjelmat t\u00e4n\u00e4\u00e4n, TV-opas\"\/><\/a><\/p>\n","protected":false},"excerpt":{"rendered":"Radek Cermak el\u00e4\u00e4 j\u00e4lleen t\u00e4ytt\u00e4 el\u00e4m\u00e4\u00e4. Nopeuslasku on hurjan n\u00e4k\u00f6inen laji. T\u00e4ss\u00e4 Radek Cermakin tyylin\u00e4yte. AOP Nopeuslaskija Radek&hellip;\n","protected":false},"author":2,"featured_media":113592,"comment_status":"","ping_status":"","sticky":false,"template":"","format":"standard","meta":{"footnotes":""},"categories":[158],"tags":[35,33,31,30,2096,41,2668,159,32,1145,167,160],"class_list":{"0":"post-113591","1":"post","2":"type-post","3":"status-publish","4":"format-standard","5":"has-post-thumbnail","7":"category-urheilu","8":"tag-24h","9":"tag-fi","10":"tag-finland","11":"tag-finnish","12":"tag-hiihtolajit","13":"tag-liikunta-ja-urheilu","14":"tag-pohjoismaiset-hiihtolajit","15":"tag-sports","16":"tag-suomi","17":"tag-talviurheilu","18":"tag-terveys","19":"tag-urheilu"},"share_on_mastodon":{"url":"https:\/\/pubeurope.com\/@fi\/115700906562053333","error":""},"_links":{"self":[{"href":"https:\/\/www.europesays.com\/fi\/wp-json\/wp\/v2\/posts\/113591","targetHints":{"allow":["GET"]}}],"collection":[{"href":"https:\/\/www.europesays.com\/fi\/wp-json\/wp\/v2\/posts"}],"about":[{"href":"https:\/\/www.europesays.com\/fi\/wp-json\/wp\/v2\/types\/post"}],"author":[{"embeddable":true,"href":"https:\/\/www.europesays.com\/fi\/wp-json\/wp\/v2\/users\/2"}],"replies":[{"embeddable":true,"href":"https:\/\/www.europesays.com\/fi\/wp-json\/wp\/v2\/comments?post=113591"}],"version-history":[{"count":0,"href":"https:\/\/www.europesays.com\/fi\/wp-json\/wp\/v2\/posts\/113591\/revisions"}],"wp:featuredmedia":[{"embeddable":true,"href":"https:\/\/www.europesays.com\/fi\/wp-json\/wp\/v2\/media\/113592"}],"wp:attachment":[{"href":"https:\/\/www.europesays.com\/fi\/wp-json\/wp\/v2\/media?parent=113591"}],"wp:term":[{"taxonomy":"category","embeddable":true,"href":"https:\/\/www.europesays.com\/fi\/wp-json\/wp\/v2\/categories?post=113591"},{"taxonomy":"post_tag","embeddable":true,"href":"https:\/\/www.europesays.com\/fi\/wp-json\/wp\/v2\/tags?post=113591"}],"curies":[{"name":"wp","href":"https:\/\/api.w.org\/{rel}","templated":true}]}}