{"id":113600,"date":"2025-12-11T12:26:09","date_gmt":"2025-12-11T12:26:09","guid":{"rendered":"https:\/\/www.europesays.com\/fi\/113600\/"},"modified":"2025-12-11T12:26:09","modified_gmt":"2025-12-11T12:26:09","slug":"murhaaja-raiskaaja-tuomas-salmiselle-taystyrmays","status":"publish","type":"post","link":"https:\/\/www.europesays.com\/fi\/113600\/","title":{"rendered":"Murhaaja-raiskaaja Tuomas Salmiselle t\u00e4ystyrm\u00e4ys"},"content":{"rendered":"<p>Salminen haki valituslupaa korkeimmasta oikeudesta (KKO) murhatuomioonsa.<\/p>\n<p><img decoding=\"async\" class=\"image image-show image-preview\" src=\"https:\/\/www.europesays.com\/fi\/wp-content\/uploads\/2025\/12\/e7447505aa1ad49da43fac8c569aab0440db4a1f08fb404b68f606a8b82b2652.jpg\" alt=\"\"\/><img decoding=\"async\" class=\"image image-show\" src=\"https:\/\/www.europesays.com\/fi\/wp-content\/uploads\/2025\/12\/1765455969_661_e7447505aa1ad49da43fac8c569aab0440db4a1f08fb404b68f606a8b82b2652.jpg\" alt=\"\"\/><\/p>\n<p>Tuomas Salminen piilotteli kasvojaan l\u00e4pi rikos- ja oikeusprosessin. Kuva vangitsemisistunnosta toukokuulta 2024. Miia Siren<\/p>\n<p class=\"paragraph\">Korkein oikeus (KKO) ei my\u00f6nn\u00e4 jatkok\u00e4sittelylupaa 15-vuotiaan <strong>Vendin<\/strong> murhanneelle <strong>Tuomas Salmiselle<\/strong>.<\/p>\n<p class=\"paragraph\">Salminen raiskasi ja murhasi 15-vuotiaan tyt\u00f6n Valkeakoskella 25. toukokuuta 2024. Pirkanmaan k\u00e4r\u00e4j\u00e4oikeus tuomitsi Salminen elinkautiseen murhasta ja t\u00f6rke\u00e4st\u00e4 lapsenraiskauksesta 3. lokakuuta 2024. Turun hovioikeus piti tuomion voimassa t\u00e4m\u00e4n vuoden hein\u00e4kuussa antamallaan ratkaisulla.<\/p>\n<p class=\"paragraph\">Salminen haki viel\u00e4 KKO:sta valituslupaa, mutta oikeus ei heltynyt t\u00e4h\u00e4n pyynt\u00f6\u00f6n. Niinp\u00e4 hovioikeuden tuomio j\u00e4\u00e4 pysyv\u00e4ksi.<\/p>\n<p class=\"paragraph\">Uutinen p\u00e4ivittyy.<\/p>\n","protected":false},"excerpt":{"rendered":"Salminen haki valituslupaa korkeimmasta oikeudesta (KKO) murhatuomioonsa. Tuomas Salminen piilotteli kasvojaan l\u00e4pi rikos- ja oikeusprosessin. Kuva vangitsemisistunnosta toukokuulta&hellip;\n","protected":false},"author":2,"featured_media":113601,"comment_status":"","ping_status":"","sticky":false,"template":"","format":"standard","meta":{"footnotes":""},"categories":[12],"tags":[35,22,23,26,27,33,31,30,17,53,24,25,28,29,15,18,21,38,32,19,20,16,40,37],"class_list":{"0":"post-113600","1":"post","2":"type-post","3":"status-publish","4":"format-standard","5":"has-post-thumbnail","7":"category-suomi","8":"tag-24h","9":"tag-breaking-news","10":"tag-breakingnews","11":"tag-featured-news","12":"tag-featurednews","13":"tag-fi","14":"tag-finland","15":"tag-finnish","16":"tag-headlines","17":"tag-laki-oikeus-ja-rikos","18":"tag-latest-news","19":"tag-latestnews","20":"tag-main-news","21":"tag-mainnews","22":"tag-news","23":"tag-otsikot","24":"tag-paauutiset","25":"tag-rikos","26":"tag-suomi","27":"tag-top-stories","28":"tag-topstories","29":"tag-uutiset","30":"tag-vakivalta","31":"tag-vakivaltarikokset"},"share_on_mastodon":{"url":"https:\/\/pubeurope.com\/@fi\/115700930235331981","error":""},"_links":{"self":[{"href":"https:\/\/www.europesays.com\/fi\/wp-json\/wp\/v2\/posts\/113600","targetHints":{"allow":["GET"]}}],"collection":[{"href":"https:\/\/www.europesays.com\/fi\/wp-json\/wp\/v2\/posts"}],"about":[{"href":"https:\/\/www.europesays.com\/fi\/wp-json\/wp\/v2\/types\/post"}],"author":[{"embeddable":true,"href":"https:\/\/www.europesays.com\/fi\/wp-json\/wp\/v2\/users\/2"}],"replies":[{"embeddable":true,"href":"https:\/\/www.europesays.com\/fi\/wp-json\/wp\/v2\/comments?post=113600"}],"version-history":[{"count":0,"href":"https:\/\/www.europesays.com\/fi\/wp-json\/wp\/v2\/posts\/113600\/revisions"}],"wp:featuredmedia":[{"embeddable":true,"href":"https:\/\/www.europesays.com\/fi\/wp-json\/wp\/v2\/media\/113601"}],"wp:attachment":[{"href":"https:\/\/www.europesays.com\/fi\/wp-json\/wp\/v2\/media?parent=113600"}],"wp:term":[{"taxonomy":"category","embeddable":true,"href":"https:\/\/www.europesays.com\/fi\/wp-json\/wp\/v2\/categories?post=113600"},{"taxonomy":"post_tag","embeddable":true,"href":"https:\/\/www.europesays.com\/fi\/wp-json\/wp\/v2\/tags?post=113600"}],"curies":[{"name":"wp","href":"https:\/\/api.w.org\/{rel}","templated":true}]}}