{"id":113603,"date":"2025-12-11T12:32:09","date_gmt":"2025-12-11T12:32:09","guid":{"rendered":"https:\/\/www.europesays.com\/fi\/113603\/"},"modified":"2025-12-11T12:32:09","modified_gmt":"2025-12-11T12:32:09","slug":"agronomiliitto-ja-loimu-yhdistyvat-vuoden-2026-alusta","status":"publish","type":"post","link":"https:\/\/www.europesays.com\/fi\/113603\/","title":{"rendered":"Agronomiliitto ja Loimu yhdistyv\u00e4t vuoden 2026 alusta"},"content":{"rendered":"<p>Vuoden 2025 aikana neuvoteltu Agronomiliiton ja Loimun yhdistyminen tulee voimaan, kun Agronomiliiton j\u00e4senet liittyv\u00e4t 1.1.2026 Loimuun. Loimu toimii jatkossa my\u00f6s ruoka-alan korkeasti koulutettujen asiantuntijoiden akavalaisena ammattij\u00e4rjest\u00f6n\u00e4. Liittyv\u00e4t j\u00e4senet saavat kaikki ty\u00f6- ja virkasuhteisiin liittyv\u00e4t neuvonta- ja lakipalvelut sek\u00e4 urapalvelut Loimusta.<\/p>\n<p>Jatkossa Loimu edustaa my\u00f6s ruoka-alan j\u00e4seni\u00e4 edunvalvontaty\u00f6ss\u00e4 ja ty\u00f6markkinaneuvotteluissa yksityisell\u00e4 sektorilla Ylemm\u00e4t toimihenkil\u00f6t YTN:ss\u00e4 sek\u00e4 valtio-, kunta-, sote- ja yliopistosektoreilla Julkisalan koulutettujen neuvotteluj\u00e4rjest\u00f6 JUKOssa, samoin kuin Akavassa. My\u00f6s opiskelijatoiminta jatkuu Loimussa kaikilla kampuksilla.<\/p>\n<p>Loimun palvelukseen siirtyy Agronomiliiton toimistolta nelj\u00e4 henkil\u00f6\u00e4 sek\u00e4 kolme osa-aikaista kampuspromoottoria.<\/p>\n<p>Yhdistymisen j\u00e4lkeen Loimulla on noin 23 000 j\u00e4sent\u00e4, ja se on edelleen Akavan yhdeks\u00e4nneksi suurin j\u00e4senj\u00e4rjest\u00f6.<\/p>\n<p><strong>Loimun virallinen nimi muuttuu<\/strong><\/p>\n<p>Yhdistymisen my\u00f6t\u00e4 Luonnon-, ymp\u00e4rist\u00f6- ja mets\u00e4tieteilij\u00f6iden liitto Loimun virallinen nimi on 1.1.2026 alkaen Loimu \u2013 Luonnon-, ymp\u00e4rist\u00f6- ja mets\u00e4tieteilij\u00f6iden sek\u00e4 ruoka-alan korkeakoulutettujen liitto ry. Ruotsinkielinen nimi on Loimu \u2013 F\u00f6rbundet f\u00f6r natur-, milj\u00f6- och skogsvetare samt livsmedelsbranschens h\u00f6gskoleutbildade rf.<\/p>\n<p>Kansainv\u00e4lisiss\u00e4 yhteyksiss\u00e4 Loimusta voidaan k\u00e4ytt\u00e4\u00e4 ep\u00e4virallista englanninkielist\u00e4 nime\u00e4: Loimu, Union of Professionals in Natural, Environmental, Food and Forestry Sciences.<\/p>\n<p>Uudistunut liittomme k\u00e4ytt\u00e4\u00e4 jatkossa Loimu-nime\u00e4 ilman pitk\u00e4\u00e4 m\u00e4\u00e4riteosaa.<\/p>\n<p><strong>Agronomiliiton rooli muuttuu<\/strong><\/p>\n<p>Agronomiliitto jatkaa itsen\u00e4isen\u00e4 ruoka-alan vaikuttajana ja viestij\u00e4n\u00e4, vahvistaen ruoka-alan tunnettuutta ja kasvun edellytyksi\u00e4. Se on samalla Loimun j\u00e4senyhdistys.<\/p>\n<p>Nykyisen Agronomiliiton j\u00e4senj\u00e4rjest\u00f6ist\u00e4 osa on jo liittynyt Loimun j\u00e4senyhdistyksiksi.<\/p>\n<p><strong>Lis\u00e4tietoja<\/strong>:<\/p>\n","protected":false},"excerpt":{"rendered":"Vuoden 2025 aikana neuvoteltu Agronomiliiton ja Loimun yhdistyminen tulee voimaan, kun Agronomiliiton j\u00e4senet liittyv\u00e4t 1.1.2026 Loimuun. Loimu toimii&hellip;\n","protected":false},"author":2,"featured_media":25280,"comment_status":"","ping_status":"","sticky":false,"template":"","format":"standard","meta":{"footnotes":""},"categories":[113],"tags":[446,33,31,30,118,32,119,447],"class_list":{"0":"post-113603","1":"post","2":"type-post","3":"status-publish","4":"format-standard","5":"has-post-thumbnail","7":"category-ymparisto","8":"tag-environment","9":"tag-fi","10":"tag-finland","11":"tag-finnish","12":"tag-science","13":"tag-suomi","14":"tag-tiede","15":"tag-ymparisto"},"share_on_mastodon":{"url":"https:\/\/pubeurope.com\/@fi\/115700953414835562","error":""},"_links":{"self":[{"href":"https:\/\/www.europesays.com\/fi\/wp-json\/wp\/v2\/posts\/113603","targetHints":{"allow":["GET"]}}],"collection":[{"href":"https:\/\/www.europesays.com\/fi\/wp-json\/wp\/v2\/posts"}],"about":[{"href":"https:\/\/www.europesays.com\/fi\/wp-json\/wp\/v2\/types\/post"}],"author":[{"embeddable":true,"href":"https:\/\/www.europesays.com\/fi\/wp-json\/wp\/v2\/users\/2"}],"replies":[{"embeddable":true,"href":"https:\/\/www.europesays.com\/fi\/wp-json\/wp\/v2\/comments?post=113603"}],"version-history":[{"count":0,"href":"https:\/\/www.europesays.com\/fi\/wp-json\/wp\/v2\/posts\/113603\/revisions"}],"wp:featuredmedia":[{"embeddable":true,"href":"https:\/\/www.europesays.com\/fi\/wp-json\/wp\/v2\/media\/25280"}],"wp:attachment":[{"href":"https:\/\/www.europesays.com\/fi\/wp-json\/wp\/v2\/media?parent=113603"}],"wp:term":[{"taxonomy":"category","embeddable":true,"href":"https:\/\/www.europesays.com\/fi\/wp-json\/wp\/v2\/categories?post=113603"},{"taxonomy":"post_tag","embeddable":true,"href":"https:\/\/www.europesays.com\/fi\/wp-json\/wp\/v2\/tags?post=113603"}],"curies":[{"name":"wp","href":"https:\/\/api.w.org\/{rel}","templated":true}]}}